{"id":39808,"date":"2023-06-20T00:13:50","date_gmt":"2023-06-19T23:13:50","guid":{"rendered":"https:\/\/femepa.org\/web\/?p=39808"},"modified":"2024-08-29T20:16:50","modified_gmt":"2024-08-29T19:16:50","slug":"test","status":"publish","type":"post","link":"https:\/\/femepa.org\/web\/test\/","title":{"rendered":"AIELPA celebra su tradicional Fiesta de la Luz y su 45\u00ba aniversario"},"content":{"rendered":"<p style=\"text-align: left\">El pasado 9 de Junio tuvo lugar en la Terraza TAO de las Palmas de Gran Canaria, una nueva edici\u00f3n de la \u201dFIESTA DE LA LUZ\u201d; evento de &#8220;Hermandad del Sector de la Electricidad y las Telecomunicaciones&#8221;.<\/p>\n<p>Cerca de 300 profesionales, entre instaladores, fabricantes, almacenistas, colegios profesionales y representantes de la Direccion General de Energ\u00eda y de otras instituciones del sector se dieron cita en una nueva edici\u00f3n de este evento que ya es una tradici\u00f3n en nuestra capital.<\/p>\n<p>Despu\u00e9s de tres a\u00f1os sin haber podido celebrarlo, AIELPA volvi\u00f3 a congregar a much\u00edsimas personas en otro \u00e9xito de convocatoria y de organizaci\u00f3n. Asistentes de Lanzarote, Fuerteventura, Tenerife e incluso de varios puntos de la pen\u00ednsula, no quisieron perderse la reedici\u00f3n de este evento.<\/p>\n<p>Durante el evento se aprovech\u00f3 para celebrar los 45 a\u00f1os que lleva constituida AIELPA y adem\u00e1s para reconocer por parte del presidente V\u00edctor S\u00e1nchez a dos exdirectivos de la asociaci\u00f3n, Manuel Quintana y Miguel \u00c1ngel Moreno su labor en la misma y en el sector. A este \u00faltimo se le concedi\u00f3 adem\u00e1s la medalla de oro de la asociaci\u00f3n, en agradecimiento a su buen hacer en general y en particular a su proyecto formativo sobre seguridad en el sector de la electricidad.<\/p>\n<p>Desde AIELPA, y a trav\u00e9s de estas l\u00edneas, quieren hacer extensivo su agradecimiento a todas las marcas patrocinadoras y colaboradoras con este evento.<\/p>\n<p>VER VIDEO <a href=\"https:\/\/youtu.be\/WgQMrF3LW2c\">PINCHAR AQU\u00cd<\/a><\/p>\n<p>VER GALER\u00cdA FOTOGR\u00c1FICA <a href=\"https:\/\/flic.kr\/s\/aHBqjAJfNN\">PINCHAR AQU\u00cd\u00a0<\/a><\/p>\n","protected":false},"excerpt":{"rendered":"<p>El pasado 9 de Junio tuvo lugar en la Terraza TAO de las Palmas de Gran Canaria, una nueva edici\u00f3n de la \u201dFIESTA DE LA LUZ\u201d; evento de &#8220;Hermandad del Sector de la Electricidad y las Telecomunicaciones&#8221;. Cerca de 300 profesionales, entre instaladores, fabricantes, almacenistas, colegios profesionales y representantes de la Direccion General de Energ\u00eda [&hellip;]<\/p>\n","protected":false},"author":4,"featured_media":39806,"comment_status":"closed","ping_status":"closed","sticky":false,"template":"","format":"standard","meta":{"_acf_changed":false,"rs_blank_template":"","rs_page_bg_color":"","slide_template_v7":"","footnotes":""},"categories":[3199,3201],"tags":[2833,125],"class_list":["post-39808","post","type-post","status-publish","format-standard","has-post-thumbnail","hentry","category-3199","category-archivados","tag-45-aniversario-de-aielpa","tag-aielpa"],"acf":[],"_links":{"self":[{"href":"https:\/\/femepa.org\/web\/wp-json\/wp\/v2\/posts\/39808","targetHints":{"allow":["GET"]}}],"collection":[{"href":"https:\/\/femepa.org\/web\/wp-json\/wp\/v2\/posts"}],"about":[{"href":"https:\/\/femepa.org\/web\/wp-json\/wp\/v2\/types\/post"}],"author":[{"embeddable":true,"href":"https:\/\/femepa.org\/web\/wp-json\/wp\/v2\/users\/4"}],"replies":[{"embeddable":true,"href":"https:\/\/femepa.org\/web\/wp-json\/wp\/v2\/comments?post=39808"}],"version-history":[{"count":1,"href":"https:\/\/femepa.org\/web\/wp-json\/wp\/v2\/posts\/39808\/revisions"}],"predecessor-version":[{"id":45992,"href":"https:\/\/femepa.org\/web\/wp-json\/wp\/v2\/posts\/39808\/revisions\/45992"}],"wp:featuredmedia":[{"embeddable":true,"href":"https:\/\/femepa.org\/web\/wp-json\/wp\/v2\/media\/39806"}],"wp:attachment":[{"href":"https:\/\/femepa.org\/web\/wp-json\/wp\/v2\/media?parent=39808"}],"wp:term":[{"taxonomy":"category","embeddable":true,"href":"https:\/\/femepa.org\/web\/wp-json\/wp\/v2\/categories?post=39808"},{"taxonomy":"post_tag","embeddable":true,"href":"https:\/\/femepa.org\/web\/wp-json\/wp\/v2\/tags?post=39808"}],"curies":[{"name":"wp","href":"https:\/\/api.w.org\/{rel}","templated":true}]}}