{"id":40151,"date":"2023-09-01T11:55:17","date_gmt":"2023-09-01T10:55:17","guid":{"rendered":"https:\/\/femepa.org\/web\/?p=40151"},"modified":"2024-08-29T20:15:04","modified_gmt":"2024-08-29T19:15:04","slug":"invitacion-al-international-symposium-on-nuclear-fusion-technology-gran-canaria-12-de-septiembre","status":"publish","type":"post","link":"https:\/\/femepa.org\/web\/invitacion-al-international-symposium-on-nuclear-fusion-technology-gran-canaria-12-de-septiembre\/","title":{"rendered":"Invitaci\u00f3n al International Symposium on Nuclear Fusion Technology, Gran Canaria 12 de septiembre"},"content":{"rendered":"\n<p>PROEXCA invita a participar al empresariado asociado a Femepa en el&nbsp;<strong>International Symposium on Fusion Nuclear Technology<\/strong>, el <strong><a href=\"https:\/\/isfnt2023.com\/\">ISFNT15<\/a><\/strong>, que tendr\u00e1 lugar en <strong>Gran Canaria entre el 10 y el 15 de septiembre en el Auditorio Alfredo Kraus<\/strong>. Este evento que tenemos la suerte de que se celebre en las islas es una oportunidad \u00fanica de conocer varios de los proyectos de big science europeos de importancia estrat\u00e9gica en el \u00e1mbito de la transici\u00f3n energ\u00e9tica.&nbsp;<\/p>\n\n\n\n<div style=\"height:9px\" aria-hidden=\"true\" class=\"wp-block-spacer\"><\/div>\n\n\n\n<p>El principal proyecto transnacional que lidera el consorcio europeo es el de la construcci\u00f3n de un reactor de fusi\u00f3n, incluyendo todos sus sistemas auxiliares, que actualmente se construye en Francia, denominado<a href=\"https:\/\/www.iter.org\/\"> <strong>ITER<\/strong><\/a>, (<strong>I<\/strong>nternational <strong>T<\/strong>hermonuclear <strong>E<\/strong>xperimental <strong>R<\/strong>eactor, en espa\u00f1ol Reactor Termonuclear Experimental Internacional), siglas que coinciden con la infraestructura de investigaci\u00f3n que tenemos en la isla de Tenerife, el <strong><a href=\"https:\/\/www.iter.es\/\">Instituto Tecnol\u00f3gico y de Energ\u00edas Renovables<\/a><\/strong>, pero que no est\u00e1n relacionados entre s\u00ed.<\/p>\n\n\n\n<div style=\"height:9px\" aria-hidden=\"true\" class=\"wp-block-spacer\"><\/div>\n\n\n\n<p>Dado que se trata de un concepto novedoso y complejo he escogido el siguiente <strong><a href=\"https:\/\/www.youtube.com\/watch?v=TTeIxHTLbHY\">v\u00eddeo<\/a><\/strong> de RTVE &nbsp;para que puedan conocer la diferencia entre la tecnolog\u00eda de fusi\u00f3n y la de fisi\u00f3n de manera sencilla.&nbsp;<\/p>\n\n\n\n<div style=\"height:9px\" aria-hidden=\"true\" class=\"wp-block-spacer\"><\/div>\n\n\n\n<p>En el marco del ISFNT15 tambi\u00e9n tendremos la oportunidad de conocer la construcci\u00f3n de otras m\u00e1quinas que se est\u00e1n dise\u00f1ando y construyendo a nivel internacional (DTT, DEMO) y una infraestructura muy importante: IFMIF-DONES. Esta \u00faltima estar\u00e1 <strong>ubicada en Granada, por lo que es especialmente relevante para la industria espa\u00f1ola<\/strong>. Ser\u00e1 un acelerador de part\u00edculas para el testeo de materiales de fusi\u00f3n en condiciones extremas, \u00fanico en el mundo y con unas caracter\u00edsticas muy peculiares. Pueden conocer el proyecto aqu\u00ed: <strong><a href=\"https:\/\/ifmif-dones.es\/es\/\">DONES<\/a><\/strong>.&nbsp;<\/p>\n\n\n\n<div style=\"height:9px\" aria-hidden=\"true\" class=\"wp-block-spacer\"><\/div>\n\n\n\n<p><strong>El ISFNT15 estar\u00e1 apoyado en esta edici\u00f3n desde el Gobierno de Canarias a trav\u00e9s de la ACIISI y PROEXCA:&nbsp;<\/strong><\/p>\n\n\n\n<div style=\"height:9px\" aria-hidden=\"true\" class=\"wp-block-spacer\"><\/div>\n\n\n\n<p>Desde la ACIISI se apoya la organizaci\u00f3n de reuniones paralelas en torno a la investigaci\u00f3n en fusi\u00f3n inercial, as\u00ed como en un debate sobre las oportunidades educacionales y de desarrollo profesional en la fusi\u00f3n, y desde PROEXCA apoyamos el <strong><a href=\"https:\/\/isfnt2023.com\/industry-info-day\">Industry Info Day<\/a><\/strong>, que tendr\u00e1 lugar el martes 12\/09 a partir de las 11 de la ma\u00f1ana. El objetivo de este espacio, que ha dise\u00f1ado el CDTI para el programa, es dar a conocer las oportunidades comerciales, proyectos y l\u00edneas de &nbsp;financiaci\u00f3n para las empresas internacionales que tienen productos y soluciones aplicables a la actividad de fusi\u00f3n.&nbsp;<\/p>\n\n\n\n<div style=\"height:9px\" aria-hidden=\"true\" class=\"wp-block-spacer\"><\/div>\n\n\n\n<p><strong>En PROEXCA creemos que esta es una oportunidad para empresas canarias de beneficiarse de todo este conocimiento y relaciones profesionales, especialmente en los sectores y actividades de la I+D+i, big data, inteligencia artificial, realidad aumentada y otras tecnolog\u00edas de desarrollo software, aeron\u00e1utico-aeroespacial, startups y marino mar\u00edtimo.<\/strong><\/p>\n\n\n\n<div style=\"height:9px\" aria-hidden=\"true\" class=\"wp-block-spacer\"><\/div>\n\n\n\n<p><strong>Por este motivo hemos preparado una acci\u00f3n espec\u00edfica dirigida a ustedes que les permitir\u00e1 tener acceso a:<\/strong><\/p>\n\n\n\n<div style=\"height:9px\" aria-hidden=\"true\" class=\"wp-block-spacer\"><\/div>\n\n\n\n<p>&#8211; la entrada e inscripci\u00f3n<br \/>&#8211; reuni\u00f3n con los interlocutores de CDTI encargados de las l\u00edneas de financiaci\u00f3n&nbsp;<br \/>&#8211; coffee break networking organizado por el ICEX para que las empresas espa\u00f1olas asistentes contacten con los principales interlocutores de los proyectos.<\/p>\n\n\n\n<div style=\"height:9px\" aria-hidden=\"true\" class=\"wp-block-spacer\"><\/div>\n\n\n\n<p>Tenemos m\u00e1s informaci\u00f3n sobre las universidades, centros de investigaci\u00f3n y empresas que asistir\u00e1n al evento. Si les interesa basta con solicitarla en respuesta a este email.<\/p>\n\n\n\n<div style=\"height:9px\" aria-hidden=\"true\" class=\"wp-block-spacer\"><\/div>\n\n\n\n<p>Las empresas que est\u00e9n interesadas en participar en la misi\u00f3n de PROEXCA pueden inscribirse<a href=\"https:\/\/isfnt2023.com\/industry-info-day-proexca\"><\/a>\u00a0<strong><a href=\"http:\/\/isfnt2023.com\/industry-info-day-proexca\">AQU\u00cd<\/a><\/strong><\/p>\n","protected":false},"excerpt":{"rendered":"<p>PROEXCA invita a participar al empresariado asociado a Femepa en el&nbsp;International Symposium on Fusion Nuclear Technology, el ISFNT15, que tendr\u00e1 lugar en Gran Canaria entre el 10 y el 15 de septiembre en el Auditorio Alfredo Kraus. Este evento que tenemos la suerte de que se celebre en las islas es una oportunidad \u00fanica de [&hellip;]<\/p>\n","protected":false},"author":4,"featured_media":40155,"comment_status":"closed","ping_status":"closed","sticky":false,"template":"","format":"standard","meta":{"_acf_changed":false,"rs_blank_template":"","rs_page_bg_color":"","slide_template_v7":"","footnotes":""},"categories":[3199,3201],"tags":[2876,64,2877,567,249],"class_list":["post-40151","post","type-post","status-publish","format-standard","has-post-thumbnail","hentry","category-3199","category-archivados","tag-energia-nuclear","tag-femepa","tag-isfnt15","tag-proexca","tag-pymes"],"acf":[],"_links":{"self":[{"href":"https:\/\/femepa.org\/web\/wp-json\/wp\/v2\/posts\/40151","targetHints":{"allow":["GET"]}}],"collection":[{"href":"https:\/\/femepa.org\/web\/wp-json\/wp\/v2\/posts"}],"about":[{"href":"https:\/\/femepa.org\/web\/wp-json\/wp\/v2\/types\/post"}],"author":[{"embeddable":true,"href":"https:\/\/femepa.org\/web\/wp-json\/wp\/v2\/users\/4"}],"replies":[{"embeddable":true,"href":"https:\/\/femepa.org\/web\/wp-json\/wp\/v2\/comments?post=40151"}],"version-history":[{"count":1,"href":"https:\/\/femepa.org\/web\/wp-json\/wp\/v2\/posts\/40151\/revisions"}],"predecessor-version":[{"id":45964,"href":"https:\/\/femepa.org\/web\/wp-json\/wp\/v2\/posts\/40151\/revisions\/45964"}],"wp:featuredmedia":[{"embeddable":true,"href":"https:\/\/femepa.org\/web\/wp-json\/wp\/v2\/media\/40155"}],"wp:attachment":[{"href":"https:\/\/femepa.org\/web\/wp-json\/wp\/v2\/media?parent=40151"}],"wp:term":[{"taxonomy":"category","embeddable":true,"href":"https:\/\/femepa.org\/web\/wp-json\/wp\/v2\/categories?post=40151"},{"taxonomy":"post_tag","embeddable":true,"href":"https:\/\/femepa.org\/web\/wp-json\/wp\/v2\/tags?post=40151"}],"curies":[{"name":"wp","href":"https:\/\/api.w.org\/{rel}","templated":true}]}}