{"id":40270,"date":"2023-09-25T10:09:46","date_gmt":"2023-09-25T09:09:46","guid":{"rendered":"https:\/\/femepa.org\/web\/?p=40270"},"modified":"2024-08-29T20:14:34","modified_gmt":"2024-08-29T19:14:34","slug":"femepa-se-suma-a-la-campana-odsporbandera-promovida-por-el-pacto-mundial-de-la-onu-espana","status":"publish","type":"post","link":"https:\/\/femepa.org\/web\/femepa-se-suma-a-la-campana-odsporbandera-promovida-por-el-pacto-mundial-de-la-onu-espana\/","title":{"rendered":"FEMEPA se suma a la campa\u00f1a #ODSporbandera promovida por el Pacto Mundial de la ONU Espa\u00f1a"},"content":{"rendered":"\n<p class=\"has-text-align-justify\"><strong>El objetivo de la campa\u00f1a #ODSporbandera<\/strong> <strong>es<\/strong> <strong>que diferentes actores mundiales escenifiquen su compromiso con los Objetivos de Desarrollo Sostenible (ODS) en la fecha en que se cumple el ecuador de su vigencia.<\/strong><a><\/a><\/p>\n\n\n\n<div style=\"height:10px\" aria-hidden=\"true\" class=\"wp-block-spacer\"><\/div>\n\n\n\n<p class=\"has-text-align-justify\"><strong>La campa\u00f1a forma parte de la iniciativa internacional #Togetherforthesdgs impulsada por el Pacto Mundial de la ONU en la que participan varios pa\u00edses alrededor del mundo.<\/strong><strong><\/strong><\/p>\n\n\n\n<div style=\"height:10px\" aria-hidden=\"true\" class=\"wp-block-spacer\"><\/div>\n\n\n\n<p class=\"has-text-align-justify\">Con la intenci\u00f3n de reforzar p\u00fablicamente el valor de su compromiso con la Agenda 2030 de Naciones Unidas, FEMEPA se une a la campa\u00f1a <a href=\"http:\/\/www.odsporbandera.com\/\">#ODSporbandera<\/a> lanzada por <a href=\"..\/UAu6bqChvZF62mrZ\/pactomundial.org\">Pacto Mundial de ONU Espa\u00f1a<\/a>.&nbsp; La campa\u00f1a forma parte de la iniciativa internacional #Togetherforthesdgs impulsada por el Pacto Mundial de la ONU en la que participan varios pa\u00edses alrededor del mundo. \u00c9sta tiene por objetivo que diferentes actores mundiales escenifiquen su compromiso con los Objetivos de Desarrollo Sostenible (ODS) en la fecha en que se cumple el ecuador de su vigencia.<\/p>\n\n\n\n<div style=\"height:10px\" aria-hidden=\"true\" class=\"wp-block-spacer\"><\/div>\n\n\n\n<p class=\"has-text-align-justify\">De este modo, la bandera de los Objetivos de Desarrollo Sostenible (ODS) se alza como un emblema poderoso, representando el compromiso hacia un futuro sostenible y pr\u00f3spero para todos. Un gesto independiente a la nacionalidad, afiliaci\u00f3n o posici\u00f3n, que busca sincronizar esfuerzos y metas, aunando un compromiso mucho m\u00e1s grande que todo lo que nos separa. Una bandera que nos anima a avanzar juntos.<\/p>\n\n\n\n<div style=\"height:10px\" aria-hidden=\"true\" class=\"wp-block-spacer\"><\/div>\n\n\n\n<p>Al alzar esta bandera, FEMEPA se compromete a lograr resultados, priorizando el bienestar de las personas y del planeta. En este sentido, se han establecido una serie de compromisos y buenas pr\u00e1cticas alineadas con su estrategia. Entre \u00e9stas, destacan:<\/p>\n\n\n\n<div style=\"height:10px\" aria-hidden=\"true\" class=\"wp-block-spacer\"><\/div>\n\n\n\n<ul class=\"wp-block-list\">\n<li>Trabajar por el buen gobierno y la representaci\u00f3n s\u00f3lida del sector ante Instituciones y ante la Sociedad, promoviendo el asociacionismo y la participaci\u00f3n responsable que contribuir\u00e1 a construir una comunidad sostenible, en l\u00ednea con el ODS11 Ciudades y Comunidades Sostenibles y el ODS16 Paz, Justicia e Instituciones S\u00f3lidas.<\/li>\n\n\n\n<li>Promover la innovaci\u00f3n y la colaboraci\u00f3n de nuestras PYMES para mejorar su competitividad y posicionamiento en el sector en l\u00ednea con el ODS9 Industria, Innovaci\u00f3n e Infraestructura.<\/li>\n\n\n\n<li>Mejorar la competencia de las personas y sus oportunidades profesionales, que se articula a trav\u00e9s de ofrecer una formaci\u00f3n que garantice un alto nivel de especializaci\u00f3n, permitiendo a las personas trabajadoras ocupadas y desempleadas adquirir las nuevas competencias t\u00e9cnicas que demanda el sector del metal y nuevas tecnolog\u00edas, mejorando as\u00ed sus oportunidades profesionales, en l\u00ednea con el ODS8 Trabajo Decente y Crecimiento Econ\u00f3mico, el ODS4 Educaci\u00f3n de Calidad y el ODS10 Reducci\u00f3n de las Desigualdades.<\/li>\n\n\n\n<li>Fomentar la inserci\u00f3n laboral y la mejora de empleo, canalizando las ofertas y demandas, principalmente de las empresas del sector del metal y nuevas tecnolog\u00edas, captando adem\u00e1s ofertas a trav\u00e9s de la prospecci\u00f3n de empleo, en l\u00ednea el ODS8 Trabajo Decente y Crecimiento Econ\u00f3mico y el ODS10 Reducci\u00f3n de las Desigualdades.<\/li>\n\n\n\n<li>Contribuir a la sostenibilidad ambiental de nuestras instalaciones y de nuestras empresas asociadas, en l\u00ednea el ODS7 Energ\u00eda Asequible y No Contaminante, el ODS15 Vida de Ecosistemas Terrestres, el ODS14 Vida Submarina y el ODS13 Acci\u00f3n por el Clima.<\/li>\n\n\n\n<li>Establecer y desarrollar pol\u00edticas que integren la igualdad de trato y oportunidades entre mujeres y hombres como un principio estrat\u00e9gico de nuestra Pol\u00edtica Corporativa y de Recursos Humanos. En nuestra ruta hacia la excelencia, uno de nuestros objetivos es ser referente para otras organizaciones empresariales y para las empresas de nuestro entorno, convirti\u00e9ndonos en un modelo de gesti\u00f3n, en l\u00ednea ODS 5 Igualdad de G\u00e9nero y el ODS10 Reducci\u00f3n de las Desigualdades.<\/li>\n<\/ul>\n\n\n\n<div style=\"height:10px\" aria-hidden=\"true\" class=\"wp-block-spacer\"><\/div>\n\n\n\n<p>En palabras del presidente de la Federaci\u00f3n, Don Vicente Marrero Dom\u00ednguez,<\/p>\n\n\n\n<div style=\"height:10px\" aria-hidden=\"true\" class=\"wp-block-spacer\"><\/div>\n\n\n\n<p class=\"has-text-align-justify\"><em>\u201cDesde la Federaci\u00f3n Provincial de la PYME del Metal y las Nuevas Tecnolog\u00edas de Las Palmas (FEMEPA), queremos seguir demostrando que nuestro compromiso con los 10 Principios tratados en el Pacto Mundial es absoluto. Contamos con unas pr\u00e1cticas basadas en el apoyo y el cumplimiento de los mismos que pasan desde la propia plantilla de la federaci\u00f3n como de las empresas asociadas a la misma&#8221;.<\/em><\/p>\n\n\n\n<p class=\"has-text-align-justify\"><em>FEMEPA cuenta con un equipo multidisciplinar que se implica en los valores y objetivos de la empresa. Llevando a cabo el cumplimiento de los aspectos b\u00e1sicos de un trabajo eficiente, de buena fe, respetuoso con el medio ambiente y proactivo de cara al exterior.<\/em><\/p>\n\n\n\n<div style=\"height:10px\" aria-hidden=\"true\" class=\"wp-block-spacer\"><\/div>\n\n\n\n<p class=\"has-text-align-justify\"><em>De tal manera que, con esfuerzo e implicaci\u00f3n, seguiremos creciendo paulatinamente tanto como empresa comprometida con los 10 Principios del Pacto Mundial y los 17 ODS de la Agenda 2030, como con todos y cada uno de sus grupos de inter\u00e9s.<\/em><\/p>\n\n\n\n<div style=\"height:10px\" aria-hidden=\"true\" class=\"wp-block-spacer\"><\/div>\n\n\n\n<p class=\"has-text-align-justify\"><em>Seguir cumpliendo nuestros objetivos a la vez que nos involucramos m\u00e1s y m\u00e1s con la sociedad, el medio ambiente y con nuestro equipo es una tarea que estamos consiguiendo llevar a cabo gracias a la buena actitud y empe\u00f1o que le dedicamos.\u201d<\/em><\/p>\n\n\n\n<div style=\"height:10px\" aria-hidden=\"true\" class=\"wp-block-spacer\"><\/div>\n\n\n\n<p class=\"has-text-align-justify\">En 2019 FEMEPA se adhiri\u00f3 a la iniciativa UN Global Compact, la mayor iniciativa mundial en sostenibilidad. Desde la aprobaci\u00f3n de la Agenda 2030 en 2015, adem\u00e1s de su apuesta por impulsar los Diez Principios, ha trabajado en alinear su gesti\u00f3n corporativa con los ODS, donde encuentra nuevas oportunidades de negocio, mejora la relaci\u00f3n con sus grupos de inter\u00e9s y promueve la innovaci\u00f3n.<\/p>\n\n\n\n<div style=\"height:10px\" aria-hidden=\"true\" class=\"wp-block-spacer\"><\/div>\n\n\n\n<p class=\"has-text-align-justify\">Con este tipo de acciones, el Pacto Mundial de ONU Espa\u00f1a y sus entidades socias, buscan contribuir a la Agenda 2030 y sus 17 Objetivos de Desarrollo Sostenible, labor que, a 7 a\u00f1os de alcanzar su fecha l\u00edmite y con a\u00fan muchas metas por cumplir, es imprescindible.<\/p>\n\n\n\n<div style=\"height:10px\" aria-hidden=\"true\" class=\"wp-block-spacer\"><\/div>\n\n\n\n<p><strong>FEMEPA, LA FUERZA DE LA UNI\u00d3N<\/strong><\/p>\n\n\n\n<div style=\"height:10px\" aria-hidden=\"true\" class=\"wp-block-spacer\"><\/div>\n\n\n\n<p><strong>Sobre el Pacto Mundial de la ONU Espa\u00f1a<\/strong><\/p>\n\n\n\n<div style=\"height:10px\" aria-hidden=\"true\" class=\"wp-block-spacer\"><\/div>\n\n\n\n<p class=\"has-text-align-justify\">El Pacto Mundial de la ONU es la iniciativa de Naciones Unidas que lidera la sostenibilidad empresarial en el mundo. Cuenta con m\u00e1s de 20 a\u00f1os de experiencia y m\u00e1s de 70 redes locales a nivel global, entre las que se encuentra la espa\u00f1ola, que es, desde su creaci\u00f3n, una de las primeras plataformas nacionales del Pacto Mundial y de las redes locales con mayor n\u00famero de entidades asociadas, m\u00e1s de 1.600. Su objetivo es fomentar la implantaci\u00f3n de los Diez Principios del Pacto Mundial al mismo tiempo que promueve la integraci\u00f3n de los Objetivos de Desarrollo Sostenible en el sector empresarial, siendo la \u00fanica organizaci\u00f3n que cuenta con el mandato de Naciones Unidas para este prop\u00f3sito.<\/p>\n\n\n\n<div style=\"height:10px\" aria-hidden=\"true\" class=\"wp-block-spacer\"><\/div>\n","protected":false},"excerpt":{"rendered":"<p>El objetivo de la campa\u00f1a #ODSporbandera es que diferentes actores mundiales escenifiquen su compromiso con los Objetivos de Desarrollo Sostenible (ODS) en la fecha en que se cumple el ecuador de su vigencia. La campa\u00f1a forma parte de la iniciativa internacional #Togetherforthesdgs impulsada por el Pacto Mundial de la ONU en la que participan varios [&hellip;]<\/p>\n","protected":false},"author":4,"featured_media":40272,"comment_status":"closed","ping_status":"closed","sticky":false,"template":"","format":"standard","meta":{"_acf_changed":false,"rs_blank_template":"","rs_page_bg_color":"","slide_template_v7":"","footnotes":""},"categories":[3199,3201],"tags":[2893,1743,1554,2894,660,2895],"class_list":["post-40270","post","type-post","status-publish","format-standard","has-post-thumbnail","hentry","category-3199","category-archivados","tag-togetherforthesdgs","tag-objetivos-de-desarrollo-sostenible","tag-ods","tag-ods-por-bandera","tag-pacto-mundial","tag-pacto-mundial-onu-espana"],"acf":[],"_links":{"self":[{"href":"https:\/\/femepa.org\/web\/wp-json\/wp\/v2\/posts\/40270","targetHints":{"allow":["GET"]}}],"collection":[{"href":"https:\/\/femepa.org\/web\/wp-json\/wp\/v2\/posts"}],"about":[{"href":"https:\/\/femepa.org\/web\/wp-json\/wp\/v2\/types\/post"}],"author":[{"embeddable":true,"href":"https:\/\/femepa.org\/web\/wp-json\/wp\/v2\/users\/4"}],"replies":[{"embeddable":true,"href":"https:\/\/femepa.org\/web\/wp-json\/wp\/v2\/comments?post=40270"}],"version-history":[{"count":1,"href":"https:\/\/femepa.org\/web\/wp-json\/wp\/v2\/posts\/40270\/revisions"}],"predecessor-version":[{"id":45951,"href":"https:\/\/femepa.org\/web\/wp-json\/wp\/v2\/posts\/40270\/revisions\/45951"}],"wp:featuredmedia":[{"embeddable":true,"href":"https:\/\/femepa.org\/web\/wp-json\/wp\/v2\/media\/40272"}],"wp:attachment":[{"href":"https:\/\/femepa.org\/web\/wp-json\/wp\/v2\/media?parent=40270"}],"wp:term":[{"taxonomy":"category","embeddable":true,"href":"https:\/\/femepa.org\/web\/wp-json\/wp\/v2\/categories?post=40270"},{"taxonomy":"post_tag","embeddable":true,"href":"https:\/\/femepa.org\/web\/wp-json\/wp\/v2\/tags?post=40270"}],"curies":[{"name":"wp","href":"https:\/\/api.w.org\/{rel}","templated":true}]}}