{"id":40408,"date":"2023-10-11T11:27:32","date_gmt":"2023-10-11T10:27:32","guid":{"rendered":"https:\/\/femepa.org\/web\/?p=40408"},"modified":"2024-08-29T20:13:02","modified_gmt":"2024-08-29T19:13:02","slug":"las-ventas-de-vehiculos-ha-experimentado-un-amplio-crecimiento-en-el-mes-de-septiembre-en-canarias","status":"publish","type":"post","link":"https:\/\/femepa.org\/web\/las-ventas-de-vehiculos-ha-experimentado-un-amplio-crecimiento-en-el-mes-de-septiembre-en-canarias\/","title":{"rendered":"Las ventas de veh\u00edculos ha experimentado un amplio crecimiento en el mes de septiembre en Canarias"},"content":{"rendered":"<div class=\"wp-block-image\">\n<figure class=\"aligncenter size-full is-resized\"><img fetchpriority=\"high\" decoding=\"async\" src=\"http:\/\/kubo.femepa.org\/wp-content\/uploads\/2023\/10\/image002.png\" alt=\"\" class=\"wp-image-40409\" style=\"width:883px;height:624px\" width=\"883\" height=\"624\" srcset=\"https:\/\/femepa.org\/web\/wp-content\/uploads\/2023\/10\/image002.png 599w, https:\/\/femepa.org\/web\/wp-content\/uploads\/2023\/10\/image002-300x212.png 300w\" sizes=\"(max-width: 883px) 100vw, 883px\" \/><\/figure>\n<\/div>\n\n\n<p><strong>Las matriculaciones en Canarias en el mes de septiembre se incrementan un 16,08% respecto a septiembre de 2023.<\/strong><\/p>\n\n\n\n<div style=\"height:10px\" aria-hidden=\"true\" class=\"wp-block-spacer\"><\/div>\n\n\n\n<p><strong>Sigue el proceso de recuperaci\u00f3n, con un crecimiento acumulado hasta el mes de septiembre del 21,05%.<\/strong><\/p>\n\n\n\n<div style=\"height:10px\" aria-hidden=\"true\" class=\"wp-block-spacer\"><\/div>\n\n\n\n<p>Despu\u00e9s del lapsus en la entrega de los datos estad\u00edsticos, tras la ca\u00edda del sistema inform\u00e1tico de la DGT el pasado d\u00eda 29 de septiembre, ya con los datos de matriculaciones en Canarias correspondientes al mes de septiembre destacar que estos presentan un resultado positivo, con el&nbsp;<strong>registro de 5.615 veh\u00edculos<\/strong>&nbsp;en mes, dando un&nbsp;<strong>crecimiento interanual del 16,08%.<\/strong><\/p>\n\n\n\n<div style=\"height:10px\" aria-hidden=\"true\" class=\"wp-block-spacer\"><\/div>\n\n\n\n<p>Por categor\u00eda de los veh\u00edculos,&nbsp;<strong>el veh\u00edculo de turismo<\/strong>&nbsp;aumenta los registros, en relaci\u00f3n a septiembre de 2022, en un&nbsp;<strong>+8,78%.<\/strong>&nbsp;Dentro de esta categor\u00eda&nbsp;<strong>las ventas a particulares crecieron un 11,48%,<\/strong>&nbsp;la venta por canal empresas incrementaron un 5,77% mientras el&nbsp;<strong>canal RAC (alquiladores) incremento un 7,09%.<\/strong>&nbsp;En total y por todos los canales,&nbsp;<strong>se matricularon un total de 3.816 turismos.<\/strong><\/p>\n\n\n\n<div style=\"height:10px\" aria-hidden=\"true\" class=\"wp-block-spacer\"><\/div>\n\n\n\n<p>En el caso de los&nbsp;<strong>veh\u00edculos comerciales ligeros<\/strong>, se&nbsp;<strong>incrementan<\/strong>&nbsp;las matriculaciones&nbsp;<strong>un 11,09%<\/strong>&nbsp;con un total de 491 veh\u00edculos registrados. En&nbsp;<strong>veh\u00edculos industriales<\/strong>&nbsp;se observa un incremento del 400%, con&nbsp;<strong>83 registros frente a los 47 veh\u00edculos<\/strong>&nbsp;matriculados en septiembre de 2022.<\/p>\n\n\n\n<div style=\"height:10px\" aria-hidden=\"true\" class=\"wp-block-spacer\"><\/div>\n\n\n\n<p>En el caso de&nbsp;<strong>las motos<\/strong>, el mercado se increment\u00f3 en septiembre&nbsp;<strong>un +46,36%<\/strong>&nbsp;con 1.187 motos matriculadas.<\/p>\n\n\n\n<div style=\"height:10px\" aria-hidden=\"true\" class=\"wp-block-spacer\"><\/div>\n\n\n\n<p><strong>EN DATOS ACUMULADOS<\/strong><\/p>\n\n\n\n<div style=\"height:10px\" aria-hidden=\"true\" class=\"wp-block-spacer\"><\/div>\n\n\n\n<p>En Canarias el sector del autom\u00f3vil sigue&nbsp;<strong>la senda de la recuperaci\u00f3n<\/strong>&nbsp;con un incremento acumulado hasta el mes de septiembre del 21,05% en el conjunto del mercado, incluyendo todas las categor\u00edas de veh\u00edculos. Hasta este mes de septiembre se han matriculado en las islas un total de 55.133 veh\u00edculos.<\/p>\n\n\n\n<div style=\"height:10px\" aria-hidden=\"true\" class=\"wp-block-spacer\"><\/div>\n\n\n\n<p><strong>CONSIDERACIONES<\/strong>.<\/p>\n\n\n\n<div style=\"height:10px\" aria-hidden=\"true\" class=\"wp-block-spacer\"><\/div>\n\n\n\n<p>Canarias sigue mostrando una mejor recuperaci\u00f3n econ\u00f3mica que el resto de territorios. Las islas se est\u00e1n beneficiando de la recuperaci\u00f3n fundamentalmente del sector tur\u00edstico que, a su vez, ha impactado en las matriculaciones a favor de las empresas dedicadas al alquiler sin conductor.<\/p>\n\n\n\n<div style=\"height:10px\" aria-hidden=\"true\" class=\"wp-block-spacer\"><\/div>\n\n\n\n<p>No obstante, indicar que en septiembre del&nbsp;<strong>a\u00f1o 2019<\/strong>&nbsp;se matricularon 6.481 veh\u00edculos frente a los 5.615 registrados en septiembre de 2023 y, en datos acumulados, hasta septiembre de 2019 se hab\u00edan matriculado 58.901 veh\u00edculos frente a los 55.133 registrados hasta septiembre de 2023.&nbsp;<strong>Estos datos reflejan que, aunque se est\u00e1 datos positivos aun el mercado no ha recuperado los datos de registros pre-pandemia<\/strong>.<\/p>\n\n\n\n<div style=\"height:10px\" aria-hidden=\"true\" class=\"wp-block-spacer\"><\/div>\n\n\n\n<p>Por otro lado,&nbsp;<strong>se observa este mes que, aunque siguen creciendo las matriculaciones a empresas de alquiler sin conductor<\/strong>&nbsp;y empresas,&nbsp;<strong>este incremento se modera<\/strong>, lo que implica que&nbsp;<strong>est\u00e1 bajando la demanda de veh\u00edculos por parte de estas compa\u00f1\u00edas<\/strong>&nbsp;que han ajustado su parque en los \u00faltimos a\u00f1os. Como dato positivo&nbsp;<strong>se destaca el incremento del 11%<\/strong>&nbsp;en las&nbsp;<strong>ventas de turismos a particulares<\/strong>, dato de sumo inter\u00e9s para el sector.<\/p>\n\n\n\n<div style=\"height:10px\" aria-hidden=\"true\" class=\"wp-block-spacer\"><\/div>\n\n\n\n<p><strong>POR SISTEMA DE PROPULSI\u00d3N.<\/strong><\/p>\n\n\n\n<div style=\"height:10px\" aria-hidden=\"true\" class=\"wp-block-spacer\"><\/div>\n\n\n\n<p>En Canarias se sigue con&nbsp;<strong>la t\u00f3nica de meses anteriores<\/strong>. El&nbsp;<strong>veh\u00edculo el\u00e9ctrico<\/strong>&nbsp;con 262 unidades matriculadas, acapara solo el&nbsp;<strong>4% de las ventas del mes<\/strong>. En el otro extremo, e<strong>l veh\u00edculo de gasolina<\/strong>, con un total de 3.789 veh\u00edculos registrados,&nbsp;<strong>acapara el 64% de las matriculaciones<\/strong>. Los veh\u00edculos h\u00edbridos ocupan una cuota de mercado del 17%, mientras que el perdedor absoluto en cuota es el veh\u00edculo di\u00e9sel, que solo acapara el 11% del mercado total en el mes de septiembre de 2023<\/p>\n","protected":false},"excerpt":{"rendered":"<p>Las matriculaciones en Canarias en el mes de septiembre se incrementan un 16,08% respecto a septiembre de 2023. Sigue el proceso de recuperaci\u00f3n, con un crecimiento acumulado hasta el mes de septiembre del 21,05%. Despu\u00e9s del lapsus en la entrega de los datos estad\u00edsticos, tras la ca\u00edda del sistema inform\u00e1tico de la DGT el pasado [&hellip;]<\/p>\n","protected":false},"author":4,"featured_media":40411,"comment_status":"closed","ping_status":"closed","sticky":false,"template":"","format":"standard","meta":{"_acf_changed":false,"rs_blank_template":"","rs_page_bg_color":"","slide_template_v7":"","footnotes":""},"categories":[3199,3201],"tags":[64,960,2947,2948,1800,2949,2950,1943],"class_list":["post-40408","post","type-post","status-publish","format-standard","has-post-thumbnail","hentry","category-3199","category-archivados","tag-femepa","tag-fredica","tag-matriculacion-de-vehiculos","tag-matriculacion-vehiculos-canarias-septiembre-2023","tag-sector-automocion","tag-vehiculos-electricos","tag-vehiculos-hibridos","tag-venta-de-vehiculos"],"acf":[],"_links":{"self":[{"href":"https:\/\/femepa.org\/web\/wp-json\/wp\/v2\/posts\/40408","targetHints":{"allow":["GET"]}}],"collection":[{"href":"https:\/\/femepa.org\/web\/wp-json\/wp\/v2\/posts"}],"about":[{"href":"https:\/\/femepa.org\/web\/wp-json\/wp\/v2\/types\/post"}],"author":[{"embeddable":true,"href":"https:\/\/femepa.org\/web\/wp-json\/wp\/v2\/users\/4"}],"replies":[{"embeddable":true,"href":"https:\/\/femepa.org\/web\/wp-json\/wp\/v2\/comments?post=40408"}],"version-history":[{"count":1,"href":"https:\/\/femepa.org\/web\/wp-json\/wp\/v2\/posts\/40408\/revisions"}],"predecessor-version":[{"id":45932,"href":"https:\/\/femepa.org\/web\/wp-json\/wp\/v2\/posts\/40408\/revisions\/45932"}],"wp:featuredmedia":[{"embeddable":true,"href":"https:\/\/femepa.org\/web\/wp-json\/wp\/v2\/media\/40411"}],"wp:attachment":[{"href":"https:\/\/femepa.org\/web\/wp-json\/wp\/v2\/media?parent=40408"}],"wp:term":[{"taxonomy":"category","embeddable":true,"href":"https:\/\/femepa.org\/web\/wp-json\/wp\/v2\/categories?post=40408"},{"taxonomy":"post_tag","embeddable":true,"href":"https:\/\/femepa.org\/web\/wp-json\/wp\/v2\/tags?post=40408"}],"curies":[{"name":"wp","href":"https:\/\/api.w.org\/{rel}","templated":true}]}}