{"id":40562,"date":"2023-11-07T15:09:42","date_gmt":"2023-11-07T15:09:42","guid":{"rendered":"https:\/\/femepa.org\/web\/?p=40562"},"modified":"2024-08-29T20:12:20","modified_gmt":"2024-08-29T19:12:20","slug":"entra-en-vigor-el-rd-por-el-que-se-regulan-los-servicios-de-atencion-a-la-clientela-hojas-de-reclamaciones","status":"publish","type":"post","link":"https:\/\/femepa.org\/web\/entra-en-vigor-el-rd-por-el-que-se-regulan-los-servicios-de-atencion-a-la-clientela-hojas-de-reclamaciones\/","title":{"rendered":"Entra en vigor el Decreto por el que se regulan los servicios de atenci\u00f3n a la clientela (hojas de reclamaciones)"},"content":{"rendered":"\n<p class=\"has-text-align-justify\"><strong>FEMEPA RECUERDA: Entrada en vigor del Decreto 90\/2023, de 25 de mayo, por el que se regulan los servicios de atenci\u00f3n a la clientela, las caracter\u00edsticas y el procedimiento de obtenci\u00f3n de hojas de reclamaciones y su tramitaci\u00f3n administrativa en las relaciones de consumo<\/strong><\/p>\n\n\n\n<div style=\"height:10px\" aria-hidden=\"true\" class=\"wp-block-spacer\"><\/div>\n\n\n\n<p class=\"has-text-align-justify\">Se recuerda que desde el d\u00eda 7 de septiembre ha entrado en vigor el&nbsp;<a href=\"http:\/\/www.gobiernodecanarias.org\/boc\/2023\/109\/006.html\">DECRETO 90\/2023,&nbsp;<em>de 25 de mayo<\/em><\/a><em>, por el que se regula los servicios de atenci\u00f3n a la clientela, las caracter\u00edsticas y el procedimiento de obtenci\u00f3n de las hojas de reclamaciones y su tramitaci\u00f3n administrativa en las relaciones de consumo<\/em>. Esta importante normativa busca fortalecer los derechos de los consumidores y garantizar la eficaz resoluci\u00f3n de conflictos en la regi\u00f3n.<\/p>\n\n\n\n<div style=\"height:10px\" aria-hidden=\"true\" class=\"wp-block-spacer\"><\/div>\n\n\n\n<p><strong>\u00c1mbito de aplicaci\u00f3n:<\/strong><\/p>\n\n\n\n<div style=\"height:10px\" aria-hidden=\"true\" class=\"wp-block-spacer\"><\/div>\n\n\n\n<p class=\"has-text-align-justify\"><strong>1.&nbsp;<\/strong><strong>Personas empresarias, sean personas f\u00edsicas o jur\u00eddicas, de naturaleza privada o p\u00fablica, que, en el ejercicio de su actividad comercial, empresarial, oficio o profesi\u00f3n, actuando directamente o a trav\u00e9s de otra persona en su nombre o siguiendo sus instrucciones, comercializan bienes y productos o prestan servicios a las personas consumidoras o usuarias, como destinatarias finales, en el \u00e1mbito territorial de la Comunidad Aut\u00f3noma de Canarias.<\/strong><\/p>\n\n\n\n<div style=\"height:10px\" aria-hidden=\"true\" class=\"wp-block-spacer\"><\/div>\n\n\n\n<p class=\"has-text-align-justify\"><strong>2.&nbsp;<\/strong><strong>Personas consumidoras o usuarias que formulen sus quejas, reclamaciones y denuncias en el \u00e1mbito territorial de la Comunidad aut\u00f3noma de Canarias.<\/strong><\/p>\n\n\n\n<div style=\"height:10px\" aria-hidden=\"true\" class=\"wp-block-spacer\"><\/div>\n\n\n\n<p class=\"has-text-align-justify\"><strong>3.&nbsp;<\/strong><strong>Las Administraciones p\u00fablicas canarias con competencias en materia de consumo quedar\u00e1n incluidas, igualmente, en el \u00e1mbito de aplicaci\u00f3n del presente Decreto.<\/strong><\/p>\n\n\n\n<div style=\"height:10px\" aria-hidden=\"true\" class=\"wp-block-spacer\"><\/div>\n\n\n\n<p><strong>Obligaciones<\/strong><\/p>\n\n\n\n<div style=\"height:10px\" aria-hidden=\"true\" class=\"wp-block-spacer\"><\/div>\n\n\n\n<p class=\"has-text-align-justify\"><strong>De acuerdo con lo establecido en el art\u00edculo 4 del Decreto 90\/2023, las personas empresarias estar\u00e1n obligadas a relacionarse con la Administraci\u00f3n a trav\u00e9s de medios electr\u00f3nicos. Como resultado, las hojas de reclamaciones podr\u00e1n ser obtenidas en formato electr\u00f3nico, que incluir\u00e1 un c\u00f3digo QR, as\u00ed como en formato impreso. Estas hojas deber\u00e1n estar siempre a disposici\u00f3n de las personas consumidoras y usuarias, junto con un cartel que anuncie su disponibilidad.<\/strong><\/p>\n\n\n\n<div style=\"height:10px\" aria-hidden=\"true\" class=\"wp-block-spacer\"><\/div>\n\n\n\n<p class=\"has-text-align-justify\"><strong>Para asegurar una transici\u00f3n adecuada hacia este nuevo procedimiento, se ha previsto un per\u00edodo transitorio. Seg\u00fan la disposici\u00f3n transitoria \u00fanica del Decreto 90\/2023, las personas empresarias que cuenten con hojas de reclamaciones oficiales en formato papel podr\u00e1n continuar utiliz\u00e1ndolas y entreg\u00e1ndoselas a las personas consumidoras y usuarias durante los seis meses posteriores a la entrada en vigor del decreto, es decir, hasta el 7 de marzo de 2024.<\/strong><\/p>\n\n\n\n<div style=\"height:10px\" aria-hidden=\"true\" class=\"wp-block-spacer\"><\/div>\n\n\n\n<p><strong>Procedimiento de obtenci\u00f3n de hojas de reclamaciones<\/strong><\/p>\n\n\n\n<div style=\"height:10px\" aria-hidden=\"true\" class=\"wp-block-spacer\"><\/div>\n\n\n\n<p class=\"has-text-align-justify\">La persona empresaria podr\u00e1 solicitar las hojas de reclamaciones y el cartel de anuncio a trav\u00e9s de la&nbsp;<a href=\"https:\/\/sede.gobiernodecanarias.org\/sede\/tramites\/8160\">Sede electr\u00f3nica del Gobierno de Canarias<\/a>&nbsp;, mediante el procedimiento denominado&nbsp;<em>\u201cObtenci\u00f3n de las hojas de reclamaciones para las personas empresarias titulares de establecimientos o de actividades comerciales\u201d,&nbsp;<\/em>identificado<em>&nbsp;<\/em>con el c\u00f3digo 8160.<\/p>\n\n\n\n<div style=\"height:10px\" aria-hidden=\"true\" class=\"wp-block-spacer\"><\/div>\n\n\n\n<p class=\"has-text-align-justify\">Una vez realizada la solicitud por parte de la persona empresaria, el sistema inform\u00e1tico verificar\u00e1 su condici\u00f3n como titular del establecimiento o actividad a trav\u00e9s de la interoperabilidad administrativa. Posteriormente, se enviar\u00e1 de inmediato a la persona empresaria la documentaci\u00f3n necesaria, que incluye el cartel anunciador de la existencia de hojas de reclamaciones, un c\u00f3digo QR para la descarga electr\u00f3nica de las hojas de reclamaciones y un formulario impreso de hojas de reclamaciones. Adem\u00e1s, se registrar\u00e1 la obtenci\u00f3n de las hojas en el sistema inform\u00e1tico, con datos espec\u00edficos de cada establecimiento o actividad, los cuales ser\u00e1n intransferibles.<\/p>\n\n\n\n<div style=\"height:10px\" aria-hidden=\"true\" class=\"wp-block-spacer\"><\/div>\n\n\n\n<p class=\"has-text-align-justify\">Para mayor informaci\u00f3n puede contactar&nbsp;con la T\u00e9cnica de Transformaci\u00f3n Digital de FEMEPA 928296161, ext. #2508&nbsp;<a href=\"mailto:coraima.diaz@femepa.es\">coraima.diaz@femepa.es<\/a>, con la T\u00e9cnica de Proyectos de FEMEPA <a href=\"http:\/\/+34928296161\">928296161<\/a>, ext. #2048&nbsp;<a href=\"mailto:cora.ramirez@fermepa.es\">cora.ramirez@fermepa.es<\/a>&nbsp;o con el Responsable de Proyecto OAP 928296161, ext. #2111&nbsp;<a href=\"mailto:mario.perez@femepa.es\">mario.perez@femepa.es<\/a>.<\/p>\n\n\n\n<div style=\"height:10px\" aria-hidden=\"true\" class=\"wp-block-spacer\"><\/div>\n","protected":false},"excerpt":{"rendered":"<p>FEMEPA RECUERDA: Entrada en vigor del Decreto 90\/2023, de 25 de mayo, por el que se regulan los servicios de atenci\u00f3n a la clientela, las caracter\u00edsticas y el procedimiento de obtenci\u00f3n de hojas de reclamaciones y su tramitaci\u00f3n administrativa en las relaciones de consumo Se recuerda que desde el d\u00eda 7 de septiembre ha entrado [&hellip;]<\/p>\n","protected":false},"author":4,"featured_media":41957,"comment_status":"closed","ping_status":"closed","sticky":false,"template":"","format":"standard","meta":{"_acf_changed":false,"rs_blank_template":"","rs_page_bg_color":"","slide_template_v7":"","footnotes":""},"categories":[3199,3201],"tags":[2989,2990],"class_list":["post-40562","post","type-post","status-publish","format-standard","has-post-thumbnail","hentry","category-3199","category-archivados","tag-hojas-de-reclamaciones","tag-rd90-2023"],"acf":[],"_links":{"self":[{"href":"https:\/\/femepa.org\/web\/wp-json\/wp\/v2\/posts\/40562","targetHints":{"allow":["GET"]}}],"collection":[{"href":"https:\/\/femepa.org\/web\/wp-json\/wp\/v2\/posts"}],"about":[{"href":"https:\/\/femepa.org\/web\/wp-json\/wp\/v2\/types\/post"}],"author":[{"embeddable":true,"href":"https:\/\/femepa.org\/web\/wp-json\/wp\/v2\/users\/4"}],"replies":[{"embeddable":true,"href":"https:\/\/femepa.org\/web\/wp-json\/wp\/v2\/comments?post=40562"}],"version-history":[{"count":1,"href":"https:\/\/femepa.org\/web\/wp-json\/wp\/v2\/posts\/40562\/revisions"}],"predecessor-version":[{"id":45921,"href":"https:\/\/femepa.org\/web\/wp-json\/wp\/v2\/posts\/40562\/revisions\/45921"}],"wp:featuredmedia":[{"embeddable":true,"href":"https:\/\/femepa.org\/web\/wp-json\/wp\/v2\/media\/41957"}],"wp:attachment":[{"href":"https:\/\/femepa.org\/web\/wp-json\/wp\/v2\/media?parent=40562"}],"wp:term":[{"taxonomy":"category","embeddable":true,"href":"https:\/\/femepa.org\/web\/wp-json\/wp\/v2\/categories?post=40562"},{"taxonomy":"post_tag","embeddable":true,"href":"https:\/\/femepa.org\/web\/wp-json\/wp\/v2\/tags?post=40562"}],"curies":[{"name":"wp","href":"https:\/\/api.w.org\/{rel}","templated":true}]}}