{"id":41227,"date":"2023-11-28T17:53:20","date_gmt":"2023-11-28T17:53:20","guid":{"rendered":"https:\/\/femepa.org\/web\/?p=40679"},"modified":"2026-04-07T08:40:56","modified_gmt":"2026-04-07T07:40:56","slug":"convocatorias-2023-de-subvenciones-para-la-compensacion-al-transporte-maritimo-y-aereo-de-mercancias-con-origen-o-destino-en-las-islas-canarias-por-los-trayectos-realizados-en-el-ano-2021","status":"publish","type":"post","link":"https:\/\/femepa.org\/web\/convocatorias-2023-de-subvenciones-para-la-compensacion-al-transporte-maritimo-y-aereo-de-mercancias-con-origen-o-destino-en-las-islas-canarias-por-los-trayectos-realizados-en-el-ano-2021\/","title":{"rendered":"Convocatorias 2023 de subvenciones para la compensaci\u00f3n al transporte mar\u00edtimo y a\u00e9reo de mercanc\u00edas con origen o destino en las Islas Canarias por los trayectos realizados en el a\u00f1o 2021"},"content":{"rendered":"\t\t<div data-elementor-type=\"wp-post\" data-elementor-id=\"41227\" class=\"elementor elementor-41227\" data-elementor-post-type=\"post\">\n\t\t\t\t<div class=\"elementor-element elementor-element-1350806e e-flex e-con-boxed e-con e-parent\" data-id=\"1350806e\" data-element_type=\"container\" data-e-type=\"container\">\n\t\t\t\t\t<div class=\"e-con-inner\">\n\t\t\t\t<div class=\"elementor-element elementor-element-5856aec6 elementor-widget elementor-widget-text-editor\" data-id=\"5856aec6\" data-element_type=\"widget\" data-e-type=\"widget\" data-widget_type=\"text-editor.default\">\n\t\t\t\t<div class=\"elementor-widget-container\">\n\t\t\t\t\t\t\t\t\t\n<p><strong>Objeto y finalidad<\/strong><\/p>\n\n<p>Las presentes convocatorias tienen por objeto convocar el procedimiento de concesi\u00f3n de subvenciones, en r\u00e9gimen de\u00a0<strong>concurrencia competitiva<\/strong>, para la compensaci\u00f3n al transporte mar\u00edtimo y a\u00e9reo de mercanc\u00edas por los trayectos realizados en el a\u00f1o 2021.<\/p>\n\n<p><strong>Beneficiarios:<\/strong><\/p>\n\n<p><strong>Personas f\u00edsicas o jur\u00eddicas<\/strong>\u00a0solicitantes de compensaci\u00f3n, compradora o vendedora, receptora o remitente de las mercanc\u00edas,\u00a0<strong>que acredite haber abonado los costes del transporte compensable.<\/strong><\/p>\n\n<p><strong>Actuaciones subvencionables:<\/strong><\/p>\n\n<p>Ser\u00e1n susceptibles de compensaci\u00f3n, las actuaciones de\u00a0<strong>transporte mar\u00edtimo y a\u00e9reo de mercanc\u00edas, realizados en el a\u00f1o 2021.<\/strong><\/p>\n\n<p><strong>Intensidad de la ayuda<\/strong><\/p>\n\n<p>En funci\u00f3n de la mercanc\u00eda, su origen y destino, ser\u00e1n compensados los siguientes porcentajes:<\/p>\n\n<p>\u00b7\u00a0Tr\u00e1ficos que se produzcan\u00a0<strong>entre islas capitalinas: el 50%<\/strong>\u00a0del coste subvencionable aplicable a su trayecto.<\/p>\n\n<p>\u00b7\u00a0Tr\u00e1ficos que se produzcan\u00a0<strong>desde isla capitalina hacia isla no capitalina<\/strong>\u00a0o desde estas a cualquier otra isla:\u00a0<strong>el 100%<\/strong>\u00a0del coste subvencionable aplicable a su trayecto.<\/p>\n\n<p>\u00b7\u00a0El\u00a0<strong>cemento<\/strong>\u00a0ser\u00e1 subvencionable hasta un m\u00e1ximo del\u00a0<strong>10%<\/strong>\u00a0del coste subvencionable sin que en ning\u00fan caso la cantidad subvencionable pueda superar el 3% de la asignaci\u00f3n presupuestaria total prevista.<\/p>\n\n<p>\u00b7\u00a0El\u00a0<strong>petr\u00f3leo y sus derivados<\/strong>\u00a0ser\u00e1 subvencionable hasta un m\u00e1ximo del\u00a0<strong>10%<\/strong>\u00a0del coste subvencionable sin que en ning\u00fan caso la cantidad subvencionable pueda superar el 3% de la asignaci\u00f3n presupuestaria total prevista.<\/p>\n\n<p><strong>Plazo y lugar de presentaci\u00f3n de la solicitud<\/strong><\/p>\n\n<p>El plazo inicia el\u00a0<strong>21 de noviembre de 2023 a las 09:00 h. (hora canaria)\u00a0<\/strong>y permanecer\u00e1 abierto hasta el d\u00eda\u00a0<strong>13 de diciembre de 2023 a las 13:00 h. (hora canaria).<\/strong><\/p>\n\n<p>El tr\u00e1mite se realizar\u00e1 de manera telem\u00e1tica, a trav\u00e9s del tr\u00e1mite correspondiente en funci\u00f3n de la mercanc\u00eda transportada:<\/p>\n\n<p>\u00b7\u00a0<a href=\"https:\/\/sede.gobiernodecanarias.org\/sede\/tramites\/4329\">Tr\u00e1mite electr\u00f3nico<\/a>\u00a0para compensar\u00a0<strong>mercanc\u00edas incluidas en el anexo I del Tratado de Funcionamiento de la Uni\u00f3n Europea.<\/strong><\/p>\n\n<p>\u00b7\u00a0<a href=\"https:\/\/sede.gobiernodecanarias.org\/sede\/tramites\/4328\">Tr\u00e1mite electr\u00f3nico<\/a>\u00a0para compensar\u00a0<strong>mercanc\u00edas no incluidas en el anexo I del Tratado de Funcionamiento de la Uni\u00f3n Europea.<\/strong><\/p>\n\n<p>Para m\u00e1s informaci\u00f3n puede contactar con:<\/p>\n\n<p>&#8211; La T\u00e9cnica de Innovaci\u00f3n\u00a0<a href=\"mailto:maria.ruiz@femepa.es\">maria.ruiz@femepa.es<\/a>\u00a0 928296161, ext. #2524\u00a0<\/p>\n\n<p>&#8211; El Responsable de Proyecto OAP\u00a0<a href=\"mailto:mario.perez@femepa.es\">mario.perez@femepa.es<\/a>\u00a0928296161, ext. #2111<\/p>\n<p><img fetchpriority=\"high\" decoding=\"async\" class=\"aligncenter wp-image-49442 size-full\" src=\"https:\/\/femepa.org\/web\/wp-content\/uploads\/2025\/05\/TIRA-RedCIDE-v1-2024-v1-1.avif\" alt=\"\" width=\"1920\" height=\"248\" srcset=\"https:\/\/femepa.org\/web\/wp-content\/uploads\/2025\/05\/TIRA-RedCIDE-v1-2024-v1-1.avif 1920w, https:\/\/femepa.org\/web\/wp-content\/uploads\/2025\/05\/TIRA-RedCIDE-v1-2024-v1-1-300x39.avif 300w, https:\/\/femepa.org\/web\/wp-content\/uploads\/2025\/05\/TIRA-RedCIDE-v1-2024-v1-1-768x99.avif 768w, https:\/\/femepa.org\/web\/wp-content\/uploads\/2025\/05\/TIRA-RedCIDE-v1-2024-v1-1-1536x198.avif 1536w\" sizes=\"(max-width: 1920px) 100vw, 1920px\" \/><\/p>\n\t\t\t\t\t\t\t\t<\/div>\n\t\t\t\t<\/div>\n\t\t\t\t\t<\/div>\n\t\t\t\t<\/div>\n\t\t\t\t<\/div>\n\t\t","protected":false},"excerpt":{"rendered":"<p>Objeto y finalidad Las presentes convocatorias tienen por objeto convocar el procedimiento de concesi\u00f3n de subvenciones, en r\u00e9gimen de\u00a0concurrencia competitiva, para la compensaci\u00f3n al transporte mar\u00edtimo y a\u00e9reo de mercanc\u00edas por los trayectos realizados en el a\u00f1o 2021. Beneficiarios: Personas f\u00edsicas o jur\u00eddicas\u00a0solicitantes de compensaci\u00f3n, compradora o vendedora, receptora o remitente de las mercanc\u00edas,\u00a0que acredite [&hellip;]<\/p>\n","protected":false},"author":4,"featured_media":41975,"comment_status":"closed","ping_status":"closed","sticky":false,"template":"","format":"standard","meta":{"_acf_changed":false,"rs_blank_template":"","rs_page_bg_color":"","slide_template_v7":"","footnotes":""},"categories":[3199,3201],"tags":[3002,64,140,199,3003,366,301,1701,1999],"class_list":["post-41227","post","type-post","status-publish","format-standard","has-post-thumbnail","hentry","category-3199","category-archivados","tag-aereo","tag-femepa","tag-gobierno-de-canarias","tag-innovacion","tag-maritimo","tag-subvenciones","tag-transformacion-digital","tag-transporte","tag-union-europea"],"acf":[],"_links":{"self":[{"href":"https:\/\/femepa.org\/web\/wp-json\/wp\/v2\/posts\/41227","targetHints":{"allow":["GET"]}}],"collection":[{"href":"https:\/\/femepa.org\/web\/wp-json\/wp\/v2\/posts"}],"about":[{"href":"https:\/\/femepa.org\/web\/wp-json\/wp\/v2\/types\/post"}],"author":[{"embeddable":true,"href":"https:\/\/femepa.org\/web\/wp-json\/wp\/v2\/users\/4"}],"replies":[{"embeddable":true,"href":"https:\/\/femepa.org\/web\/wp-json\/wp\/v2\/comments?post=41227"}],"version-history":[{"count":4,"href":"https:\/\/femepa.org\/web\/wp-json\/wp\/v2\/posts\/41227\/revisions"}],"predecessor-version":[{"id":52190,"href":"https:\/\/femepa.org\/web\/wp-json\/wp\/v2\/posts\/41227\/revisions\/52190"}],"wp:featuredmedia":[{"embeddable":true,"href":"https:\/\/femepa.org\/web\/wp-json\/wp\/v2\/media\/41975"}],"wp:attachment":[{"href":"https:\/\/femepa.org\/web\/wp-json\/wp\/v2\/media?parent=41227"}],"wp:term":[{"taxonomy":"category","embeddable":true,"href":"https:\/\/femepa.org\/web\/wp-json\/wp\/v2\/categories?post=41227"},{"taxonomy":"post_tag","embeddable":true,"href":"https:\/\/femepa.org\/web\/wp-json\/wp\/v2\/tags?post=41227"}],"curies":[{"name":"wp","href":"https:\/\/api.w.org\/{rel}","templated":true}]}}