{"id":41258,"date":"2024-01-15T09:16:43","date_gmt":"2024-01-15T09:16:43","guid":{"rendered":"https:\/\/femepa.org\/web\/?p=40924"},"modified":"2024-08-29T19:59:39","modified_gmt":"2024-08-29T18:59:39","slug":"femepa-participa-en-el-seminario-promoviendo-los-proyectos-de-innovacion-de-la-red-pidi","status":"publish","type":"post","link":"https:\/\/femepa.org\/web\/femepa-participa-en-el-seminario-promoviendo-los-proyectos-de-innovacion-de-la-red-pidi\/","title":{"rendered":"FEMEPA participa en el Seminario &#8220;Promoviendo los proyectos de Innovaci\u00f3n&#8221; de la Red PIDI"},"content":{"rendered":"\n<p>La<strong> Federaci\u00f3n Provincial de la pyme del Metal y nuevas tecnolog\u00edas de Las Palmas (FEMEPA)<\/strong> particip\u00f3 en el seminario &#8220;Promoviendo los proyectos de Innovaci\u00f3n&#8221;. Este evento fue organizado por la <strong>Red de Puntos de Informaci\u00f3n sobre Ayudas P\u00fablicas a la I+D+i (Red PIDI)<\/strong> y coordinado por el <strong>Centro para el Desarrollo Tecnol\u00f3gico y la Innovaci\u00f3n (CDTI)<\/strong>. <\/p>\n\n\n\n<div style=\"height:10px\" aria-hidden=\"true\" class=\"wp-block-spacer\"><\/div>\n\n\n\n<p>El seminario tuvo lugar en la Cambra de Comer\u00e7 de Mallorca y las instalaciones de la Fundaci\u00f3 Bit Centre Empresarial Son Espanyol del ParcBit en Palma de Mallorca, durante los d\u00edas 27 y 28 de noviembre de 2023.<\/p>\n\n\n\n<div style=\"height:10px\" aria-hidden=\"true\" class=\"wp-block-spacer\"><\/div>\n\n\n\n<p>En representaci\u00f3n de FEMEPA, <strong>Mario Alberto P\u00e9rez N\u00fa\u00f1ez<\/strong>, responsable de la Oficina Acelera Pyme, particip\u00f3 en este importante evento. El motivo principal de su asistencia fue obtener informaci\u00f3n actualizada sobre los \u00faltimos instrumentos de financiaci\u00f3n ofrecidos por el CDTI. Durante el seminario, se llevaron a cabo mesas de trabajo con casos reales, enfocadas en la orientaci\u00f3n y proyectos de innovaci\u00f3n empresarial.<\/p>\n\n\n\n<div style=\"height:10px\" aria-hidden=\"true\" class=\"wp-block-spacer\"><\/div>\n\n\n\n<p>Adem\u00e1s, como parte de las actividades del seminario, destac\u00f3 la ponencia sobre los fen\u00f3menos meteorol\u00f3gicos extremos en las costas insulares. La Universidad de Islas Baleares fue la encargada de presentar esta interesante perspectiva sobre un tema de relevancia para la regi\u00f3n.<\/p>\n\n\n\n<div style=\"height:10px\" aria-hidden=\"true\" class=\"wp-block-spacer\"><\/div>\n\n\n\n<p>La presencia de FEMEPA en este seminario demuestra su compromiso con la innovaci\u00f3n y su inter\u00e9s en mantenerse a la vanguardia de los avances tecnol\u00f3gicos.<\/p>\n\n\n\n<div style=\"height:10px\" aria-hidden=\"true\" class=\"wp-block-spacer\"><\/div>\n\n\n\n<p>Cabe destacar que la asistencia al seminario fue tambi\u00e9n financiada por el <strong>proyecto 4p0rt (MAC2 \/ 2.3d \/ 326)<\/strong>, que cuenta con la cofinanciaci\u00f3n del <strong>Fondo Europeo de Desarrollo Regional FEDER<\/strong> a trav\u00e9s del <strong>Programa Interreg-MAC 2014-2020.<\/strong><\/p>\n\n\n\n<figure class=\"wp-block-image size-large\"><img decoding=\"async\" src=\"https:\/\/kubo.femepa.org\/wp-content\/uploads\/2024\/07\/logos-noticia-mario-1024x244.png\" alt=\"\" class=\"wp-image-40925\" \/><\/figure>\n","protected":false},"excerpt":{"rendered":"<p>La Federaci\u00f3n Provincial de la pyme del Metal y nuevas tecnolog\u00edas de Las Palmas (FEMEPA) particip\u00f3 en el seminario &#8220;Promoviendo los proyectos de Innovaci\u00f3n&#8221;. Este evento fue organizado por la Red de Puntos de Informaci\u00f3n sobre Ayudas P\u00fablicas a la I+D+i (Red PIDI) y coordinado por el Centro para el Desarrollo Tecnol\u00f3gico y la Innovaci\u00f3n [&hellip;]<\/p>\n","protected":false},"author":4,"featured_media":42013,"comment_status":"closed","ping_status":"open","sticky":false,"template":"","format":"standard","meta":{"_acf_changed":false,"rs_blank_template":"","rs_page_bg_color":"","slide_template_v7":"","footnotes":""},"categories":[3200,1],"tags":[474,3037,64,199,3038,1491],"class_list":["post-41258","post","type-post","status-publish","format-standard","has-post-thumbnail","hentry","category-3200","category-sin-categoria","tag-cdti","tag-centro-para-el-desarrollo-tecnologico-y-la-innovacion","tag-femepa","tag-innovacion","tag-red-de-puntos-de-informacion-sobre-ayudas-publicas-a-la-idi","tag-red-pidi"],"acf":[],"_links":{"self":[{"href":"https:\/\/femepa.org\/web\/wp-json\/wp\/v2\/posts\/41258","targetHints":{"allow":["GET"]}}],"collection":[{"href":"https:\/\/femepa.org\/web\/wp-json\/wp\/v2\/posts"}],"about":[{"href":"https:\/\/femepa.org\/web\/wp-json\/wp\/v2\/types\/post"}],"author":[{"embeddable":true,"href":"https:\/\/femepa.org\/web\/wp-json\/wp\/v2\/users\/4"}],"replies":[{"embeddable":true,"href":"https:\/\/femepa.org\/web\/wp-json\/wp\/v2\/comments?post=41258"}],"version-history":[{"count":1,"href":"https:\/\/femepa.org\/web\/wp-json\/wp\/v2\/posts\/41258\/revisions"}],"predecessor-version":[{"id":45791,"href":"https:\/\/femepa.org\/web\/wp-json\/wp\/v2\/posts\/41258\/revisions\/45791"}],"wp:featuredmedia":[{"embeddable":true,"href":"https:\/\/femepa.org\/web\/wp-json\/wp\/v2\/media\/42013"}],"wp:attachment":[{"href":"https:\/\/femepa.org\/web\/wp-json\/wp\/v2\/media?parent=41258"}],"wp:term":[{"taxonomy":"category","embeddable":true,"href":"https:\/\/femepa.org\/web\/wp-json\/wp\/v2\/categories?post=41258"},{"taxonomy":"post_tag","embeddable":true,"href":"https:\/\/femepa.org\/web\/wp-json\/wp\/v2\/tags?post=41258"}],"curies":[{"name":"wp","href":"https:\/\/api.w.org\/{rel}","templated":true}]}}