{"id":41262,"date":"2024-01-18T14:04:14","date_gmt":"2024-01-18T14:04:14","guid":{"rendered":"https:\/\/femepa.org\/web\/?p=40954"},"modified":"2024-08-29T19:59:38","modified_gmt":"2024-08-29T18:59:38","slug":"femepa-recibe-a-la-red-de-empleabilidad-de-las-palmas-de-gran-canaria","status":"publish","type":"post","link":"https:\/\/femepa.org\/web\/femepa-recibe-a-la-red-de-empleabilidad-de-las-palmas-de-gran-canaria\/","title":{"rendered":"Femepa recibe a la Red de Empleabilidad de Las Palmas de Gran Canaria"},"content":{"rendered":"\n<p>La <strong>Red de Empleabilidad de Las Palmas de Gran Canaria<\/strong> celebr\u00f3 el pasado martes d\u00eda 16, su encuentro trimestral en las instalaciones de <strong>Femepa<\/strong>.<\/p>\n\n\n\n<div style=\"height:10px\" aria-hidden=\"true\" class=\"wp-block-spacer\"><\/div>\n\n\n\n<p>Nuestra directora de Formaci\u00f3n y Empleo,<strong> Yaiza Enr\u00edquez<\/strong>, apoyada por su equipo multidisciplinar dio la bienvenido y present\u00f3 los proyectos que se van a desarrollar durante esta anualidad del \u00e1rea de Formaci\u00f3n y Empleo.<\/p>\n\n\n\n<div style=\"height:10px\" aria-hidden=\"true\" class=\"wp-block-spacer\"><\/div>\n\n\n\n<p>Posteriormente, el equipo de las <strong>Oficinas de Empleo del SCE de Las Palmas de Gran Canaria<\/strong> junto con el resto de entidades, organizaciones y asociaciones que acudieron al encuentro, trabajaron el Cuestionario de Necesidades Actuales de Formaci\u00f3n y Empleo.<\/p>\n\n\n\n<div style=\"height:10px\" aria-hidden=\"true\" class=\"wp-block-spacer\"><\/div>\n\n\n\n<p>Desde <strong>Femepa<\/strong> y <strong>Fundaci\u00f3n Femepa<\/strong> agradecemos que hayan depositado en nosotros la confianza para organizar este encuentro en nuestras instalaciones. Gracias a todos y todas por asistir y por aportar nuevas iniciativas de cara al futuro de la REC de las Palmas de Gran Canaria.<\/p>\n","protected":false},"excerpt":{"rendered":"<p>La Red de Empleabilidad de Las Palmas de Gran Canaria celebr\u00f3 el pasado martes d\u00eda 16, su encuentro trimestral en las instalaciones de Femepa. Nuestra directora de Formaci\u00f3n y Empleo, Yaiza Enr\u00edquez, apoyada por su equipo multidisciplinar dio la bienvenido y present\u00f3 los proyectos que se van a desarrollar durante esta anualidad del \u00e1rea de [&hellip;]<\/p>\n","protected":false},"author":4,"featured_media":42017,"comment_status":"closed","ping_status":"open","sticky":false,"template":"","format":"standard","meta":{"_acf_changed":false,"rs_blank_template":"","rs_page_bg_color":"","slide_template_v7":"","footnotes":""},"categories":[3200,1],"tags":[180,64],"class_list":["post-41262","post","type-post","status-publish","format-standard","has-post-thumbnail","hentry","category-3200","category-sin-categoria","tag-empleo","tag-femepa"],"acf":[],"_links":{"self":[{"href":"https:\/\/femepa.org\/web\/wp-json\/wp\/v2\/posts\/41262","targetHints":{"allow":["GET"]}}],"collection":[{"href":"https:\/\/femepa.org\/web\/wp-json\/wp\/v2\/posts"}],"about":[{"href":"https:\/\/femepa.org\/web\/wp-json\/wp\/v2\/types\/post"}],"author":[{"embeddable":true,"href":"https:\/\/femepa.org\/web\/wp-json\/wp\/v2\/users\/4"}],"replies":[{"embeddable":true,"href":"https:\/\/femepa.org\/web\/wp-json\/wp\/v2\/comments?post=41262"}],"version-history":[{"count":1,"href":"https:\/\/femepa.org\/web\/wp-json\/wp\/v2\/posts\/41262\/revisions"}],"predecessor-version":[{"id":45787,"href":"https:\/\/femepa.org\/web\/wp-json\/wp\/v2\/posts\/41262\/revisions\/45787"}],"wp:featuredmedia":[{"embeddable":true,"href":"https:\/\/femepa.org\/web\/wp-json\/wp\/v2\/media\/42017"}],"wp:attachment":[{"href":"https:\/\/femepa.org\/web\/wp-json\/wp\/v2\/media?parent=41262"}],"wp:term":[{"taxonomy":"category","embeddable":true,"href":"https:\/\/femepa.org\/web\/wp-json\/wp\/v2\/categories?post=41262"},{"taxonomy":"post_tag","embeddable":true,"href":"https:\/\/femepa.org\/web\/wp-json\/wp\/v2\/tags?post=41262"}],"curies":[{"name":"wp","href":"https:\/\/api.w.org\/{rel}","templated":true}]}}