{"id":41266,"date":"2024-01-22T18:38:09","date_gmt":"2024-01-22T18:38:09","guid":{"rendered":"https:\/\/femepa.org\/web\/?p=40991"},"modified":"2024-08-29T19:59:38","modified_gmt":"2024-08-29T18:59:38","slug":"gala-de-entrega-de-premios-al-liderazgo-de-atlantico-hoy-29-de-enero","status":"publish","type":"post","link":"https:\/\/femepa.org\/web\/gala-de-entrega-de-premios-al-liderazgo-de-atlantico-hoy-29-de-enero\/","title":{"rendered":"Gala de entrega de premios al liderazgo de &#8220;Atl\u00e1ntico Hoy&#8221; (29 de enero)"},"content":{"rendered":"\n<p>El pr\u00f3ximo&nbsp;<strong><u>lunes 29 de enero a las 19:00h. tendr\u00e1 lugar en el Hotel Santa Catalina<\/u><\/strong>&nbsp;de Las Palmas de Gran Canaria, la gala de entrega de los&nbsp;<strong><u>Premios Atl\u00e1ntico Hoy al liderazgo<\/u><\/strong>&nbsp;, y todas aquellas empresas asociadas a FEMEPA que lo deseen podr\u00e1n disfrutar de esta noche excepcional donde se destacar\u00e1n los logros y contribuciones significativas de los mejores l\u00edderes del Archipi\u00e9lago.<br \/><br \/>Durante esta gala, a la que asistir\u00e1 el Presidente del Gobierno de Canarias, Fernando Clavijo y destacadas personalidades del tejido empresarial de Canarias, se reconocer\u00e1n las mejores pr\u00e1cticas individuales en el terreno, empresarial, social, cultural, en&nbsp;innovaci\u00f3n o en sostenibilidad,<\/p>\n\n\n\n<p>El programa del evento dise\u00f1ado para esta ocasi\u00f3n ser\u00e1 el que se detalla a continuaci\u00f3n<\/p>\n\n\n\n<p>\u00b7&nbsp;&nbsp;<strong>19:00 &#8211; Recepci\u00f3n de Invitados<\/strong><\/p>\n\n\n\n<p>\u00b7&nbsp;&nbsp;<strong>19:30 &#8211; Ceremonia de entrega de premios<\/strong><\/p>\n\n\n\n<p>\u00b7&nbsp;&nbsp;<strong>21:00 &#8211; Cocktail de Gala y Networking<\/strong><\/p>\n\n\n\n<p><br \/>En caso de querer asistir, rogamos confirme su asistencia antes del 26 de enero al correo electr\u00f3nico&nbsp;<a target=\"_blank\" href=\"mailto:ecalvo@atlanticohoy.com\" rel=\"noreferrer noopener\">ecalvo@atlanticohoy.com<\/a>&nbsp;o al tel\u00e9fono 619 310 546<\/p>\n","protected":false},"excerpt":{"rendered":"<p>El pr\u00f3ximo&nbsp;lunes 29 de enero a las 19:00h. tendr\u00e1 lugar en el Hotel Santa Catalina&nbsp;de Las Palmas de Gran Canaria, la gala de entrega de los&nbsp;Premios Atl\u00e1ntico Hoy al liderazgo&nbsp;, y todas aquellas empresas asociadas a FEMEPA que lo deseen podr\u00e1n disfrutar de esta noche excepcional donde se destacar\u00e1n los logros y contribuciones significativas de [&hellip;]<\/p>\n","protected":false},"author":4,"featured_media":42023,"comment_status":"closed","ping_status":"open","sticky":false,"template":"","format":"standard","meta":{"_acf_changed":false,"rs_blank_template":"","rs_page_bg_color":"","slide_template_v7":"","footnotes":""},"categories":[3200,1],"tags":[2739,174,64,140,410,3052,167,84,71],"class_list":["post-41266","post","type-post","status-publish","format-standard","has-post-thumbnail","hentry","category-3200","category-sin-categoria","tag-atlantico-hoy","tag-empresas","tag-femepa","tag-gobierno-de-canarias","tag-hotel","tag-liderazgo","tag-premios","tag-pyme","tag-santa-catalina"],"acf":[],"_links":{"self":[{"href":"https:\/\/femepa.org\/web\/wp-json\/wp\/v2\/posts\/41266","targetHints":{"allow":["GET"]}}],"collection":[{"href":"https:\/\/femepa.org\/web\/wp-json\/wp\/v2\/posts"}],"about":[{"href":"https:\/\/femepa.org\/web\/wp-json\/wp\/v2\/types\/post"}],"author":[{"embeddable":true,"href":"https:\/\/femepa.org\/web\/wp-json\/wp\/v2\/users\/4"}],"replies":[{"embeddable":true,"href":"https:\/\/femepa.org\/web\/wp-json\/wp\/v2\/comments?post=41266"}],"version-history":[{"count":1,"href":"https:\/\/femepa.org\/web\/wp-json\/wp\/v2\/posts\/41266\/revisions"}],"predecessor-version":[{"id":45783,"href":"https:\/\/femepa.org\/web\/wp-json\/wp\/v2\/posts\/41266\/revisions\/45783"}],"wp:featuredmedia":[{"embeddable":true,"href":"https:\/\/femepa.org\/web\/wp-json\/wp\/v2\/media\/42023"}],"wp:attachment":[{"href":"https:\/\/femepa.org\/web\/wp-json\/wp\/v2\/media?parent=41266"}],"wp:term":[{"taxonomy":"category","embeddable":true,"href":"https:\/\/femepa.org\/web\/wp-json\/wp\/v2\/categories?post=41266"},{"taxonomy":"post_tag","embeddable":true,"href":"https:\/\/femepa.org\/web\/wp-json\/wp\/v2\/tags?post=41266"}],"curies":[{"name":"wp","href":"https:\/\/api.w.org\/{rel}","templated":true}]}}