{"id":41277,"date":"2024-02-14T11:31:50","date_gmt":"2024-02-14T11:31:50","guid":{"rendered":"https:\/\/femepa.org\/web\/?p=41109"},"modified":"2024-08-29T20:01:52","modified_gmt":"2024-08-29T19:01:52","slug":"visita-del-presidente-de-industria-minas-y-energia-de-mauritania-a-los-centros-de-formacion-de-femepa","status":"publish","type":"post","link":"https:\/\/femepa.org\/web\/visita-del-presidente-de-industria-minas-y-energia-de-mauritania-a-los-centros-de-formacion-de-femepa\/","title":{"rendered":"Visita del presidente de la Federaci\u00f3n de\u00a0Industria, Minas y Energ\u00eda de Mauritania a los centros de Formaci\u00f3n de Femepa"},"content":{"rendered":"\n<p>El pasado mi\u00e9rcoles 7 de febrero, <strong>Nagi Ichedou<\/strong>, presidente de la <strong>Federaci\u00f3n de Industria, Minas y Energ\u00eda de Mauritania<\/strong>, realiz\u00f3 una visita a los centros de formaci\u00f3n de <strong>Femepa<\/strong> en El Sebadal. El objetivo principal de esta visita fue conocer de primera mano las actividades y el potencial educativo que ofrece la Federaci\u00f3n Provincial del Metal y las Nuevas Tecnolog\u00edas de Las Palmas.<\/p>\n\n\n\n<div style=\"height:11px\" aria-hidden=\"true\" class=\"wp-block-spacer\"><\/div>\n\n\n\n<p>Ichedou fue recibido por <strong>Juan Carlos Betancor<\/strong>, secretario general de Femepa, <strong>Yaiza Enr\u00edquez<\/strong>, directora de Formaci\u00f3n y Empleo,<strong> Irina Le\u00f3n<\/strong>, directora de Innovaci\u00f3n, Internacionalizaci\u00f3n y Sostenibilidad y <strong>Coraima D\u00edaz<\/strong>, t\u00e9cnica de Transformaci\u00f3n Digital quienes dieron a conocer las actividades desarrolladas por la entidad en materia de&nbsp; formaci\u00f3n e internacionalizaci\u00f3n.<\/p>\n\n\n\n<div style=\"height:11px\" aria-hidden=\"true\" class=\"wp-block-spacer\"><\/div>\n\n\n\n<p><strong>Ver videorresumen &gt;&gt;<\/strong><a href=\"https:\/\/youtu.be\/T2gSLnYVL_k\"><strong>AQU\u00cd<\/strong><\/a><\/p>\n\n\n\n<div style=\"height:11px\" aria-hidden=\"true\" class=\"wp-block-spacer\"><\/div>\n\n\n\n<p><strong>Ver galer\u00eda fotogr\u00e1fica &gt;&gt; <\/strong><a href=\"https:\/\/flic.kr\/s\/aHBqjBeaK1\"><strong>AQU\u00cd<\/strong><\/a><\/p>\n","protected":false},"excerpt":{"rendered":"<p>El pasado mi\u00e9rcoles 7 de febrero, Nagi Ichedou, presidente de la Federaci\u00f3n de Industria, Minas y Energ\u00eda de Mauritania, realiz\u00f3 una visita a los centros de formaci\u00f3n de Femepa en El Sebadal. El objetivo principal de esta visita fue conocer de primera mano las actividades y el potencial educativo que ofrece la Federaci\u00f3n Provincial del [&hellip;]<\/p>\n","protected":false},"author":4,"featured_media":42036,"comment_status":"closed","ping_status":"open","sticky":false,"template":"","format":"standard","meta":{"_acf_changed":false,"rs_blank_template":"","rs_page_bg_color":"","slide_template_v7":"","footnotes":""},"categories":[3200,1],"tags":[138,64,143,219,712],"class_list":["post-41277","post","type-post","status-publish","format-standard","has-post-thumbnail","hentry","category-3200","category-sin-categoria","tag-energia","tag-femepa","tag-formacion","tag-industria","tag-mauritania"],"acf":[],"_links":{"self":[{"href":"https:\/\/femepa.org\/web\/wp-json\/wp\/v2\/posts\/41277","targetHints":{"allow":["GET"]}}],"collection":[{"href":"https:\/\/femepa.org\/web\/wp-json\/wp\/v2\/posts"}],"about":[{"href":"https:\/\/femepa.org\/web\/wp-json\/wp\/v2\/types\/post"}],"author":[{"embeddable":true,"href":"https:\/\/femepa.org\/web\/wp-json\/wp\/v2\/users\/4"}],"replies":[{"embeddable":true,"href":"https:\/\/femepa.org\/web\/wp-json\/wp\/v2\/comments?post=41277"}],"version-history":[{"count":1,"href":"https:\/\/femepa.org\/web\/wp-json\/wp\/v2\/posts\/41277\/revisions"}],"predecessor-version":[{"id":45810,"href":"https:\/\/femepa.org\/web\/wp-json\/wp\/v2\/posts\/41277\/revisions\/45810"}],"wp:featuredmedia":[{"embeddable":true,"href":"https:\/\/femepa.org\/web\/wp-json\/wp\/v2\/media\/42036"}],"wp:attachment":[{"href":"https:\/\/femepa.org\/web\/wp-json\/wp\/v2\/media?parent=41277"}],"wp:term":[{"taxonomy":"category","embeddable":true,"href":"https:\/\/femepa.org\/web\/wp-json\/wp\/v2\/categories?post=41277"},{"taxonomy":"post_tag","embeddable":true,"href":"https:\/\/femepa.org\/web\/wp-json\/wp\/v2\/tags?post=41277"}],"curies":[{"name":"wp","href":"https:\/\/api.w.org\/{rel}","templated":true}]}}