{"id":41281,"date":"2024-02-22T17:02:16","date_gmt":"2024-02-22T17:02:16","guid":{"rendered":"https:\/\/femepa.org\/web\/?p=41161"},"modified":"2026-04-07T09:05:18","modified_gmt":"2026-04-07T08:05:18","slug":"tercera-edicion-de-los-premios-canarias-economia-sostenible","status":"publish","type":"post","link":"https:\/\/femepa.org\/web\/tercera-edicion-de-los-premios-canarias-economia-sostenible\/","title":{"rendered":"Tercera Edici\u00f3n de los &#8220;Premios Canarias Econom\u00eda Sostenible&#8221;"},"content":{"rendered":"\t\t<div data-elementor-type=\"wp-post\" data-elementor-id=\"41281\" class=\"elementor elementor-41281\" data-elementor-post-type=\"post\">\n\t\t\t\t<div class=\"elementor-element elementor-element-17ac399c e-flex e-con-boxed e-con e-parent\" data-id=\"17ac399c\" data-element_type=\"container\" data-e-type=\"container\">\n\t\t\t\t\t<div class=\"e-con-inner\">\n\t\t\t\t<div class=\"elementor-element elementor-element-555b6f31 elementor-widget elementor-widget-text-editor\" data-id=\"555b6f31\" data-element_type=\"widget\" data-e-type=\"widget\" data-widget_type=\"text-editor.default\">\n\t\t\t\t<div class=\"elementor-widget-container\">\n\t\t\t\t\t\t\t\t\t\n<p><strong>Objeto y finalidad<\/strong><\/p>\n\n<div class=\"wp-block-spacer\" style=\"height: 10px;\" aria-hidden=\"true\">\u00a0<\/div>\n\n<p>La Fundaci\u00f3n La Caja de Canarias y CaixaBank convocan los PREMIOS CANARIAS ECONOM\u00cdA VERDE; ECONOM\u00cdA AZUL; ECONOM\u00cdA CIRCULAR; Y CIENCIA Y T\u00c9CNICA ECO.<\/p>\n\n<div class=\"wp-block-spacer\" style=\"height: 10px;\" aria-hidden=\"true\">\u00a0<\/div>\n\n<p>Con ellos se pretende reconocer las iniciativas que hayan destacado durante el a\u00f1o 2023 por su contribuci\u00f3n a la lucha contra el cambio clim\u00e1tico, la defensa de la biodiversidad o la implantaci\u00f3n de la econom\u00eda circular en el mundo de la empresa y la ciencia y tecnolog\u00eda en Canarias.<\/p>\n\n<div class=\"wp-block-spacer\" style=\"height: 10px;\" aria-hidden=\"true\">\u00a0<\/div>\n\n<p><strong>Beneficiarios<\/strong><\/p>\n\n<div class=\"wp-block-spacer\" style=\"height: 10px;\" aria-hidden=\"true\">\u00a0<\/div>\n\n<p>Pondr\u00e1n presentarse a los mismos todas las personas naturales o jur\u00eddicas que desarrollen una actividad o iniciativa de emprendimiento o empresarial o que hayan realizado una aportaci\u00f3n a una actividad cient\u00edfico-t\u00e9cnica, en el territorio de la Comunidad Aut\u00f3noma.<\/p>\n\n<div class=\"wp-block-spacer\" style=\"height: 10px;\" aria-hidden=\"true\">\u00a0<\/div>\n\n<p>Tambi\u00e9n pueden presentar su candidatura equipos, grupos o alianzas de personas naturales o jur\u00eddicas que re\u00fanan los dem\u00e1s requisitos de la Convocatoria.<\/p>\n\n<div class=\"wp-block-spacer\" style=\"height: 10px;\" aria-hidden=\"true\">\u00a0<\/div>\n\n<p><strong>Categor\u00edas<\/strong><\/p>\n\n<div class=\"wp-block-spacer\" style=\"height: 10px;\" aria-hidden=\"true\">\u00a0<\/div>\n\n<ul class=\"wp-block-list\">\n<li>El\u00a0<strong>Premio Econom\u00eda Verde<\/strong>\u00a0reconocer\u00e1 las iniciativas de los emprendedores que realizan su actividad en el \u00e1mbito rural, que contribuya a a la lucha contra el cambio clim\u00e1tico, la defensa de la biodiversidad o la implantaci\u00f3n de la econom\u00eda circular en dicho \u00e1mbito.<\/li>\n\n<li>El\u00a0<strong>Premio Econom\u00eda Azul\u00a0<\/strong>reconocer\u00e1 las iniciativas de los emprendedores que realizan su actividad en el \u00e1mbito mar\u00edtimo, que contribuyan la lucha contra el cambio clim\u00e1tico, la defensa de la biodiversidad o la implantaci\u00f3n de la econom\u00eda circular en dicho \u00e1mbito.<\/li>\n\n<li>El\u00a0<strong>Premio Econom\u00eda Circular<\/strong>\u00a0reconocer\u00e1 las iniciativas en un \u00e1mbito no rural o no mar\u00edtimo que contribuyan a la lucha contra el cambio clim\u00e1tico, la defensa de la biodiversidad o la implantaci\u00f3n de la econom\u00eda circular en dicho \u00e1mbito.<\/li>\n\n<li>El\u00a0<strong>Premio Ciencia y T\u00e9cnica ECO<\/strong>\u00a0reconocer\u00e1 las iniciativas en los \u00e1mbitos cient\u00edfico t\u00e9cnico que contribuyan al desarrollo de una sociedad con una econom\u00eda sostenible, a la lucha contra el cambio clim\u00e1tico, la defensa de la biodiversidad o la implantaci\u00f3n de la econom\u00eda circular en cualquiera de los \u00e1mbitos anteriores.<\/li>\n<\/ul>\n\n<div class=\"wp-block-spacer\" style=\"height: 10px;\" aria-hidden=\"true\">\u00a0<\/div>\n\n<p><strong>Candidatura ganadora<\/strong><\/p>\n\n<div class=\"wp-block-spacer\" style=\"height: 10px;\" aria-hidden=\"true\">\u00a0<\/div>\n\n<p>A la candidatura ganadora de cada Premio se le entregar\u00e1 un objeto acreditativo elaborado en material ecol\u00f3gico y\u00a0<strong>3.000 euros<\/strong>.<\/p>\n\n<div class=\"wp-block-spacer\" style=\"height: 10px;\" aria-hidden=\"true\">\u00a0<\/div>\n\n<p><strong>Plazo y lugar de presentaci\u00f3n<\/strong><\/p>\n\n<div class=\"wp-block-spacer\" style=\"height: 10px;\" aria-hidden=\"true\">\u00a0<\/div>\n\n<p>El plazo de presentaci\u00f3n de candidaturas estar\u00e1 abierto hasta el\u00a0<strong>28 de abril<\/strong>.<\/p>\n\n<div class=\"wp-block-spacer\" style=\"height: 10px;\" aria-hidden=\"true\">\u00a0<\/div>\n\n<p>Las candidaturas, indicando el premio que se concurre, deber\u00e1n presentarse electr\u00f3nicamente a la Direcci\u00f3n General de la Fundaci\u00f3n La Caja de Canarias a trav\u00e9s del correo electr\u00f3nico\u00a0<a href=\"mailto:premioscanarias@fundacionlacajadecanarias.es\" target=\"_blank\" rel=\"noreferrer noopener\">premioscanarias@fundacionlacajadecanarias.es<\/a>.<\/p>\n\n<div class=\"wp-block-spacer\" style=\"height: 10px;\" aria-hidden=\"true\">\u00a0<\/div>\n\n<p>Para m\u00e1s informaci\u00f3n puede contactar con:<\/p>\n\n<ul class=\"wp-block-list\">\n<li>La<strong>\u00a0<\/strong>T\u00e9cnica de Igualdad y Sostenibilidad 928296161, ext. #2509\u00a0<a href=\"mailto:gema.garcia@femepa.es\">gema.garcia@femepa.es<\/a>.<\/li>\n\n<li>La T\u00e9cnica de Innovaci\u00f3n 928296161, ext. #2524\u00a0<a href=\"mailto:arianna.sanchez@femepa.es\" target=\"_blank\" rel=\"noreferrer noopener\">arianna.sanchez@femepa.es<\/a><\/li>\n<\/ul>\n\n<div class=\"wp-block-spacer\" style=\"height: 10px;\" aria-hidden=\"true\"><img fetchpriority=\"high\" decoding=\"async\" class=\"aligncenter wp-image-49442 size-full\" src=\"https:\/\/femepa.org\/web\/wp-content\/uploads\/2025\/05\/TIRA-RedCIDE-v1-2024-v1-1.avif\" alt=\"\" width=\"1920\" height=\"248\" srcset=\"https:\/\/femepa.org\/web\/wp-content\/uploads\/2025\/05\/TIRA-RedCIDE-v1-2024-v1-1.avif 1920w, https:\/\/femepa.org\/web\/wp-content\/uploads\/2025\/05\/TIRA-RedCIDE-v1-2024-v1-1-300x39.avif 300w, https:\/\/femepa.org\/web\/wp-content\/uploads\/2025\/05\/TIRA-RedCIDE-v1-2024-v1-1-768x99.avif 768w, https:\/\/femepa.org\/web\/wp-content\/uploads\/2025\/05\/TIRA-RedCIDE-v1-2024-v1-1-1536x198.avif 1536w\" sizes=\"(max-width: 1920px) 100vw, 1920px\" \/><\/div>\n\t\t\t\t\t\t\t\t<\/div>\n\t\t\t\t<\/div>\n\t\t\t\t\t<\/div>\n\t\t\t\t<\/div>\n\t\t\t\t<\/div>\n\t\t","protected":false},"excerpt":{"rendered":"<p>Objeto y finalidad La Fundaci\u00f3n La Caja de Canarias y CaixaBank convocan los PREMIOS CANARIAS ECONOM\u00cdA VERDE; ECONOM\u00cdA AZUL; ECONOM\u00cdA CIRCULAR; Y CIENCIA Y T\u00c9CNICA ECO. Con ellos se pretende reconocer las iniciativas que hayan destacado durante el a\u00f1o 2023 por su contribuci\u00f3n a la lucha contra el cambio clim\u00e1tico, la defensa de la biodiversidad [&hellip;]<\/p>\n","protected":false},"author":4,"featured_media":41166,"comment_status":"closed","ping_status":"open","sticky":false,"template":"","format":"standard","meta":{"_acf_changed":false,"rs_blank_template":"","rs_page_bg_color":"","slide_template_v7":"","footnotes":""},"categories":[3200,1],"tags":[3066,1996,598,924,1811,64,3067,3068],"class_list":["post-41281","post","type-post","status-publish","format-standard","has-post-thumbnail","hentry","category-3200","category-sin-categoria","tag-caixabank","tag-economia","tag-economia-azul","tag-economia-circular","tag-economia-verde","tag-femepa","tag-la-caja-de-canarias","tag-premios-canarias-economia-sostenible"],"acf":[],"_links":{"self":[{"href":"https:\/\/femepa.org\/web\/wp-json\/wp\/v2\/posts\/41281","targetHints":{"allow":["GET"]}}],"collection":[{"href":"https:\/\/femepa.org\/web\/wp-json\/wp\/v2\/posts"}],"about":[{"href":"https:\/\/femepa.org\/web\/wp-json\/wp\/v2\/types\/post"}],"author":[{"embeddable":true,"href":"https:\/\/femepa.org\/web\/wp-json\/wp\/v2\/users\/4"}],"replies":[{"embeddable":true,"href":"https:\/\/femepa.org\/web\/wp-json\/wp\/v2\/comments?post=41281"}],"version-history":[{"count":4,"href":"https:\/\/femepa.org\/web\/wp-json\/wp\/v2\/posts\/41281\/revisions"}],"predecessor-version":[{"id":52223,"href":"https:\/\/femepa.org\/web\/wp-json\/wp\/v2\/posts\/41281\/revisions\/52223"}],"wp:featuredmedia":[{"embeddable":true,"href":"https:\/\/femepa.org\/web\/wp-json\/wp\/v2\/media\/41166"}],"wp:attachment":[{"href":"https:\/\/femepa.org\/web\/wp-json\/wp\/v2\/media?parent=41281"}],"wp:term":[{"taxonomy":"category","embeddable":true,"href":"https:\/\/femepa.org\/web\/wp-json\/wp\/v2\/categories?post=41281"},{"taxonomy":"post_tag","embeddable":true,"href":"https:\/\/femepa.org\/web\/wp-json\/wp\/v2\/tags?post=41281"}],"curies":[{"name":"wp","href":"https:\/\/api.w.org\/{rel}","templated":true}]}}