{"id":41387,"date":"2024-04-03T18:15:29","date_gmt":"2024-04-03T17:15:29","guid":{"rendered":"https:\/\/femepa.org\/web\/?p=41387"},"modified":"2024-08-29T20:03:35","modified_gmt":"2024-08-29T19:03:35","slug":"carlos-rodriguez-es-reelegido-presidente-de-la-asociacion-de-empresarios-de-energias-renovables-de-las-palmas-aserpa","status":"publish","type":"post","link":"https:\/\/femepa.org\/web\/carlos-rodriguez-es-reelegido-presidente-de-la-asociacion-de-empresarios-de-energias-renovables-de-las-palmas-aserpa\/","title":{"rendered":"Carlos Rodr\u00edguez, es reelegido presidente de la Asociaci\u00f3n de Empresarios de Energ\u00edas Renovables de Las Palmas (ASERPA)"},"content":{"rendered":"\n<p><strong>ASERPA es una asociaci\u00f3n integrada en Femepa, que asume el reto de liderar la transformaci\u00f3n del modelo energ\u00e9tico a trav\u00e9s de la incorporaci\u00f3n de las EERR y Eficiencia Energ\u00e9tica en la provincia de Las Palmas<\/strong><\/p>\n\n\n\n<div style=\"height:11px\" aria-hidden=\"true\" class=\"wp-block-spacer\"><\/div>\n\n\n\n<p class=\"has-text-align-justify\">Este mi\u00e9rcoles se re\u00fane la Asamblea General Ordinaria en la sede provincial de Femepa, para tratar los asuntos propios de la Asociaci\u00f3n, para luego proceder a la celebraci\u00f3n de la Asamblea General Extraordinaria de Car\u00e1cter Electoral para elegir una nueva Junta Directiva.<\/p>\n\n\n\n<div style=\"height:11px\" aria-hidden=\"true\" class=\"wp-block-spacer\"><\/div>\n\n\n\n<p class=\"has-text-align-justify\">Como resultado de electoral cabe destacar la reelecci\u00f3n de su presidente, Carlos Rodr\u00edguez Castellano, quedando constituida la Junta Directiva de ASERPA para los pr\u00f3ximos dos a\u00f1os de la siguiente manera:<\/p>\n\n\n\n<div style=\"height:11px\" aria-hidden=\"true\" class=\"wp-block-spacer\"><\/div>\n\n\n\n<ul class=\"wp-block-list\">\n<li>Presidente: Carlos Rodriguez Castellano representante de la empresa Alfa 90 Suministros y Servicios, S.L.<\/li>\n<\/ul>\n\n\n\n<ul class=\"wp-block-list\">\n<li>Vicepresidente: D. Fernando Caballero Roig representante de la empresa DIELCA, S.A<\/li>\n<\/ul>\n\n\n\n<ul class=\"wp-block-list\">\n<li>Tesorero: D. Javier Torres Vel\u00e1zquez representante de la empresa SOTEMA Tecnolog\u00edas y medio ambiente, S.L.<\/li>\n<\/ul>\n\n\n\n<ul class=\"wp-block-list\">\n<li>Vocal: D\u00f1a. Patricia Jimenez Marcelo representante de la empresa Hidroser, S.L.<\/li>\n<\/ul>\n\n\n\n<ul class=\"wp-block-list\">\n<li>Vocal: D. Abel Suarez Ram\u00edrez representante de la empresa ASR2020 PROYECTOS E INVERSIONES S.L<\/li>\n<\/ul>\n\n\n\n<ul class=\"wp-block-list\">\n<li>Vocal: D. Jos\u00e9 Alberto Garcia Rodriguez representante de la empresa Greening Suministros y Montajes, SL.<\/li>\n<\/ul>\n\n\n\n<ul class=\"wp-block-list\">\n<li>Vocal: D. Juan Luis C\u00e1rdenes Gantes representante de la empresa YUBA, S.L<\/li>\n<\/ul>\n\n\n\n<ul class=\"wp-block-list\">\n<li>Vocal: D. Francisco Artiles Rodriguez en representaci\u00f3n de Sureste Refrigeraci\u00f3n, S.C.P.<\/li>\n<\/ul>\n\n\n\n<p class=\"has-text-align-justify\">ASERPA se plantea tres objetivos para la pr\u00f3xima legislatura. Por un lado, se plantea la mejora de la comunicaci\u00f3n hacia la sociedad en general, de la importancia de la implantaci\u00f3n de las medidas de eficiencia energ\u00e9tica y renovables, que aparte de aportar beneficios econ\u00f3micos y medio ambientales, son medidas de que van a venir impuestas en el reglamento por Europa, por otro lado mejorar la presencia de ASERPA en Instituciones y centros de decisi\u00f3n con respecto a la dotaci\u00f3n y gesti\u00f3n de fondos p\u00fablicos (Feder, Next Generation) en este sector para procurar su mejor gesti\u00f3n y aprovechamiento y por \u00faltimo el apoyo a la mejora de los diferentes escuelas de oficios y promoci\u00f3n de perfiles profesionales que necesita el sector de las renovables.<\/p>\n\n\n\n<div style=\"height:11px\" aria-hidden=\"true\" class=\"wp-block-spacer\"><\/div>\n\n\n\n<p class=\"has-text-align-justify\"><\/p>\n\n\n\n<div style=\"height:11px\" aria-hidden=\"true\" class=\"wp-block-spacer\"><\/div>\n\n\n\n<p class=\"has-text-align-justify\">Tambi\u00e9n anunciaba la necesidad de participar en m\u00e1s ferias, encuentros profesionales para dinamizar al sector, as\u00ed como contar una mejor representatividad empresarial y pol\u00edtica para lograr los objetivos propuestos.<\/p>\n\n\n\n<div style=\"height:11px\" aria-hidden=\"true\" class=\"wp-block-spacer\"><\/div>\n\n\n\n<p class=\"has-text-align-justify\">Por otro lado, destac\u00f3 la importancia de la formaci\u00f3n para encontrar profesionales cualificados de t\u00e9cnicos de montaje e instalaci\u00f3n, ya que es un sector que ha crecido mucho en poco tiempo. Para ello propone una serie formaci\u00f3n complementaria, que unida a la formaci\u00f3n troncal, aporten mejores profesionales con una alta empleabilidad en Canarias.<\/p>\n","protected":false},"excerpt":{"rendered":"<p>ASERPA es una asociaci\u00f3n integrada en Femepa, que asume el reto de liderar la transformaci\u00f3n del modelo energ\u00e9tico a trav\u00e9s de la incorporaci\u00f3n de las EERR y Eficiencia Energ\u00e9tica en la provincia de Las Palmas Este mi\u00e9rcoles se re\u00fane la Asamblea General Ordinaria en la sede provincial de Femepa, para tratar los asuntos propios de [&hellip;]<\/p>\n","protected":false},"author":4,"featured_media":41388,"comment_status":"closed","ping_status":"open","sticky":false,"template":"","format":"standard","meta":{"_acf_changed":false,"rs_blank_template":"","rs_page_bg_color":"","slide_template_v7":"","footnotes":""},"categories":[3200,1],"tags":[93,3101,487],"class_list":["post-41387","post","type-post","status-publish","format-standard","has-post-thumbnail","hentry","category-3200","category-sin-categoria","tag-aserpa","tag-carlos-rodriguez-castellano","tag-energias-renovables"],"acf":[],"_links":{"self":[{"href":"https:\/\/femepa.org\/web\/wp-json\/wp\/v2\/posts\/41387","targetHints":{"allow":["GET"]}}],"collection":[{"href":"https:\/\/femepa.org\/web\/wp-json\/wp\/v2\/posts"}],"about":[{"href":"https:\/\/femepa.org\/web\/wp-json\/wp\/v2\/types\/post"}],"author":[{"embeddable":true,"href":"https:\/\/femepa.org\/web\/wp-json\/wp\/v2\/users\/4"}],"replies":[{"embeddable":true,"href":"https:\/\/femepa.org\/web\/wp-json\/wp\/v2\/comments?post=41387"}],"version-history":[{"count":1,"href":"https:\/\/femepa.org\/web\/wp-json\/wp\/v2\/posts\/41387\/revisions"}],"predecessor-version":[{"id":45840,"href":"https:\/\/femepa.org\/web\/wp-json\/wp\/v2\/posts\/41387\/revisions\/45840"}],"wp:featuredmedia":[{"embeddable":true,"href":"https:\/\/femepa.org\/web\/wp-json\/wp\/v2\/media\/41388"}],"wp:attachment":[{"href":"https:\/\/femepa.org\/web\/wp-json\/wp\/v2\/media?parent=41387"}],"wp:term":[{"taxonomy":"category","embeddable":true,"href":"https:\/\/femepa.org\/web\/wp-json\/wp\/v2\/categories?post=41387"},{"taxonomy":"post_tag","embeddable":true,"href":"https:\/\/femepa.org\/web\/wp-json\/wp\/v2\/tags?post=41387"}],"curies":[{"name":"wp","href":"https:\/\/api.w.org\/{rel}","templated":true}]}}