{"id":41707,"date":"2024-06-18T09:25:24","date_gmt":"2024-06-18T08:25:24","guid":{"rendered":"https:\/\/femepa.org\/web\/?p=41707"},"modified":"2026-04-07T09:32:10","modified_gmt":"2026-04-07T08:32:10","slug":"convocatoria-de-premios-nacionales-de-innovacion-y-de-diseno-2024","status":"publish","type":"post","link":"https:\/\/femepa.org\/web\/convocatoria-de-premios-nacionales-de-innovacion-y-de-diseno-2024\/","title":{"rendered":"Convocatoria de Premios Nacionales de Innovaci\u00f3n y de Dise\u00f1o 2024"},"content":{"rendered":"\t\t<div data-elementor-type=\"wp-post\" data-elementor-id=\"41707\" class=\"elementor elementor-41707\" data-elementor-post-type=\"post\">\n\t\t\t\t<div class=\"elementor-element elementor-element-27d3f29d e-flex e-con-boxed e-con e-parent\" data-id=\"27d3f29d\" data-element_type=\"container\" data-e-type=\"container\">\n\t\t\t\t\t<div class=\"e-con-inner\">\n\t\t\t\t<div class=\"elementor-element elementor-element-14c8ed39 elementor-widget elementor-widget-text-editor\" data-id=\"14c8ed39\" data-element_type=\"widget\" data-e-type=\"widget\" data-widget_type=\"text-editor.default\">\n\t\t\t\t<div class=\"elementor-widget-container\">\n\t\t\t\t\t\t\t\t\t\n<p><strong>Objeto:<\/strong><\/p>\n\n<div class=\"wp-block-spacer\" style=\"height: 10px;\" aria-hidden=\"true\">\u00a0<\/div>\n\n<p>Distinguir a aquellas organizaciones que han hecho de la innovaci\u00f3n un elemento indispensable en el desarrollo de su estrategia profesional y de su crecimiento empresarial.<\/p>\n\n<div class=\"wp-block-spacer\" style=\"height: 10px;\" aria-hidden=\"true\">\u00a0<\/div>\n\n<p><strong>Beneficiarios:<\/strong><\/p>\n\n<div class=\"wp-block-spacer\" style=\"height: 10px;\" aria-hidden=\"true\">\u00a0<\/div>\n\n<p>Podr\u00e1n ser candidatas las personas jur\u00eddicas que tengan al menos un establecimiento permanente en Espa\u00f1a, v\u00e1lidamente constituido y las personas f\u00edsicas con plena capacidad de obrar, que tengan nacionalidad espa\u00f1ola o sean residentes en Espa\u00f1a.<\/p>\n\n<div class=\"wp-block-spacer\" style=\"height: 10px;\" aria-hidden=\"true\">\u00a0<\/div>\n\n<p><strong>Modalidades:<\/strong><\/p>\n\n<div class=\"wp-block-spacer\" style=\"height: 10px;\" aria-hidden=\"true\">\u00a0<\/div>\n\n<p>a. Premios Nacionales de Innovaci\u00f3n:<\/p>\n\n<div class=\"wp-block-spacer\" style=\"height: 10px;\" aria-hidden=\"true\">\u00a0<\/div>\n\n<ul class=\"wp-block-list\">\n<li>Modalidad &#8220;Trayectoria Innovadora&#8221;: personas f\u00edsicas con una trayectoria de al menos quince a\u00f1os en la que la innovaci\u00f3n ha sido una de las caracter\u00edsticas relevantes.<\/li>\n\n<li>Modalidad\u00a0<strong>&#8220;Gran Empresa Innovadora&#8221;<\/strong>: grandes empresas con una actividad innovadora de al menos quince a\u00f1os.<\/li>\n\n<li>Modalidad\u00a0<strong>&#8220;Peque\u00f1a y Mediana Empresa Innovadora&#8221;<\/strong>: peque\u00f1as y medianas empresas con demostrada actividad innovadora de al menos cinco a\u00f1os.<\/li>\n\n<li>Modalidad &#8220;Joven Talento Innovador&#8221;: dirigidos a aquellas personas con un demostrado potencial innovador, cuya edad no sobrepase los treinta y cinco a\u00f1os en el d\u00eda de la presentaci\u00f3n de la candidatura.<\/li>\n<\/ul>\n\n<div class=\"wp-block-spacer\" style=\"height: 10px;\" aria-hidden=\"true\">\u00a0<\/div>\n\n<p>b. Premios Nacionales de Dise\u00f1o:<\/p>\n\n<div class=\"wp-block-spacer\" style=\"height: 10px;\" aria-hidden=\"true\">\u00a0<\/div>\n\n<ul class=\"wp-block-list\">\n<li>Modalidad &#8220;Trayectoria en Dise\u00f1o&#8221;: Profesionales del dise\u00f1o (personas f\u00edsicas o equipos de profesionales) con una trayectoria de al menos quince a\u00f1os de reconocido prestigio en el sector.<\/li>\n\n<li>Modalidad &#8220;Dise\u00f1o y Empresa&#8221;: empresas que hayan incorporado el dise\u00f1o a su estrategia empresarial durante al menos diez a\u00f1os.<\/li>\n\n<li>Modalidad &#8220;J\u00f3venes Profesionales del Dise\u00f1o&#8221;: dirigido a personas f\u00edsicas (dise\u00f1adores y dise\u00f1adoras), con una edad que no sobrepase los treinta y cinco a\u00f1os en el d\u00eda de la presentaci\u00f3n de la candidatura.<\/li>\n<\/ul>\n\n<div class=\"wp-block-spacer\" style=\"height: 10px;\" aria-hidden=\"true\">\u00a0<\/div>\n\n<p><strong>Cuant\u00eda:<\/strong><\/p>\n\n<div class=\"wp-block-spacer\" style=\"height: 10px;\" aria-hidden=\"true\">\u00a0<\/div>\n\n<p>Los premios tendr\u00e1n un car\u00e1cter estrictamente honor\u00edfico, salvo:<\/p>\n\n<div class=\"wp-block-spacer\" style=\"height: 10px;\" aria-hidden=\"true\">\u00a0<\/div>\n\n<ul class=\"wp-block-list\">\n<li>El Premio Nacional Innovaci\u00f3n en la modalidad &#8220;Peque\u00f1a y Mediana Empresa Innovadora&#8221;: dotaci\u00f3n econ\u00f3mica de<strong>\u00a050.000 euros<\/strong>;<\/li>\n\n<li>El Premio Nacional Innovaci\u00f3n en la modalidad &#8220;Joven Talento Innovador&#8221;: dotaci\u00f3n econ\u00f3mica de<strong>\u00a030.000 euros<\/strong>;<\/li>\n\n<li>El Premio Nacional de Dise\u00f1o en la modalidad &#8220;Trayectoria en Dise\u00f1o&#8221;: dotaci\u00f3n econ\u00f3mica de\u00a0<strong>50.000 euros.<\/strong><\/li>\n\n<li>El Premio Nacional de Dise\u00f1o en la modalidad &#8220;J\u00f3venes Profesionales del Dise\u00f1o&#8221;: dotaci\u00f3n econ\u00f3mica de<strong>\u00a030.000 euros<\/strong>.<\/li>\n<\/ul>\n\n<div class=\"wp-block-spacer\" style=\"height: 10px;\" aria-hidden=\"true\">\u00a0<\/div>\n\n<p><strong>Plazo y lugar de presentaci\u00f3n:<\/strong><\/p>\n\n<div class=\"wp-block-spacer\" style=\"height: 10px;\" aria-hidden=\"true\">\u00a0<\/div>\n\n<p>El plazo de presentaci\u00f3n de las candidaturas y documentaci\u00f3n anexa\u00a0<strong>finalizar\u00e1 a las 15:00 horas del d\u00eda 4 de julio<\/strong>\u00a0de 2024 (hora peninsular).<\/p>\n\n<div class=\"wp-block-spacer\" style=\"height: 10px;\" aria-hidden=\"true\">\u00a0<\/div>\n\n<p>La presentaci\u00f3n de la candidatura se realizar\u00e1 a trav\u00e9s del\u00a0<a href=\"https:\/\/ciencia.sede.gob.es\/pagina\/index\/directorio\/PNID\">siguiente enlace<\/a>.<\/p>\n\n<div class=\"wp-block-spacer\" style=\"height: 10px;\" aria-hidden=\"true\">\u00a0<\/div>\n\n<p>Para m\u00e1s informaci\u00f3n puede contactar con la T\u00e9cnica de Innovaci\u00f3n 928296161, ext.#2524\u00a0<a href=\"mailto:arianna.sanchez@femepa.es\">arianna.sanchez@femepa.es<\/a>.<\/p>\n<p><img fetchpriority=\"high\" decoding=\"async\" class=\"aligncenter wp-image-49442 size-full\" src=\"https:\/\/femepa.org\/web\/wp-content\/uploads\/2025\/05\/TIRA-RedCIDE-v1-2024-v1-1.avif\" alt=\"\" width=\"1920\" height=\"248\" srcset=\"https:\/\/femepa.org\/web\/wp-content\/uploads\/2025\/05\/TIRA-RedCIDE-v1-2024-v1-1.avif 1920w, https:\/\/femepa.org\/web\/wp-content\/uploads\/2025\/05\/TIRA-RedCIDE-v1-2024-v1-1-300x39.avif 300w, https:\/\/femepa.org\/web\/wp-content\/uploads\/2025\/05\/TIRA-RedCIDE-v1-2024-v1-1-768x99.avif 768w, https:\/\/femepa.org\/web\/wp-content\/uploads\/2025\/05\/TIRA-RedCIDE-v1-2024-v1-1-1536x198.avif 1536w\" sizes=\"(max-width: 1920px) 100vw, 1920px\" \/><\/p>\n\t\t\t\t\t\t\t\t<\/div>\n\t\t\t\t<\/div>\n\t\t\t\t\t<\/div>\n\t\t\t\t<\/div>\n\t\t\t\t<\/div>\n\t\t","protected":false},"excerpt":{"rendered":"<p>Objeto: Distinguir a aquellas organizaciones que han hecho de la innovaci\u00f3n un elemento indispensable en el desarrollo de su estrategia profesional y de su crecimiento empresarial. Beneficiarios: Podr\u00e1n ser candidatas las personas jur\u00eddicas que tengan al menos un establecimiento permanente en Espa\u00f1a, v\u00e1lidamente constituido y las personas f\u00edsicas con plena capacidad de obrar, que tengan [&hellip;]<\/p>\n","protected":false},"author":4,"featured_media":41708,"comment_status":"closed","ping_status":"open","sticky":false,"template":"","format":"standard","meta":{"_acf_changed":false,"rs_blank_template":"","rs_page_bg_color":"","slide_template_v7":"","footnotes":""},"categories":[3200,1],"tags":[2344,64,167],"class_list":["post-41707","post","type-post","status-publish","format-standard","has-post-thumbnail","hentry","category-3200","category-sin-categoria","tag-diseno","tag-femepa","tag-premios"],"acf":[],"_links":{"self":[{"href":"https:\/\/femepa.org\/web\/wp-json\/wp\/v2\/posts\/41707","targetHints":{"allow":["GET"]}}],"collection":[{"href":"https:\/\/femepa.org\/web\/wp-json\/wp\/v2\/posts"}],"about":[{"href":"https:\/\/femepa.org\/web\/wp-json\/wp\/v2\/types\/post"}],"author":[{"embeddable":true,"href":"https:\/\/femepa.org\/web\/wp-json\/wp\/v2\/users\/4"}],"replies":[{"embeddable":true,"href":"https:\/\/femepa.org\/web\/wp-json\/wp\/v2\/comments?post=41707"}],"version-history":[{"count":4,"href":"https:\/\/femepa.org\/web\/wp-json\/wp\/v2\/posts\/41707\/revisions"}],"predecessor-version":[{"id":52260,"href":"https:\/\/femepa.org\/web\/wp-json\/wp\/v2\/posts\/41707\/revisions\/52260"}],"wp:featuredmedia":[{"embeddable":true,"href":"https:\/\/femepa.org\/web\/wp-json\/wp\/v2\/media\/41708"}],"wp:attachment":[{"href":"https:\/\/femepa.org\/web\/wp-json\/wp\/v2\/media?parent=41707"}],"wp:term":[{"taxonomy":"category","embeddable":true,"href":"https:\/\/femepa.org\/web\/wp-json\/wp\/v2\/categories?post=41707"},{"taxonomy":"post_tag","embeddable":true,"href":"https:\/\/femepa.org\/web\/wp-json\/wp\/v2\/tags?post=41707"}],"curies":[{"name":"wp","href":"https:\/\/api.w.org\/{rel}","templated":true}]}}