{"id":48299,"date":"2025-03-11T09:22:02","date_gmt":"2025-03-11T09:22:02","guid":{"rendered":"https:\/\/femepa.org\/web\/?p=48299"},"modified":"2025-03-11T11:05:56","modified_gmt":"2025-03-11T11:05:56","slug":"femepa-firma-un-convenio-con-intelequia-para-potenciar-la-digitalizacion-de-sus-empresas-asociadas","status":"publish","type":"post","link":"https:\/\/femepa.org\/web\/femepa-firma-un-convenio-con-intelequia-para-potenciar-la-digitalizacion-de-sus-empresas-asociadas\/","title":{"rendered":"FEMEPA firma un convenio con Intelequia para potenciar la digitalizaci\u00f3n de sus empresas asociadas"},"content":{"rendered":"\t\t<div data-elementor-type=\"wp-post\" data-elementor-id=\"48299\" class=\"elementor elementor-48299\" data-elementor-post-type=\"post\">\n\t\t\t\t<div class=\"elementor-element elementor-element-b9699aa e-con-full e-flex e-con e-parent\" data-id=\"b9699aa\" data-element_type=\"container\" data-e-type=\"container\">\n\t\t\t\t<div class=\"elementor-element elementor-element-e559da7 elementor-widget elementor-widget-heading\" data-id=\"e559da7\" data-element_type=\"widget\" data-e-type=\"widget\" data-widget_type=\"heading.default\">\n\t\t\t\t<div class=\"elementor-widget-container\">\n\t\t\t\t\t<h3 class=\"elementor-heading-title elementor-size-default\">FEMEPA firma un convenio con Intelequia para potenciar la digitalizaci\u00f3n de sus empresas asociadas<\/h3>\t\t\t\t<\/div>\n\t\t\t\t<\/div>\n\t\t\t\t<div class=\"elementor-element elementor-element-e151902 elementor-widget elementor-widget-text-editor\" data-id=\"e151902\" data-element_type=\"widget\" data-e-type=\"widget\" data-widget_type=\"text-editor.default\">\n\t\t\t\t<div class=\"elementor-widget-container\">\n\t\t\t\t\t\t\t\t\t<p><strong><span style=\"font-size: large;\">Las Palmas de Gran Canaria, <\/span><\/strong><strong><span style=\"font-size: large;\">11<\/span><\/strong><strong><span style=\"font-size: large;\">\u00a0de marzo de 2025<\/span><\/strong><\/p><p><span style=\"font-size: large;\">F<\/span><span style=\"font-size: large;\">emepa<\/span><span style=\"font-size: large;\"> ha firmado un convenio de colaboraci\u00f3n con <a href=\"https:\/\/intelequia.com\/es\/\">Intelequia<\/a>,<\/span><span style=\"font-size: large;\">\u00a0empresa especializada en servicios TIC en la nube, para ofrecer <\/span><strong><span style=\"font-size: large;\">condiciones exclusivas a sus empresas asociadas<\/span><\/strong><span style=\"font-size: large;\"> en el \u00e1mbito de la digitalizaci\u00f3n y la seguridad tecnol\u00f3gica.<\/span><\/p><p><span style=\"font-size: large;\">Gracias a este acuerdo, sus asociados podr\u00e1n beneficiarse de descuentos en una amplia gama de servicios clave para su transformaci\u00f3n digital, incluyendo:<\/span><\/p><p><strong><span style=\"font-size: large;\">5% de descuento<\/span><\/strong><span style=\"font-size: large;\"> en licencias Microsoft 365.<br \/><\/span><strong><span style=\"font-size: large;\">3% de descuento<\/span><\/strong><span style=\"font-size: large;\"> en proyectos de infraestructura, ciberseguridad, inteligencia artificial, data y desarrollo de software.<br \/><\/span><strong><span style=\"font-size: large;\">10% de descuento<\/span><\/strong><span style=\"font-size: large;\"> en asesoramiento tecnol\u00f3gico especializado.<\/span><\/p><p><span style=\"font-size: large;\">Con m\u00e1s de 15 a\u00f1os de trayectoria, <\/span><span style=\"font-size: large;\">Intelequia es un<\/span><strong><span style=\"font-size: large;\"> referente en soluciones TIC en la nube<\/span><\/strong><span style=\"font-size: large;\">, ofreciendo servicios innovadores, inteligencia artificial y automatizaci\u00f3n de procesos.<\/span><\/p><p><strong><span style=\"font-size: large;\">\u00a0<\/span><\/strong><\/p>\t\t\t\t\t\t\t\t<\/div>\n\t\t\t\t<\/div>\n\t\t\t\t<\/div>\n\t\t\t\t<\/div>\n\t\t","protected":false},"excerpt":{"rendered":"<p>FEMEPA firma un convenio con Intelequia para potenciar la digitalizaci\u00f3n de sus empresas asociadas Las Palmas de Gran Canaria, 11\u00a0de marzo de 2025 Femepa ha firmado un convenio de colaboraci\u00f3n con Intelequia,\u00a0empresa especializada en servicios TIC en la nube, para ofrecer condiciones exclusivas a sus empresas asociadas en el \u00e1mbito de la digitalizaci\u00f3n y la [&hellip;]<\/p>\n","protected":false},"author":4,"featured_media":48300,"comment_status":"closed","ping_status":"closed","sticky":false,"template":"elementor_theme","format":"standard","meta":{"_acf_changed":false,"rs_blank_template":"","rs_page_bg_color":"","slide_template_v7":"","footnotes":""},"categories":[3210,3190],"tags":[2079],"class_list":["post-48299","post","type-post","status-publish","format-standard","has-post-thumbnail","hentry","category-3210","category-convenios","tag-convenios"],"acf":[],"_links":{"self":[{"href":"https:\/\/femepa.org\/web\/wp-json\/wp\/v2\/posts\/48299","targetHints":{"allow":["GET"]}}],"collection":[{"href":"https:\/\/femepa.org\/web\/wp-json\/wp\/v2\/posts"}],"about":[{"href":"https:\/\/femepa.org\/web\/wp-json\/wp\/v2\/types\/post"}],"author":[{"embeddable":true,"href":"https:\/\/femepa.org\/web\/wp-json\/wp\/v2\/users\/4"}],"replies":[{"embeddable":true,"href":"https:\/\/femepa.org\/web\/wp-json\/wp\/v2\/comments?post=48299"}],"version-history":[{"count":19,"href":"https:\/\/femepa.org\/web\/wp-json\/wp\/v2\/posts\/48299\/revisions"}],"predecessor-version":[{"id":48327,"href":"https:\/\/femepa.org\/web\/wp-json\/wp\/v2\/posts\/48299\/revisions\/48327"}],"wp:featuredmedia":[{"embeddable":true,"href":"https:\/\/femepa.org\/web\/wp-json\/wp\/v2\/media\/48300"}],"wp:attachment":[{"href":"https:\/\/femepa.org\/web\/wp-json\/wp\/v2\/media?parent=48299"}],"wp:term":[{"taxonomy":"category","embeddable":true,"href":"https:\/\/femepa.org\/web\/wp-json\/wp\/v2\/categories?post=48299"},{"taxonomy":"post_tag","embeddable":true,"href":"https:\/\/femepa.org\/web\/wp-json\/wp\/v2\/tags?post=48299"}],"curies":[{"name":"wp","href":"https:\/\/api.w.org\/{rel}","templated":true}]}}