{"id":48669,"date":"2025-04-11T14:20:12","date_gmt":"2025-04-11T13:20:12","guid":{"rendered":"https:\/\/femepa.org\/web\/?p=48669"},"modified":"2025-04-14T17:54:03","modified_gmt":"2025-04-14T16:54:03","slug":"canarias-se-posiciona-como-epicentro-de-la-nueva-revolucion-tecnologica-con-el-ii-congreso-aeroespacial","status":"publish","type":"post","link":"https:\/\/femepa.org\/web\/canarias-se-posiciona-como-epicentro-de-la-nueva-revolucion-tecnologica-con-el-ii-congreso-aeroespacial\/","title":{"rendered":"Canarias se posiciona como epicentro de la nueva revoluci\u00f3n tecnol\u00f3gica con el II Congreso Aeroespacial"},"content":{"rendered":"\t\t<div data-elementor-type=\"wp-post\" data-elementor-id=\"48669\" class=\"elementor elementor-48669\" data-elementor-post-type=\"post\">\n\t\t\t\t<div class=\"elementor-element elementor-element-b9699aa e-con-full e-flex e-con e-parent\" data-id=\"b9699aa\" data-element_type=\"container\" data-e-type=\"container\">\n\t\t\t\t<div class=\"elementor-element elementor-element-e559da7 elementor-widget elementor-widget-heading\" data-id=\"e559da7\" data-element_type=\"widget\" data-e-type=\"widget\" data-widget_type=\"heading.default\">\n\t\t\t\t<div class=\"elementor-widget-container\">\n\t\t\t\t\t<h3 class=\"elementor-heading-title elementor-size-default\">Canarias se posiciona como epicentro de la nueva revoluci\u00f3n tecnol\u00f3gica con el II Congreso Aeroespacial<\/h3>\t\t\t\t<\/div>\n\t\t\t\t<\/div>\n\t\t\t\t<div class=\"elementor-element elementor-element-e151902 elementor-widget elementor-widget-text-editor\" data-id=\"e151902\" data-element_type=\"widget\" data-e-type=\"widget\" data-widget_type=\"text-editor.default\">\n\t\t\t\t<div class=\"elementor-widget-container\">\n\t\t\t\t\t\t\t\t\t<p><strong>Las Islas Canarias aspiran a convertirse en la capital mundial del sector aeroespacial con la celebraci\u00f3n del II Congreso Aeroespacial de Canarias, un evento clave en la consolidaci\u00f3n de un sector que ya est\u00e1 transformando la econom\u00eda global.<\/strong><\/p><p><strong>El Congreso se desarrollar\u00e1 los d\u00eda 14, 15 y 16 de diciembre de 2025 en el Centro de Convenciones de Expomeloneras en Maspalomas, Gran Canaria.<\/strong><\/p>\n<p>Las Palmas de Gran Canaria a 11\/04\/25. Esta ma\u00f1ana se ha presentado en la sede de la C\u00e1mara de Comercio de Gran Canaria, la segunda edici\u00f3n del Congreso Aeroespacial de Canarias, con las intervenciones del presidente de la C\u00e1mara de Comercio de Gran Canaria, Luis Padr\u00f3n; el viceconsejero de Formaci\u00f3n Profesional y Cualificaciones Profesionales del Gobierno de Canarias, Francisco Rodr\u00edguez Machado; el vicepresidente ejecutivo de la Confederaci\u00f3n Canaria de Empresarios, Jos\u00e9 Crist\u00f3bal Garc\u00eda; la presidenta de FEMEPA, Patricia Jim\u00e9nez; el Jefe de secci\u00f3n de la direcci\u00f3n territorial en Las Palmas de la Secretar\u00eda de Estado de Comercio, D. H\u00e9ctor Ruiz Navas; y el presidente del Cl\u00faster Aeroespacial de Canarias, Jos\u00e9 Luis Garc\u00eda.<\/p>\n<p>En un momento clave para el desarrollo de una industria emergente que muchos ya comparan con la revoluci\u00f3n tecnol\u00f3gica de los a\u00f1os 80. La expansi\u00f3n de la tecnolog\u00eda de drones \u2014tambi\u00e9n conocida como UAS (Unmanned Aerial Systems)\u2014 est\u00e1 redefiniendo modelos de negocio en m\u00faltiples sectores y marcando el inicio de lo que se considera una nueva era industrial.<\/p>\n<p>Esta revoluci\u00f3n, que algunos expertos enmarcan dentro de la cuarta revoluci\u00f3n industrial, est\u00e1 teniendo un impacto transversal en sectores como la agricultura, la gesti\u00f3n de infraestructuras, el control medioambiental, los seguros, la miner\u00eda o el transporte, entre muchos otros. Los drones, por su capacidad para operar de forma aut\u00f3noma en grandes \u00e1reas y recolectar enormes cantidades de datos, ofrecen soluciones que hasta hace poco parec\u00edan inalcanzables.<\/p>\n<p>Seg\u00fan estudios de PwC, Forbes y el programa SESAR de la Uni\u00f3n Europea, el mercado global de los drones superar\u00e1 los 125.000 millones de d\u00f3lares en los pr\u00f3ximos a\u00f1os. Una cifra que confirma que hemos entrado de lleno en la Era de los Drones.<\/p>\n<p>El presidente del Cl\u00faster Aeroespacial anunciaba que ayer jueves en Madrid, en la presentaci\u00f3n del plan estrat\u00e9gico del Perte Aeroespacial, se indicaba en su actuaci\u00f3n 21, la estrategia Aeroespacial Espa\u00f1ola en el Atl\u00e1ntico Sudoccidental \u201cCanarias Aeroespacial\u201d con lo que queda definido la importancia del desarrollo del sector en nuestro territorio\u201d.<\/p>\n<p>Jim\u00e9nez afirmaba que \u201clo vemos como una oportunidad tanto de desarrollo econ\u00f3mico, como para la inclusi\u00f3n de nuestros profesionales, que a su vez tambi\u00e9n es un reto en este sector emergente con enormes expectativas y con mucha ilusi\u00f3n\u201d.<\/p>\n<p>El viceconsejero de Formaci\u00f3n Profesional coment\u00f3 que \u201cla FP no se puede quedar ni al margen, ni atr\u00e1s. Es necesario formar t\u00e9cnicos cualificados porque las empresas los necesitan y los necesitar\u00e1n mucho m\u00e1s\u201d.<\/p>\n<p>El Congreso se celebra en un contexto en el que el uso de drones ya ha pasado de la fase experimental a una etapa de madurez. Los servicios operativos son una realidad, y los avances en automatizaci\u00f3n, seguridad y precisi\u00f3n apuntan a un crecimiento explosivo del sector en los pr\u00f3ximos a\u00f1os.<\/p>\n<p>Jos\u00e9 Crist\u00f3bal Garc\u00eda, mostr\u00f3 el apoyo incondicional por parte de la Confederaci\u00f3n Canaria de Empresarios y felicit\u00f3 a Patricia Jim\u00e9nez por el inestimable acompa\u00f1amiento del Cl\u00faster en su recorrido, por otro lado, afirmaba que \u201cdesde todas las instituciones tenemos apoyar sin lugar a duda, este tipo de iniciativas y poder impulsar desde Canarias, sectores que tienen una amplia capacidad de desarrollo y con el personal m\u00e1s cualificado\u201d.<\/p>\n<p>En la presentaci\u00f3n se explic\u00f3 que Canarias cuenta con m\u00faltiples ventajas competitivas que la posicionan como uno de los territorios mejor preparados para liderar esta transformaci\u00f3n. Entre sus fortalezas destacan su ubicaci\u00f3n geoestrat\u00e9gica y condiciones clim\u00e1ticas excepcionales para el vuelo durante todo el a\u00f1o; una calidad de vida que favorece la atracci\u00f3n de talento cualificado; seguridad jur\u00eddica; el r\u00e9gimen fiscal m\u00e1s atractivo de Europa; infraestructura tecnol\u00f3gica y centros de investigaci\u00f3n punteros como el IUMA o el IDETIC; y el compromiso de administraciones p\u00fablicas con sectores estrat\u00e9gicos como las TICs, la aeron\u00e1utica, el turismo digital o las energ\u00edas renovables.<\/p>\n<p>El II Congreso Aeroespacial de Canarias busca consolidar ese liderazgo, reuniendo en un solo espacio a expertos, empresas, instituciones y agentes clave del ecosistema aeroespacial. M\u00e1s all\u00e1 de ser un foro de encuentro y debate, se plantea como un catalizador estrat\u00e9gico para convertir a las Islas Canarias en un nodo global de innovaci\u00f3n, ensayo y despliegue de soluciones a\u00e9reas avanzadas.<\/p>\n<p>En este contexto, Canarias no solo aspira a liderar el sector en su entorno inmediato, sino a cerrar la puerta al surgimiento de competidores en miles de kil\u00f3metros a la redonda gracias a su apuesta decidida por la innovaci\u00f3n y la tecnolog\u00eda.<\/p>\n<p>La celebraci\u00f3n del Congreso coincide, adem\u00e1s, con el impulso de proyectos europeos de gran escala, como la futura red de droneports, que reforzar\u00e1n a\u00fan m\u00e1s el papel de Canarias como centro de referencia en este nuevo mapa aeroespacial mundial.<\/p>\n<p>Lu\u00eds Padr\u00f3n manifest\u00f3 que \u201cver materializar este tipo de proyectos con tan buena base es todo un orgullo para Canarias\u201d por otro lado ofreci\u00f3 todo el apoyo de la C\u00e1mara de Comercio para apoyar a las Pymes para asistir a ferias y congresos vinculados con el sector Aeroespacial con ayudas del 80% de los gastos ocasionados.<\/p>\n<p><a href=\"https:\/\/flic.kr\/s\/aHBqjC8wNc\">&nbsp;\u00b7 Galer\u00eda Fotogr\u00e1fica de la Rueda de Prensa.<\/a><\/p>\n<p>&nbsp;<a href=\"https:\/\/youtu.be\/wkv-rYBWSgQ\">\u00b7 Videoresumen de la Rueda de Prensa.<\/a><\/p>\t\t\t\t\t\t\t\t<\/div>\n\t\t\t\t<\/div>\n\t\t\t\t<\/div>\n\t\t\t\t<\/div>\n\t\t","protected":false},"excerpt":{"rendered":"<p>Canarias se posiciona como epicentro de la nueva revoluci\u00f3n tecnol\u00f3gica con el II Congreso Aeroespacial Las Islas Canarias aspiran a convertirse en la capital mundial del sector aeroespacial con la celebraci\u00f3n del II Congreso Aeroespacial de Canarias, un evento clave en la consolidaci\u00f3n de un sector que ya est\u00e1 transformando la econom\u00eda global. El Congreso [&hellip;]<\/p>\n","protected":false},"author":4,"featured_media":48676,"comment_status":"closed","ping_status":"closed","sticky":false,"template":"elementor_theme","format":"standard","meta":{"_acf_changed":false,"rs_blank_template":"","rs_page_bg_color":"","slide_template_v7":"","footnotes":""},"categories":[3210,3189],"tags":[3187],"class_list":["post-48669","post","type-post","status-publish","format-standard","has-post-thumbnail","hentry","category-3210","category-asociaciones","tag-portada"],"acf":[],"_links":{"self":[{"href":"https:\/\/femepa.org\/web\/wp-json\/wp\/v2\/posts\/48669","targetHints":{"allow":["GET"]}}],"collection":[{"href":"https:\/\/femepa.org\/web\/wp-json\/wp\/v2\/posts"}],"about":[{"href":"https:\/\/femepa.org\/web\/wp-json\/wp\/v2\/types\/post"}],"author":[{"embeddable":true,"href":"https:\/\/femepa.org\/web\/wp-json\/wp\/v2\/users\/4"}],"replies":[{"embeddable":true,"href":"https:\/\/femepa.org\/web\/wp-json\/wp\/v2\/comments?post=48669"}],"version-history":[{"count":22,"href":"https:\/\/femepa.org\/web\/wp-json\/wp\/v2\/posts\/48669\/revisions"}],"predecessor-version":[{"id":48709,"href":"https:\/\/femepa.org\/web\/wp-json\/wp\/v2\/posts\/48669\/revisions\/48709"}],"wp:featuredmedia":[{"embeddable":true,"href":"https:\/\/femepa.org\/web\/wp-json\/wp\/v2\/media\/48676"}],"wp:attachment":[{"href":"https:\/\/femepa.org\/web\/wp-json\/wp\/v2\/media?parent=48669"}],"wp:term":[{"taxonomy":"category","embeddable":true,"href":"https:\/\/femepa.org\/web\/wp-json\/wp\/v2\/categories?post=48669"},{"taxonomy":"post_tag","embeddable":true,"href":"https:\/\/femepa.org\/web\/wp-json\/wp\/v2\/tags?post=48669"}],"curies":[{"name":"wp","href":"https:\/\/api.w.org\/{rel}","templated":true}]}}