{"id":49536,"date":"2025-06-12T13:59:01","date_gmt":"2025-06-12T12:59:01","guid":{"rendered":"https:\/\/femepa.org\/web\/?p=49536"},"modified":"2025-08-15T16:17:57","modified_gmt":"2025-08-15T15:17:57","slug":"convocatoria-de-ayudas-a-la-contratacion-de-jovenes-desempleados-programa-incentivate-2025-2026-2","status":"publish","type":"post","link":"https:\/\/femepa.org\/web\/convocatoria-de-ayudas-a-la-contratacion-de-jovenes-desempleados-programa-incentivate-2025-2026-2\/","title":{"rendered":"El PFAE-GJ Trit\u00f3n sigue navegando con fuerza"},"content":{"rendered":"\t\t<div data-elementor-type=\"wp-post\" data-elementor-id=\"49536\" class=\"elementor elementor-49536\" data-elementor-post-type=\"post\">\n\t\t\t\t<div class=\"elementor-element elementor-element-b9699aa e-con-full e-flex e-con e-parent\" data-id=\"b9699aa\" data-element_type=\"container\" data-e-type=\"container\">\n\t\t\t\t<div class=\"elementor-element elementor-element-e559da7 elementor-widget elementor-widget-heading\" data-id=\"e559da7\" data-element_type=\"widget\" data-e-type=\"widget\" data-widget_type=\"heading.default\">\n\t\t\t\t<div class=\"elementor-widget-container\">\n\t\t\t\t\t<h3 class=\"elementor-heading-title elementor-size-default\">El PFAE-GJ Trit\u00f3n sigue navegando con fuerza<\/h3>\t\t\t\t<\/div>\n\t\t\t\t<\/div>\n\t\t\t\t<div class=\"elementor-element elementor-element-e151902 elementor-widget elementor-widget-text-editor\" data-id=\"e151902\" data-element_type=\"widget\" data-e-type=\"widget\" data-widget_type=\"text-editor.default\">\n\t\t\t\t<div class=\"elementor-widget-container\">\n\t\t\t\t\t\t\t\t\t<p>El alumnado-trabajador contin\u00faa su camino formativo con entusiasmo, combinando clases te\u00f3ricas y pr\u00e1cticas que les permiten afianzar sus conocimientos d\u00eda a d\u00eda. Todo ello acompa\u00f1ado de formaci\u00f3n en Prevenci\u00f3n de Riesgos Laborales (PRL), un pilar esencial para una futura inserci\u00f3n laboral segura y eficiente en el sector n\u00e1utico.<\/p><p>\u00a0<\/p><p>Adem\u00e1s, siguen profundizando en el certificado de profesionalidad TMVU0111: pintura, reparaci\u00f3n y construcci\u00f3n de elementos de pl\u00e1stico reforzado con fibra de embarcaciones deportivas y de recreo, poniendo en pr\u00e1ctica lo aprendido a trav\u00e9s de pr\u00e1cticas de mantenimiento y reparaci\u00f3n en elementos constructivos de embarcaciones. Estas experiencias pr\u00e1cticas son clave para afianzar el camino hacia la cualificaci\u00f3n profesional.<\/p><div id=\"attachment_49538\" style=\"width: 510px\" class=\"wp-caption aligncenter\"><img fetchpriority=\"high\" decoding=\"async\" aria-describedby=\"caption-attachment-49538\" class=\"wp-image-49538\" src=\"https:\/\/femepa.org\/web\/wp-content\/uploads\/2025\/06\/LIJADO-mod-300x207.avif\" alt=\"\" width=\"500\" height=\"345\" srcset=\"https:\/\/femepa.org\/web\/wp-content\/uploads\/2025\/06\/LIJADO-mod-300x207.avif 300w, https:\/\/femepa.org\/web\/wp-content\/uploads\/2025\/06\/LIJADO-mod-768x530.avif 768w, https:\/\/femepa.org\/web\/wp-content\/uploads\/2025\/06\/LIJADO-mod.avif 1389w\" sizes=\"(max-width: 500px) 100vw, 500px\" \/><p id=\"caption-attachment-49538\" class=\"wp-caption-text\">Formaci\u00f3n en PRL; Pr\u00e1cticas con lijadora en madera.<\/p><\/div><p>\u00a0<\/p><p>Este proyecto ha sido cofinanciado por Fondos Europeos en el marco del Programa Fondo Social Europeo PLUS 2021-2027 Canarias.<\/p><p><img decoding=\"async\" class=\"aligncenter wp-image-49537 size-full\" src=\"https:\/\/femepa.org\/web\/wp-content\/uploads\/2025\/06\/TIRA-LOGOS.avif\" alt=\"\" width=\"754\" height=\"72\" srcset=\"https:\/\/femepa.org\/web\/wp-content\/uploads\/2025\/06\/TIRA-LOGOS.avif 754w, https:\/\/femepa.org\/web\/wp-content\/uploads\/2025\/06\/TIRA-LOGOS-300x29.avif 300w\" sizes=\"(max-width: 754px) 100vw, 754px\" \/><\/p>\t\t\t\t\t\t\t\t<\/div>\n\t\t\t\t<\/div>\n\t\t\t\t<\/div>\n\t\t\t\t<\/div>\n\t\t","protected":false},"excerpt":{"rendered":"<p>El PFAE-GJ Trit\u00f3n sigue navegando con fuerza El alumnado-trabajador contin\u00faa su camino formativo con entusiasmo, combinando clases te\u00f3ricas y pr\u00e1cticas que les permiten afianzar sus conocimientos d\u00eda a d\u00eda. Todo ello acompa\u00f1ado de formaci\u00f3n en Prevenci\u00f3n de Riesgos Laborales (PRL), un pilar esencial para una futura inserci\u00f3n laboral segura y eficiente en el sector n\u00e1utico. [&hellip;]<\/p>\n","protected":false},"author":8,"featured_media":49542,"comment_status":"closed","ping_status":"closed","sticky":false,"template":"","format":"standard","meta":{"_acf_changed":false,"rs_blank_template":"","rs_page_bg_color":"","slide_template_v7":"","footnotes":""},"categories":[3210,3219],"tags":[],"class_list":["post-49536","post","type-post","status-publish","format-standard","has-post-thumbnail","hentry","category-3210","category-pfae-gj"],"acf":[],"_links":{"self":[{"href":"https:\/\/femepa.org\/web\/wp-json\/wp\/v2\/posts\/49536","targetHints":{"allow":["GET"]}}],"collection":[{"href":"https:\/\/femepa.org\/web\/wp-json\/wp\/v2\/posts"}],"about":[{"href":"https:\/\/femepa.org\/web\/wp-json\/wp\/v2\/types\/post"}],"author":[{"embeddable":true,"href":"https:\/\/femepa.org\/web\/wp-json\/wp\/v2\/users\/8"}],"replies":[{"embeddable":true,"href":"https:\/\/femepa.org\/web\/wp-json\/wp\/v2\/comments?post=49536"}],"version-history":[{"count":4,"href":"https:\/\/femepa.org\/web\/wp-json\/wp\/v2\/posts\/49536\/revisions"}],"predecessor-version":[{"id":49543,"href":"https:\/\/femepa.org\/web\/wp-json\/wp\/v2\/posts\/49536\/revisions\/49543"}],"wp:featuredmedia":[{"embeddable":true,"href":"https:\/\/femepa.org\/web\/wp-json\/wp\/v2\/media\/49542"}],"wp:attachment":[{"href":"https:\/\/femepa.org\/web\/wp-json\/wp\/v2\/media?parent=49536"}],"wp:term":[{"taxonomy":"category","embeddable":true,"href":"https:\/\/femepa.org\/web\/wp-json\/wp\/v2\/categories?post=49536"},{"taxonomy":"post_tag","embeddable":true,"href":"https:\/\/femepa.org\/web\/wp-json\/wp\/v2\/tags?post=49536"}],"curies":[{"name":"wp","href":"https:\/\/api.w.org\/{rel}","templated":true}]}}