{"id":49830,"date":"2025-07-21T15:01:00","date_gmt":"2025-07-21T14:01:00","guid":{"rendered":"https:\/\/femepa.org\/web\/?p=49830"},"modified":"2025-08-15T16:17:04","modified_gmt":"2025-08-15T15:17:04","slug":"los-pfae-gj-de-triton-y-fuego-y-metal-avanzan-en-sus-intervenciones-en-el-macan","status":"publish","type":"post","link":"https:\/\/femepa.org\/web\/los-pfae-gj-de-triton-y-fuego-y-metal-avanzan-en-sus-intervenciones-en-el-macan\/","title":{"rendered":"Los PFAE-GJ de Trit\u00f3n y Fuego y Metal avanzan en sus intervenciones en El Mac\u00e1n"},"content":{"rendered":"\t\t<div data-elementor-type=\"wp-post\" data-elementor-id=\"49830\" class=\"elementor elementor-49830\" data-elementor-post-type=\"post\">\n\t\t\t\t<div class=\"elementor-element elementor-element-b9699aa e-con-full e-flex e-con e-parent\" data-id=\"b9699aa\" data-element_type=\"container\" data-e-type=\"container\">\n\t\t\t\t<div class=\"elementor-element elementor-element-e559da7 elementor-widget elementor-widget-heading\" data-id=\"e559da7\" data-element_type=\"widget\" data-e-type=\"widget\" data-widget_type=\"heading.default\">\n\t\t\t\t<div class=\"elementor-widget-container\">\n\t\t\t\t\t<h3 class=\"elementor-heading-title elementor-size-default\">Los PFAE-GJ de Trit\u00f3n y Fuego y Metal avanzan en sus intervenciones en El Mac\u00e1n<\/h3>\t\t\t\t<\/div>\n\t\t\t\t<\/div>\n\t\t\t\t<div class=\"elementor-element elementor-element-e151902 elementor-widget elementor-widget-text-editor\" data-id=\"e151902\" data-element_type=\"widget\" data-e-type=\"widget\" data-widget_type=\"text-editor.default\">\n\t\t\t\t<div class=\"elementor-widget-container\">\n\t\t\t\t\t\t\t\t\t<div role=\"presentation\"><p data-start=\"1237\" data-end=\"1431\">Los Programas de Formaci\u00f3n en Alternancia con el Empleo (PFAE-GJ) <strong data-start=\"1300\" data-end=\"1310\">Trit\u00f3n<\/strong> y <strong data-start=\"1313\" data-end=\"1330\">Fuego y Metal<\/strong> siguen consolidando su labor formativa y social con resultados positivos en la zona de <strong data-start=\"1418\" data-end=\"1430\">El Mac\u00e1n<\/strong>.<\/p><p data-start=\"1237\" data-end=\"1431\">\u00a0<\/p><p data-start=\"1433\" data-end=\"1627\">El PFAE-GJ <strong data-start=\"1441\" data-end=\"1451\">Trit\u00f3n<\/strong> ya lleva varias semanas trabajando activamente en el entorno, con intervenciones que presentan <strong data-start=\"1547\" data-end=\"1567\">avances visibles<\/strong> y un impacto directo en la mejora de espacios comunitarios.<\/p><p data-start=\"1433\" data-end=\"1627\">\u00a0<\/p><p data-start=\"1629\" data-end=\"1852\">Por su parte, el PFAE-GJ <strong data-start=\"1651\" data-end=\"1668\">Fuego y Metal<\/strong> ha comenzado recientemente con tareas t\u00e9cnicas y la toma de medidas previas al inicio formal de su obra social, contribuyendo al acondicionamiento y mantenimiento de infraestructuras.<\/p><p data-start=\"1629\" data-end=\"1852\">\u00a0<\/p><p data-start=\"1854\" data-end=\"2047\">Ambos programas se centran en la <strong data-start=\"1887\" data-end=\"1909\">formaci\u00f3n pr\u00e1ctica<\/strong> del alumnado en profesiones con alta demanda laboral, al tiempo que refuerzan el tejido social con actuaciones \u00fatiles para la ciudadan\u00eda.<\/p><p data-start=\"1854\" data-end=\"2047\">\u00a0<\/p><p data-start=\"2049\" data-end=\"2277\"><strong>Este proyecto ha sido cofinanciado por Fondos Europeos en el marco del Programa Fondo Social Europeo PLUS 2021-2027 Canarias.<\/strong><\/p><\/div>\t\t\t\t\t\t\t\t<\/div>\n\t\t\t\t<\/div>\n\t\t\t\t<\/div>\n\t\t\t\t<\/div>\n\t\t","protected":false},"excerpt":{"rendered":"<p>Los PFAE-GJ de Trit\u00f3n y Fuego y Metal avanzan en sus intervenciones en El Mac\u00e1n Los Programas de Formaci\u00f3n en Alternancia con el Empleo (PFAE-GJ) Trit\u00f3n y Fuego y Metal siguen consolidando su labor formativa y social con resultados positivos en la zona de El Mac\u00e1n. \u00a0 El PFAE-GJ Trit\u00f3n ya lleva varias semanas trabajando [&hellip;]<\/p>\n","protected":false},"author":8,"featured_media":49834,"comment_status":"closed","ping_status":"closed","sticky":false,"template":"","format":"standard","meta":{"_acf_changed":false,"rs_blank_template":"","rs_page_bg_color":"","slide_template_v7":"","footnotes":""},"categories":[3210,3219],"tags":[3218,939],"class_list":["post-49830","post","type-post","status-publish","format-standard","has-post-thumbnail","hentry","category-3210","category-pfae-gj","tag-confederacion-regional-de-empresas-del-metal-de-canarias","tag-crem"],"acf":[],"_links":{"self":[{"href":"https:\/\/femepa.org\/web\/wp-json\/wp\/v2\/posts\/49830","targetHints":{"allow":["GET"]}}],"collection":[{"href":"https:\/\/femepa.org\/web\/wp-json\/wp\/v2\/posts"}],"about":[{"href":"https:\/\/femepa.org\/web\/wp-json\/wp\/v2\/types\/post"}],"author":[{"embeddable":true,"href":"https:\/\/femepa.org\/web\/wp-json\/wp\/v2\/users\/8"}],"replies":[{"embeddable":true,"href":"https:\/\/femepa.org\/web\/wp-json\/wp\/v2\/comments?post=49830"}],"version-history":[{"count":4,"href":"https:\/\/femepa.org\/web\/wp-json\/wp\/v2\/posts\/49830\/revisions"}],"predecessor-version":[{"id":49835,"href":"https:\/\/femepa.org\/web\/wp-json\/wp\/v2\/posts\/49830\/revisions\/49835"}],"wp:featuredmedia":[{"embeddable":true,"href":"https:\/\/femepa.org\/web\/wp-json\/wp\/v2\/media\/49834"}],"wp:attachment":[{"href":"https:\/\/femepa.org\/web\/wp-json\/wp\/v2\/media?parent=49830"}],"wp:term":[{"taxonomy":"category","embeddable":true,"href":"https:\/\/femepa.org\/web\/wp-json\/wp\/v2\/categories?post=49830"},{"taxonomy":"post_tag","embeddable":true,"href":"https:\/\/femepa.org\/web\/wp-json\/wp\/v2\/tags?post=49830"}],"curies":[{"name":"wp","href":"https:\/\/api.w.org\/{rel}","templated":true}]}}