{"id":49989,"date":"2025-08-08T12:43:04","date_gmt":"2025-08-08T11:43:04","guid":{"rendered":"https:\/\/femepa.org\/web\/?p=49989"},"modified":"2025-08-08T12:50:07","modified_gmt":"2025-08-08T11:50:07","slug":"femepa-y-el-cabildo-de-gran-canaria-estudian-formulas-para-impulsar-la-movilidad-sostenible-y-apoyar-al-sector-de-la-motocicleta","status":"publish","type":"post","link":"https:\/\/femepa.org\/web\/femepa-y-el-cabildo-de-gran-canaria-estudian-formulas-para-impulsar-la-movilidad-sostenible-y-apoyar-al-sector-de-la-motocicleta\/","title":{"rendered":"Femepa y el Cabildo de Gran Canaria estudian f\u00f3rmulas para impulsar la movilidad sostenible y apoyar al sector de la motocicleta"},"content":{"rendered":"\n<p class=\"has-medium-font-size\"><strong>Femepa y el Cabildo de Gran Canaria estudian f\u00f3rmulas para impulsar la movilidad sostenible y apoyar al sector de la motocicleta<\/strong><\/p>\n\n\n\n<p>Gran Canaria, 6 de agosto de 2025 \u2014 Representantes de la Federaci\u00f3n de la Peque\u00f1a y Mediana Empresa del Metal y Nuevas Tecnolog\u00edas de Las Palmas (Femepa) han mantenido un encuentro institucional con responsables del Cabildo de Gran Canaria para explorar l\u00edneas de colaboraci\u00f3n que permitan potenciar el sector de la motocicleta, veh\u00edculos ligeros, bicicletas y veh\u00edculos de movilidad personal como herramientas clave de una movilidad m\u00e1s sostenible en la isla.<\/p>\n\n\n\n<p>La reuni\u00f3n cont\u00f3 con la presencia de <strong>Ra\u00fal&nbsp;Garc\u00eda&nbsp;Brink<\/strong>, consejero de Medio Ambiente, Clima, Energ\u00eda y Conocimiento del Cabildo de Gran Canaria; <strong>Teodoro&nbsp;Sosa&nbsp;Monz\u00f3n<\/strong>, vicepresidente segundo y consejero de Presidencia y Movilidad Sostenible del Cabildo; y <strong>Manuel L\u00f3pez&nbsp;Mendoza<\/strong>, director insular de Movilidad y Transporte. En representaci\u00f3n de Femepa asistieron su secretario general, <strong>Juan&nbsp;Carlos Betancor&nbsp;Garc\u00eda<\/strong>, y <strong>V\u00edctor&nbsp;Rubio&nbsp;Herrera<\/strong>, secretario t\u00e9cnico de la Asociaci\u00f3n de Empresas de la Motocicleta, Bicicletas y Veh\u00edculos Ligeros de Movilidad Personal (AEMOTO) y responsable de Marketing y Comunicaci\u00f3n de Femepa.<\/p>\n\n\n\n<p>El objetivo del encuentro fue analizar las posibilidades de colaboraci\u00f3n p\u00fablico\u2011privada para incentivar el uso de motocicletas el\u00e9ctricas, bicicletas y otros veh\u00edculos de movilidad personal. El Cabildo ha puesto en marcha proyectos de regeneraci\u00f3n ambiental a trav\u00e9s de su Consejer\u00eda de Medio Ambiente, Clima, Energ\u00eda y Conocimiento y recientemente ha abierto l\u00edneas de ayudas para la adquisici\u00f3n de veh\u00edculos de cero emisiones, orientadas a \u201cincentivar la adquisici\u00f3n de veh\u00edculos de emisiones cero y fomentar una red de transporte m\u00e1s limpia\u201d, as\u00ed como a promover la compra de bicicletas y patinetes el\u00e9ctricos.<\/p>\n\n\n\n<p>Durante la reuni\u00f3n, AEMOTO present\u00f3 varias propuestas dirigidas a apoyar al sector, como incentivos econ\u00f3micos, ayudas a la compra de veh\u00edculos el\u00e9ctricos ligeros y la organizaci\u00f3n de ferias sectoriales destinadas a informar y concienciar a la poblaci\u00f3n sobre las ventajas del uso de motocicletas y bicicletas. Los representantes del Cabildo expresaron su inter\u00e9s en seguir trabajando conjuntamente para que estos veh\u00edculos ayuden a aliviar la congesti\u00f3n del tr\u00e1fico, reduzcan las emisiones contaminantes y ofrezcan alternativas atractivas al autom\u00f3vil privado.<\/p>\n\n\n\n<p>El consejero Ra\u00fal&nbsp;Garc\u00eda&nbsp;Brink record\u00f3 que el Cabildo contin\u00faa \u201ctrabajando para mejorar los espacios costeros de la isla\u201d y que la movilidad sostenible es una pieza fundamental en la lucha contra el cambio clim\u00e1tico. Por su parte, el vicepresidente Teodoro&nbsp;Sosa&nbsp;Monz\u00f3n, que compatibiliza la Alcald\u00eda de G\u00e1ldar con la Vicepresidencia segunda del Cabildo y la Consejer\u00eda de Presidencia y Movilidad Sostenible, subray\u00f3 la importancia de establecer sinergias con el sector para fomentar una cultura de transporte responsable y eficiente.<\/p>\n\n\n\n<p>Femepa, a trav\u00e9s de Juan&nbsp;Carlos Betancor&nbsp;Garc\u00eda y V\u00edctor&nbsp;Rubio&nbsp;Herrera, agradeci\u00f3 la receptividad del Cabildo y reafirm\u00f3 su compromiso para contribuir al dise\u00f1o de pol\u00edticas que fortalezcan la competitividad de las empresas del sector y promuevan el uso de veh\u00edculos ligeros y de movilidad personal como soluci\u00f3n a los problemas de tr\u00e1fico en la isla.<\/p>\n\n\n\n<p>Ambas instituciones acordaron continuar trabajando en una hoja de ruta que incluya incentivos a la compra de veh\u00edculos el\u00e9ctricos, campa\u00f1as de concienciaci\u00f3n y la organizaci\u00f3n de eventos tem\u00e1ticos, con el prop\u00f3sito com\u00fan de lograr una Gran Canaria m\u00e1s sostenible, moderna y con mejor calidad de vida.<\/p>\n","protected":false},"excerpt":{"rendered":"<p>Femepa y el Cabildo de Gran Canaria estudian f\u00f3rmulas para impulsar la movilidad sostenible y apoyar al sector de la motocicleta Gran Canaria, 6 de agosto de 2025 \u2014 Representantes de la Federaci\u00f3n de la Peque\u00f1a y Mediana Empresa del Metal y Nuevas Tecnolog\u00edas de Las Palmas (Femepa) han mantenido un encuentro institucional con responsables [&hellip;]<\/p>\n","protected":false},"author":4,"featured_media":49990,"comment_status":"closed","ping_status":"closed","sticky":false,"template":"","format":"standard","meta":{"_acf_changed":false,"rs_blank_template":"","rs_page_bg_color":"","slide_template_v7":"","footnotes":""},"categories":[3210,3189],"tags":[407,749,854,67,69],"class_list":["post-49989","post","type-post","status-publish","format-standard","has-post-thumbnail","hentry","category-3210","category-asociaciones","tag-aemoto","tag-cabildo-gran-canaria","tag-feria-de-la-moto","tag-lpa-motown","tag-movilidad"],"acf":[],"_links":{"self":[{"href":"https:\/\/femepa.org\/web\/wp-json\/wp\/v2\/posts\/49989","targetHints":{"allow":["GET"]}}],"collection":[{"href":"https:\/\/femepa.org\/web\/wp-json\/wp\/v2\/posts"}],"about":[{"href":"https:\/\/femepa.org\/web\/wp-json\/wp\/v2\/types\/post"}],"author":[{"embeddable":true,"href":"https:\/\/femepa.org\/web\/wp-json\/wp\/v2\/users\/4"}],"replies":[{"embeddable":true,"href":"https:\/\/femepa.org\/web\/wp-json\/wp\/v2\/comments?post=49989"}],"version-history":[{"count":3,"href":"https:\/\/femepa.org\/web\/wp-json\/wp\/v2\/posts\/49989\/revisions"}],"predecessor-version":[{"id":49994,"href":"https:\/\/femepa.org\/web\/wp-json\/wp\/v2\/posts\/49989\/revisions\/49994"}],"wp:featuredmedia":[{"embeddable":true,"href":"https:\/\/femepa.org\/web\/wp-json\/wp\/v2\/media\/49990"}],"wp:attachment":[{"href":"https:\/\/femepa.org\/web\/wp-json\/wp\/v2\/media?parent=49989"}],"wp:term":[{"taxonomy":"category","embeddable":true,"href":"https:\/\/femepa.org\/web\/wp-json\/wp\/v2\/categories?post=49989"},{"taxonomy":"post_tag","embeddable":true,"href":"https:\/\/femepa.org\/web\/wp-json\/wp\/v2\/tags?post=49989"}],"curies":[{"name":"wp","href":"https:\/\/api.w.org\/{rel}","templated":true}]}}