{"id":51840,"date":"2026-03-04T13:23:25","date_gmt":"2026-03-04T13:23:25","guid":{"rendered":"https:\/\/femepa.org\/web\/?p=51840"},"modified":"2026-03-04T13:23:28","modified_gmt":"2026-03-04T13:23:28","slug":"el-pfae-gj-electrogc-recibe-la-visita-de-armando-hernandez-pulido-para-acercar-al-alumnado-a-la-realidad-del-sector-electrico","status":"publish","type":"post","link":"https:\/\/femepa.org\/web\/el-pfae-gj-electrogc-recibe-la-visita-de-armando-hernandez-pulido-para-acercar-al-alumnado-a-la-realidad-del-sector-electrico\/","title":{"rendered":"El PFAE GJ ELECTROGC recibe la visita de Armando Hern\u00e1ndez Pulido para acercar al alumnado a la realidad del sector el\u00e9ctrico"},"content":{"rendered":"\t\t<div data-elementor-type=\"wp-post\" data-elementor-id=\"51840\" class=\"elementor elementor-51840\" data-elementor-post-type=\"post\">\n\t\t\t\t<div class=\"elementor-element elementor-element-b9699aa e-con-full e-flex e-con e-parent\" data-id=\"b9699aa\" data-element_type=\"container\" data-e-type=\"container\">\n\t\t\t\t<div class=\"elementor-element elementor-element-e559da7 elementor-widget elementor-widget-heading\" data-id=\"e559da7\" data-element_type=\"widget\" data-e-type=\"widget\" data-widget_type=\"heading.default\">\n\t\t\t\t<div class=\"elementor-widget-container\">\n\t\t\t\t\t<h3 class=\"elementor-heading-title elementor-size-default\">El PFAE GJ ELECTROGC recibe la visita de Armando Hern\u00e1ndez Pulido para acercar al alumnado a la realidad del sector el\u00e9ctrico<\/h3>\t\t\t\t<\/div>\n\t\t\t\t<\/div>\n\t\t\t\t<div class=\"elementor-element elementor-element-e151902 elementor-widget elementor-widget-text-editor\" data-id=\"e151902\" data-element_type=\"widget\" data-e-type=\"widget\" data-widget_type=\"text-editor.default\">\n\t\t\t\t<div class=\"elementor-widget-container\">\n\t\t\t\t\t\t\t\t\t<div>El alumnado del PFAE GJ ELECTROGC (Electricidad de Baja Tensi\u00f3n) de FEMEPA recibi\u00f3 el pasado 27 de febrero la visita de Armando Hern\u00e1ndez Pulido, vicepresidente de la Asociaci\u00f3n Provincial de Industriales de Electricidad y Telecomunicaciones de Las Palmas y representante de INSMOELCA, S.A., en las instalaciones de la entidad.<\/div><div>\u00a0<\/div><div>Durante el encuentro, Hern\u00e1ndez Pulido comparti\u00f3 su experiencia profesional y ofreci\u00f3 una visi\u00f3n empresarial del sector el\u00e9ctrico, acercando al alumnado a la realidad del mercado laboral y a las oportunidades profesionales que ofrece este \u00e1mbito. La sesi\u00f3n permiti\u00f3 al alumnado conocer de primera mano c\u00f3mo funciona el sector desde la perspectiva empresarial y cu\u00e1les son los perfiles profesionales m\u00e1s demandados en la actualidad.<\/div><div>\u00a0<\/div><div>Adem\u00e1s, se gener\u00f3 un espacio de di\u00e1logo en el que el alumnado pudo plantear preguntas, resolver dudas y conocer los retos y necesidades actuales del sector. Este tipo de encuentros permite acercar la formaci\u00f3n al entorno profesional y facilitar una visi\u00f3n m\u00e1s pr\u00e1ctica de la actividad laboral.<\/div><div>\u00a0<\/div><div>La visita se desarroll\u00f3 en un momento especialmente relevante del programa formativo, ya que el alumnado se encuentra en la recta final de su formaci\u00f3n y comienza a prepararse para su futura inserci\u00f3n laboral. En este contexto, el contacto directo con profesionales del sector resulta clave para comprender mejor el funcionamiento del mercado laboral y las oportunidades que ofrece.<\/div><div>\u00a0<\/div><div>Con iniciativas como esta, FEMEPA contin\u00faa reforzando la conexi\u00f3n entre formaci\u00f3n y empresa, facilitando al alumnado una aproximaci\u00f3n directa al entorno profesional y contribuyendo a mejorar su preparaci\u00f3n para el acceso al empleo.<\/div><div>\u00a0<\/div><div><strong><em>Este proyecto ha sido cofinanciado por Fondos Europeos en el marco del Programa Fondo Social Europeo PLUS 2021-2027 Canarias<\/em><\/strong><\/div>\t\t\t\t\t\t\t\t<\/div>\n\t\t\t\t<\/div>\n\t\t\t\t<\/div>\n\t\t\t\t<\/div>\n\t\t","protected":false},"excerpt":{"rendered":"<p>El PFAE GJ ELECTROGC recibe la visita de Armando Hern\u00e1ndez Pulido para acercar al alumnado a la realidad del sector el\u00e9ctrico El alumnado del PFAE GJ ELECTROGC (Electricidad de Baja Tensi\u00f3n) de FEMEPA recibi\u00f3 el pasado 27 de febrero la visita de Armando Hern\u00e1ndez Pulido, vicepresidente de la Asociaci\u00f3n Provincial de Industriales de Electricidad y [&hellip;]<\/p>\n","protected":false},"author":4,"featured_media":51844,"comment_status":"closed","ping_status":"closed","sticky":false,"template":"","format":"standard","meta":{"_acf_changed":false,"rs_blank_template":"","rs_page_bg_color":"","slide_template_v7":"","footnotes":""},"categories":[3242,3208,3219],"tags":[64,143,279],"class_list":["post-51840","post","type-post","status-publish","format-standard","has-post-thumbnail","hentry","category-3242","category-formacion","category-pfae-gj","tag-femepa","tag-formacion","tag-pfae"],"acf":[],"_links":{"self":[{"href":"https:\/\/femepa.org\/web\/wp-json\/wp\/v2\/posts\/51840","targetHints":{"allow":["GET"]}}],"collection":[{"href":"https:\/\/femepa.org\/web\/wp-json\/wp\/v2\/posts"}],"about":[{"href":"https:\/\/femepa.org\/web\/wp-json\/wp\/v2\/types\/post"}],"author":[{"embeddable":true,"href":"https:\/\/femepa.org\/web\/wp-json\/wp\/v2\/users\/4"}],"replies":[{"embeddable":true,"href":"https:\/\/femepa.org\/web\/wp-json\/wp\/v2\/comments?post=51840"}],"version-history":[{"count":4,"href":"https:\/\/femepa.org\/web\/wp-json\/wp\/v2\/posts\/51840\/revisions"}],"predecessor-version":[{"id":51845,"href":"https:\/\/femepa.org\/web\/wp-json\/wp\/v2\/posts\/51840\/revisions\/51845"}],"wp:featuredmedia":[{"embeddable":true,"href":"https:\/\/femepa.org\/web\/wp-json\/wp\/v2\/media\/51844"}],"wp:attachment":[{"href":"https:\/\/femepa.org\/web\/wp-json\/wp\/v2\/media?parent=51840"}],"wp:term":[{"taxonomy":"category","embeddable":true,"href":"https:\/\/femepa.org\/web\/wp-json\/wp\/v2\/categories?post=51840"},{"taxonomy":"post_tag","embeddable":true,"href":"https:\/\/femepa.org\/web\/wp-json\/wp\/v2\/tags?post=51840"}],"curies":[{"name":"wp","href":"https:\/\/api.w.org\/{rel}","templated":true}]}}