{"id":51846,"date":"2026-03-06T11:27:06","date_gmt":"2026-03-06T11:27:06","guid":{"rendered":"https:\/\/femepa.org\/web\/?p=51846"},"modified":"2026-03-11T13:54:48","modified_gmt":"2026-03-11T13:54:48","slug":"femepa-destaca-el-liderazgo-femenino-en-la-innovacion-euroafricana-en-una-jornada-con-motivo-del-dia-internacional-de-la-mujer","status":"publish","type":"post","link":"https:\/\/femepa.org\/web\/femepa-destaca-el-liderazgo-femenino-en-la-innovacion-euroafricana-en-una-jornada-con-motivo-del-dia-internacional-de-la-mujer\/","title":{"rendered":"FEMEPA destaca el liderazgo femenino en la innovaci\u00f3n euroafricana en una jornada con motivo del D\u00eda Internacional de la Mujer"},"content":{"rendered":"\t\t<div data-elementor-type=\"wp-post\" data-elementor-id=\"51846\" class=\"elementor elementor-51846\" data-elementor-post-type=\"post\">\n\t\t\t\t<div class=\"elementor-element elementor-element-b9699aa e-con-full e-flex e-con e-parent\" data-id=\"b9699aa\" data-element_type=\"container\" data-e-type=\"container\">\n\t\t\t\t<div class=\"elementor-element elementor-element-e559da7 elementor-widget elementor-widget-heading\" data-id=\"e559da7\" data-element_type=\"widget\" data-e-type=\"widget\" data-widget_type=\"heading.default\">\n\t\t\t\t<div class=\"elementor-widget-container\">\n\t\t\t\t\t<h3 class=\"elementor-heading-title elementor-size-default\">FEMEPA destaca el liderazgo femenino en la innovaci\u00f3n euroafricana en una jornada con motivo del D\u00eda Internacional de la Mujer<\/h3>\t\t\t\t<\/div>\n\t\t\t\t<\/div>\n\t\t\t\t<div class=\"elementor-element elementor-element-e151902 elementor-widget elementor-widget-text-editor\" data-id=\"e151902\" data-element_type=\"widget\" data-e-type=\"widget\" data-widget_type=\"text-editor.default\">\n\t\t\t\t<div class=\"elementor-widget-container\">\n\t\t\t\t\t\t\t\t\t<p><span style=\"font-weight: 400;\">FEMEPA celebr\u00f3 este viernes, 6 de marzo, en su sal\u00f3n de actos de Las Palmas de Gran Canaria, la jornada \u201cMujeres que conectan territorios: liderazgo femenino en la innovaci\u00f3n euroafricana\u201d, un encuentro que puso en valor el papel estrat\u00e9gico de las mujeres en la transformaci\u00f3n econ\u00f3mica, tecnol\u00f3gica y social entre Europa y \u00c1frica.<\/span><\/p><p>\u00a0<\/p><p><span style=\"font-weight: 400;\">El evento, organizado en colaboraci\u00f3n con Casa \u00c1frica, se desarroll\u00f3 en el marco del proyecto AfricanTech (1\/MAC\/1\/1.3\/0085), cofinanciado por el programa INTERREG MAC 2021\u20132027, y reuni\u00f3 a representantes del \u00e1mbito empresarial, tecnol\u00f3gico e institucional en un espacio de di\u00e1logo y reflexi\u00f3n sobre las oportunidades de cooperaci\u00f3n e innovaci\u00f3n en el espacio euroafricano.<\/span><\/p><p>\u00a0<\/p><p><span style=\"font-weight: 400;\">La jornada, celebrada con motivo del D\u00eda Internacional de la Mujer, permiti\u00f3 visibilizar el talento femenino como motor de desarrollo, innovaci\u00f3n y generaci\u00f3n de oportunidades en un entorno estrat\u00e9gico como Canarias, puente natural entre Europa y \u00c1frica.<\/span><\/p><p>\u00a0<\/p><p><span style=\"font-weight: 400;\">Durante la apertura institucional, el secretario general de FEMEPA, <\/span><b>Juan Carlos Betancor<\/b><span style=\"font-weight: 400;\">, destac\u00f3 el compromiso hist\u00f3rico de la federaci\u00f3n con la igualdad en el \u00e1mbito empresarial.<\/span><\/p><p>\u00a0<\/p><p><span style=\"font-weight: 400;\">\u201cEn FEMEPA llevamos trabajando por la igualdad en la empresa desde el a\u00f1o 2001, impulsando iniciativas que fomenten la igualdad de oportunidades en el tejido empresarial. Fruto de ese compromiso, somos la \u00fanica organizaci\u00f3n empresarial en Espa\u00f1a que cuenta con el <\/span><b>Distintivo de Igualdad en la Empresa<\/b><span style=\"font-weight: 400;\">, otorgado por el Ministerio de Igualdad\u201d, se\u00f1al\u00f3.<\/span><\/p><p>\u00a0<\/p><p><span style=\"font-weight: 400;\">Por su parte, la consejera delegada del Instituto Tecnol\u00f3gico de Canarias (ITC), <\/span><b>Guayarmina Pe\u00f1a Garc\u00eda<\/b><span style=\"font-weight: 400;\">, subray\u00f3 la relevancia de fomentar ecosistemas de innovaci\u00f3n inclusivos que integren el liderazgo femenino en el desarrollo tecnol\u00f3gico.<\/span><\/p><p>\u00a0<\/p><p><span style=\"font-weight: 400;\">\u201cEl liderazgo femenino aporta nuevas perspectivas, impulsa modelos de cooperaci\u00f3n m\u00e1s abiertos y contribuye a construir soluciones innovadoras para retos globales. En el \u00e1mbito euroafricano, estas redes de colaboraci\u00f3n son fundamentales para generar impacto real y sostenible\u201d, afirm\u00f3.<\/span><\/p><p>\u00a0<\/p><p><span style=\"font-weight: 400;\">Desde Casa \u00c1frica tambi\u00e9n se puso en valor el papel de las mujeres como agentes clave para fortalecer las relaciones entre ambos continentes. Fuentes de la instituci\u00f3n destacaron que \u201cel talento femenino est\u00e1 desempe\u00f1ando un papel cada vez m\u00e1s relevante en la construcci\u00f3n de puentes de cooperaci\u00f3n entre \u00c1frica y Europa, especialmente en \u00e1mbitos como la innovaci\u00f3n, el emprendimiento y la tecnolog\u00eda. Iniciativas como esta jornada permiten visibilizar ese liderazgo y seguir fortaleciendo las conexiones entre territorios\u201d.<\/span><\/p><p>\u00a0<\/p><p><span style=\"font-weight: 400;\">A lo largo de la ma\u00f1ana se desarrollaron diversas mesas de di\u00e1logo centradas en experiencias reales de liderazgo femenino en proyectos tecnol\u00f3gicos, empresariales y de cooperaci\u00f3n internacional, as\u00ed como en las oportunidades de emprendimiento y desarrollo sostenible entre ambos continentes.<\/span><\/p><p>\u00a0<\/p><p><span style=\"font-weight: 400;\">El encuentro tambi\u00e9n facilit\u00f3 espacios de intercambio y networking entre profesionales, empresas e instituciones, reforzando la creaci\u00f3n de alianzas y conexiones estrat\u00e9gicas dentro del ecosistema euroafricano de innovaci\u00f3n.<\/span><\/p><p>\u00a0<\/p><p><span style=\"font-weight: 400;\">Con esta iniciativa, FEMEPA reafirma su compromiso con la promoci\u00f3n de la igualdad de oportunidades y con el impulso de iniciativas que visibilicen el papel de las mujeres en la innovaci\u00f3n, la empresa y la cooperaci\u00f3n internacional.<\/span><\/p><p>\u00a0<\/p><p><a href=\"https:\/\/youtu.be\/M8h0MYXAsYM\">Ver videorresumen<\/a><\/p><p>\u00a0<\/p><p><a href=\"https:\/\/flic.kr\/s\/aHBqjCMCFt\">Ver galer\u00eda fotogr\u00e1fica<\/a><\/p>\t\t\t\t\t\t\t\t<\/div>\n\t\t\t\t<\/div>\n\t\t\t\t<\/div>\n\t\t\t\t<\/div>\n\t\t","protected":false},"excerpt":{"rendered":"<p>FEMEPA destaca el liderazgo femenino en la innovaci\u00f3n euroafricana en una jornada con motivo del D\u00eda Internacional de la Mujer FEMEPA celebr\u00f3 este viernes, 6 de marzo, en su sal\u00f3n de actos de Las Palmas de Gran Canaria, la jornada \u201cMujeres que conectan territorios: liderazgo femenino en la innovaci\u00f3n euroafricana\u201d, un encuentro que puso en [&hellip;]<\/p>\n","protected":false},"author":4,"featured_media":51850,"comment_status":"closed","ping_status":"closed","sticky":false,"template":"","format":"standard","meta":{"_acf_changed":false,"rs_blank_template":"","rs_page_bg_color":"","slide_template_v7":"","footnotes":""},"categories":[3242,3203],"tags":[3245,97,64,209],"class_list":["post-51846","post","type-post","status-publish","format-standard","has-post-thumbnail","hentry","category-3242","category-igualdad","tag-dia-internacional-de-la-mujer-2","tag-evento","tag-femepa","tag-igualdad"],"acf":[],"_links":{"self":[{"href":"https:\/\/femepa.org\/web\/wp-json\/wp\/v2\/posts\/51846","targetHints":{"allow":["GET"]}}],"collection":[{"href":"https:\/\/femepa.org\/web\/wp-json\/wp\/v2\/posts"}],"about":[{"href":"https:\/\/femepa.org\/web\/wp-json\/wp\/v2\/types\/post"}],"author":[{"embeddable":true,"href":"https:\/\/femepa.org\/web\/wp-json\/wp\/v2\/users\/4"}],"replies":[{"embeddable":true,"href":"https:\/\/femepa.org\/web\/wp-json\/wp\/v2\/comments?post=51846"}],"version-history":[{"count":7,"href":"https:\/\/femepa.org\/web\/wp-json\/wp\/v2\/posts\/51846\/revisions"}],"predecessor-version":[{"id":51889,"href":"https:\/\/femepa.org\/web\/wp-json\/wp\/v2\/posts\/51846\/revisions\/51889"}],"wp:featuredmedia":[{"embeddable":true,"href":"https:\/\/femepa.org\/web\/wp-json\/wp\/v2\/media\/51850"}],"wp:attachment":[{"href":"https:\/\/femepa.org\/web\/wp-json\/wp\/v2\/media?parent=51846"}],"wp:term":[{"taxonomy":"category","embeddable":true,"href":"https:\/\/femepa.org\/web\/wp-json\/wp\/v2\/categories?post=51846"},{"taxonomy":"post_tag","embeddable":true,"href":"https:\/\/femepa.org\/web\/wp-json\/wp\/v2\/tags?post=51846"}],"curies":[{"name":"wp","href":"https:\/\/api.w.org\/{rel}","templated":true}]}}