{"id":51852,"date":"2026-03-06T14:46:13","date_gmt":"2026-03-06T14:46:13","guid":{"rendered":"https:\/\/femepa.org\/web\/?p=51852"},"modified":"2026-03-11T13:59:38","modified_gmt":"2026-03-11T13:59:38","slug":"femepa-clausura-tres-programas-de-formacion-y-empleo-para-jovenes-en-los-sectores-del-metal","status":"publish","type":"post","link":"https:\/\/femepa.org\/web\/femepa-clausura-tres-programas-de-formacion-y-empleo-para-jovenes-en-los-sectores-del-metal\/","title":{"rendered":"FEMEPA clausura tres programas de formaci\u00f3n y empleo para j\u00f3venes en los sectores del metal"},"content":{"rendered":"\t\t<div data-elementor-type=\"wp-post\" data-elementor-id=\"51852\" class=\"elementor elementor-51852\" data-elementor-post-type=\"post\">\n\t\t\t\t<div class=\"elementor-element elementor-element-b9699aa e-con-full e-flex e-con e-parent\" data-id=\"b9699aa\" data-element_type=\"container\" data-e-type=\"container\">\n\t\t\t\t<div class=\"elementor-element elementor-element-e559da7 elementor-widget elementor-widget-heading\" data-id=\"e559da7\" data-element_type=\"widget\" data-e-type=\"widget\" data-widget_type=\"heading.default\">\n\t\t\t\t<div class=\"elementor-widget-container\">\n\t\t\t\t\t<h3 class=\"elementor-heading-title elementor-size-default\">FEMEPA clausura tres programas de formaci\u00f3n y empleo para j\u00f3venes en los sectores del metal<\/h3>\t\t\t\t<\/div>\n\t\t\t\t<\/div>\n\t\t\t\t<div class=\"elementor-element elementor-element-e151902 elementor-widget elementor-widget-text-editor\" data-id=\"e151902\" data-element_type=\"widget\" data-e-type=\"widget\" data-widget_type=\"text-editor.default\">\n\t\t\t\t<div class=\"elementor-widget-container\">\n\t\t\t\t\t\t\t\t\t<div><p><span style=\"font-weight: 400;\">Un total de 32 alumnos y alumnas han participado durante un a\u00f1o en los PFAE-GJ Trit\u00f3n, ElectroGC y Fuego y Metal, centrados en especialidades como electricidad, soldadura y reparaci\u00f3n de embarcaciones.<\/span><\/p><p>\u00a0<\/p><p><span style=\"font-weight: 400;\">FEMEPA celebr\u00f3 este viernes 6 de marzo, el acto de clausura de los programas de formaci\u00f3n en alternancia con el empleo, desarrollados durante el \u00faltimo a\u00f1o y dirigidos a mejorar la cualificaci\u00f3n profesional de j\u00f3venes en sectores estrat\u00e9gicos del metal.<\/span><\/p><p>\u00a0<\/p><p><span style=\"font-weight: 400;\">El acto tuvo lugar a las 13:00 horas en las instalaciones de Vela Latina de Las Palmas de Gran Canaria, con la asistencia de representantes institucionales, entidades sectoriales y del \u00e1mbito formativo. Entre las entidades presentes se encontraban representantes del Servicio Canario de Empleo, de FEMEPA, del MACAN (Mando A\u00e9reo de Canarias), de la Real Federaci\u00f3n Canaria de Vela, de la Federaci\u00f3n de Vela Latina Canaria y de la asociaci\u00f3n empresarial TRANSMETAL.<\/span><\/p><p>\u00a0<\/p><p><span style=\"font-weight: 400;\">Durante la jornada se puso en valor el trabajo realizado a lo largo de un a\u00f1o de formaci\u00f3n, en el que el alumnado ha combinado aprendizaje te\u00f3rico con experiencia pr\u00e1ctica en especialidades vinculadas al tejido productivo industrial. En total, 32 alumnos y alumnas han participado en los tres programas, acompa\u00f1ados por equipos de gesti\u00f3n y personal docente especializados.<\/span><\/p><p>\u00a0<\/p><p><span style=\"font-weight: 400;\">En concreto, el PFAE-GJ ElectroGC ha contado con 12 alumnos, centrados en la especialidad de electricidad; el PFAE-GJ Trit\u00f3n, orientado a la reparaci\u00f3n de embarcaciones, ha formado a 11 participantes; mientras que el PFAE-GJ Fuego y Metal, enfocado en soldadura, ha contado con 9 alumnos. Cada uno de los programas ha estado respaldado por un equipo de gesti\u00f3n de cinco profesionales, responsables de la coordinaci\u00f3n, formaci\u00f3n y seguimiento del alumnado.<\/span><\/p><p>\u00a0<\/p><p><span style=\"font-weight: 400;\">Durante el acto de clausura se realiz\u00f3 adem\u00e1s la entrega de un detalle conmemorativo al alumnado, como reconocimiento al esfuerzo y compromiso demostrados a lo largo del programa formativo. Asimismo, FEMEPA entreg\u00f3 diplomas de reconocimiento a las entidades colaboradoras \u2014MACAN (Mando A\u00e9reo de Canarias), Real Federaci\u00f3n Canaria de Vela, Federaci\u00f3n de Vela Latina Canaria y Servicio Canario de Empleo\u2014 en agradecimiento por su contribuci\u00f3n al desarrollo del programa de formaci\u00f3n.<\/span><\/p><p>\u00a0<\/p><p><span style=\"font-weight: 400;\">El secretario general de FEMEPA, Juan Carlos Betancor, destac\u00f3 la importancia de este tipo de iniciativas para el desarrollo del sector industrial y la inserci\u00f3n laboral de los j\u00f3venes. \u201cProgramas como estos permiten conectar la formaci\u00f3n con las necesidades reales de las empresas del metal, ofreciendo a los j\u00f3venes oportunidades para desarrollar su talento y construir un futuro profesional en sectores con alta demanda de cualificaci\u00f3n\u201d, se\u00f1al\u00f3.<\/span><\/p><p>\u00a0<\/p><p><span style=\"font-weight: 400;\">Por su parte, Tamia Molina Herrera, jefa de servicio de Formaci\u00f3n I del Servicio Canario de Empleo, subray\u00f3 el valor de la colaboraci\u00f3n entre instituciones y tejido empresarial para impulsar la empleabilidad. <\/span>\u201cQuiero felicitar a todo el alumnado que hoy culmina este proceso formativo. Detr\u00e1s de cada certificado profesional hay esfuerzo, constancia y una apuesta clara por el futuro. Programas como los PFAE\u00b4s demuestran el valor de una formaci\u00f3n que combina aprendizaje y experiencia real en el entorno laboral.<\/p><p>\u00a0<\/p><p>Desde el Servicio Canario de Empleo valoramos especialmente la colaboraci\u00f3n con entidades como FEMEPA y el conjunto de organizaciones que hacen posible este tipo de iniciativas, porque son fundamentales para mejorar la empleabilidad y ofrecer nuevas oportunidades, especialmente a la juventud.<\/p><p>\u00a0<\/p><p>Hoy celebramos un logro importante, pero tambi\u00e9n el inicio de nuevas etapas profesionales para todos ustedes.\u201d<span style=\"font-weight: 400;\">, afirm\u00f3.<\/span><\/p><p>\u00a0<\/p><p><span style=\"font-weight: 400;\">Con la finalizaci\u00f3n de estos tres proyectos, FEMEPA reafirma su compromiso con la formaci\u00f3n t\u00e9cnica especializada, el impulso al relevo generacional en la industria y la mejora de la empleabilidad juvenil en los sectores del metal y las nuevas tecnolog\u00edas.<\/span><\/p><\/div><p>\u00a0<\/p><p><a href=\"https:\/\/youtu.be\/vhg5t4WD3ug\">Ver videorresumen<\/a><\/p><p>\u00a0<\/p><p><a href=\"https:\/\/flic.kr\/s\/aHBqjCMCyD\">Ver galer\u00eda fotogr\u00e1fica<\/a><\/p><div>\u00a0<\/div><div><strong><em>Este proyecto ha sido cofinanciado por Fondos Europeos en el marco del Programa Fondo Social Europeo PLUS 2021-2027 Canarias<\/em><\/strong><\/div>\t\t\t\t\t\t\t\t<\/div>\n\t\t\t\t<\/div>\n\t\t\t\t<\/div>\n\t\t\t\t<\/div>\n\t\t","protected":false},"excerpt":{"rendered":"<p>FEMEPA clausura tres programas de formaci\u00f3n y empleo para j\u00f3venes en los sectores del metal Un total de 32 alumnos y alumnas han participado durante un a\u00f1o en los PFAE-GJ Trit\u00f3n, ElectroGC y Fuego y Metal, centrados en especialidades como electricidad, soldadura y reparaci\u00f3n de embarcaciones. \u00a0 FEMEPA celebr\u00f3 este viernes 6 de marzo, el [&hellip;]<\/p>\n","protected":false},"author":4,"featured_media":51860,"comment_status":"closed","ping_status":"closed","sticky":false,"template":"","format":"standard","meta":{"_acf_changed":false,"rs_blank_template":"","rs_page_bg_color":"","slide_template_v7":"","footnotes":""},"categories":[3242,3208,3219],"tags":[3246,64,143,279],"class_list":["post-51852","post","type-post","status-publish","format-standard","has-post-thumbnail","hentry","category-3242","category-formacion","category-pfae-gj","tag-acto-de-clausura","tag-femepa","tag-formacion","tag-pfae"],"acf":[],"_links":{"self":[{"href":"https:\/\/femepa.org\/web\/wp-json\/wp\/v2\/posts\/51852","targetHints":{"allow":["GET"]}}],"collection":[{"href":"https:\/\/femepa.org\/web\/wp-json\/wp\/v2\/posts"}],"about":[{"href":"https:\/\/femepa.org\/web\/wp-json\/wp\/v2\/types\/post"}],"author":[{"embeddable":true,"href":"https:\/\/femepa.org\/web\/wp-json\/wp\/v2\/users\/4"}],"replies":[{"embeddable":true,"href":"https:\/\/femepa.org\/web\/wp-json\/wp\/v2\/comments?post=51852"}],"version-history":[{"count":13,"href":"https:\/\/femepa.org\/web\/wp-json\/wp\/v2\/posts\/51852\/revisions"}],"predecessor-version":[{"id":51895,"href":"https:\/\/femepa.org\/web\/wp-json\/wp\/v2\/posts\/51852\/revisions\/51895"}],"wp:featuredmedia":[{"embeddable":true,"href":"https:\/\/femepa.org\/web\/wp-json\/wp\/v2\/media\/51860"}],"wp:attachment":[{"href":"https:\/\/femepa.org\/web\/wp-json\/wp\/v2\/media?parent=51852"}],"wp:term":[{"taxonomy":"category","embeddable":true,"href":"https:\/\/femepa.org\/web\/wp-json\/wp\/v2\/categories?post=51852"},{"taxonomy":"post_tag","embeddable":true,"href":"https:\/\/femepa.org\/web\/wp-json\/wp\/v2\/tags?post=51852"}],"curies":[{"name":"wp","href":"https:\/\/api.w.org\/{rel}","templated":true}]}}