{"id":51866,"date":"2026-03-09T09:18:15","date_gmt":"2026-03-09T09:18:15","guid":{"rendered":"https:\/\/femepa.org\/web\/?p=51866"},"modified":"2026-03-09T09:18:17","modified_gmt":"2026-03-09T09:18:17","slug":"subvenciones-de-cuota-cero-dirigidas-a-las-personas-trabajadoras-autonomas-2026","status":"publish","type":"post","link":"https:\/\/femepa.org\/web\/subvenciones-de-cuota-cero-dirigidas-a-las-personas-trabajadoras-autonomas-2026\/","title":{"rendered":"Subvenciones de \u201ccuota cero\u201d dirigidas a las personas trabajadoras aut\u00f3nomas 2026"},"content":{"rendered":"\t\t<div data-elementor-type=\"wp-post\" data-elementor-id=\"51866\" class=\"elementor elementor-51866\" data-elementor-post-type=\"post\">\n\t\t\t\t<div class=\"elementor-element elementor-element-b9699aa e-con-full e-flex e-con e-parent\" data-id=\"b9699aa\" data-element_type=\"container\" data-e-type=\"container\">\n\t\t\t\t<div class=\"elementor-element elementor-element-e559da7 elementor-widget elementor-widget-heading\" data-id=\"e559da7\" data-element_type=\"widget\" data-e-type=\"widget\" data-widget_type=\"heading.default\">\n\t\t\t\t<div class=\"elementor-widget-container\">\n\t\t\t\t\t<h3 class=\"elementor-heading-title elementor-size-default\">Subvenciones de \u201ccuota cero\u201d dirigidas a las personas trabajadoras aut\u00f3nomas 2026<\/h3>\t\t\t\t<\/div>\n\t\t\t\t<\/div>\n\t\t\t\t<div class=\"elementor-element elementor-element-e151902 elementor-widget elementor-widget-text-editor\" data-id=\"e151902\" data-element_type=\"widget\" data-e-type=\"widget\" data-widget_type=\"text-editor.default\">\n\t\t\t\t<div class=\"elementor-widget-container\">\n\t\t\t\t\t\t\t\t\t<h5><strong>Objeto<\/strong><\/h5><p><br \/>El fomento y consolidaci\u00f3n del empleo aut\u00f3nomo en la Comunidad Aut\u00f3noma de Canarias mediante la concesi\u00f3n de una subvenci\u00f3n dirigida a personas trabajadoras por cuenta propia o aut\u00f3nomas que est\u00e9n acogidas a los <strong>\u201cIncentivos y medidas de fomento y promoci\u00f3n del Trabajo Aut\u00f3nomo\u201d.<\/strong><\/p><p>\u00a0<\/p><p>A trav\u00e9s de esta ayuda, las personas trabajadoras por cuenta propia podr\u00e1n percibir una subvenci\u00f3n equivalente a la cuant\u00eda que hayan abonado en concepto de cuotas reducidas o bonificadas a la Seguridad Social, permitiendo mantener una<strong> \u201ccuota cero\u201d<\/strong> durante el periodo correspondiente conforme a la normativa estatal.<\/p><p>\u00a0<\/p><h5><strong>Personas beneficiarias<\/strong><\/h5><p><br \/>Podr\u00e1n ser personas beneficiarias las personas trabajadoras por cuenta propia o aut\u00f3nomas que hayan estado acogidas a las bonificaciones o reducciones establecidas como <strong>\u201cIncentivos y medidas de fomento y promoci\u00f3n del trabajo aut\u00f3nomo\u201d<\/strong> en los siguientes supuestos:<\/p><p>\u00a0<\/p><p>a) Personas trabajadoras aut\u00f3nomas que hayan disfrutado de una <strong>cuota reducida durante los doce meses naturales completos<\/strong> siguientes a la fecha de alta.<\/p><p>\u00a0<\/p><p>b) Personas aut\u00f3nomas que, debido a sus <strong>rendimientos econ\u00f3micos netos<\/strong>, hayan disfrutado de la cuota reducida durante <strong>los doce meses siguientes<\/strong> a los doce meses iniciales.<\/p><p>\u00a0<\/p><p>c) Personas aut\u00f3nomas con <strong>grado de discapacidad igual o superior al 33 %, v\u00edctimas de violencia de g\u00e9nero o v\u00edctimas de terrorismo<\/strong>, que hayan tenido reconocida la cuota reducida durante <strong>veinticuatro meses<\/strong>.<\/p><p>\u00a0<\/p><p>d) Personas pertenecientes a estos colectivos que, en funci\u00f3n de sus rendimientos econ\u00f3micos, hayan disfrutado de la cuota reducida durante <strong>treinta y seis meses adicionales<\/strong> tras los veinticuatro meses iniciales.<\/p><p>\u00a0<\/p><p>e) Personas aut\u00f3nomas que hayan <strong>cesado su actividad por nacimiento de hijo, adopci\u00f3n, guarda con fines de adopci\u00f3n, acogimiento o tutela<\/strong> y se reincorporen al trabajo por cuenta propia dentro de los dos a\u00f1os siguientes al cese, con bonificaci\u00f3n estatal durante los veinticuatro meses posteriores a la reincorporaci\u00f3n.<\/p><p>\u00a0<\/p><p>f) Personas aut\u00f3nomas beneficiarias de la <strong>prestaci\u00f3n para el cuidado de menores afectados por c\u00e1ncer u otra enfermedad grave<\/strong>, que hayan tenido reconocida la bonificaci\u00f3n estatal durante el periodo de percepci\u00f3n de dicha prestaci\u00f3n.<\/p><p>\u00a0<\/p><p>Adem\u00e1s, deber\u00e1n cumplirse los siguientes requisitos:<\/p><p>\u00a0<\/p><p>g) Estar dadas de alta en el <strong>R\u00e9gimen Especial de Trabajadores Aut\u00f3nomos (RETA)<\/strong> o en el grupo primero del <strong>R\u00e9gimen Especial de Trabajadores del Mar<\/strong> en el momento de presentar la solicitud.<\/p><p>\u00a0<\/p><p>h) Realizar la actividad empresarial o profesional y tener el <strong>domicilio fiscal en la Comunidad Aut\u00f3noma de Canarias<\/strong> durante el periodo en el que se haya disfrutado de la reducci\u00f3n o bonificaci\u00f3n.<\/p><p>\u00a0<\/p><h5>Cuant\u00eda<\/h5><p><br \/>Ser\u00e1n subvencionables las <strong>cuotas reducidas o bonificadas abonadas a la Tesorer\u00eda General de la Seguridad Social<\/strong> por las personas beneficiarias, conforme a lo previsto en los art\u00edculos 38 bis, 38 ter y 38 quater de la Ley 20\/2007, de 11 de julio, del Estatuto del Trabajo Aut\u00f3nomo.<\/p><p>\u00a0<\/p><p>El presupuesto destinado a esta convocatoria asciende a <strong>3.300.000 euros.<\/strong><\/p><p>\u00a0<\/p><h5>Criterios de concesi\u00f3n<\/h5><p><br \/>La concesi\u00f3n de las subvenciones se realiza en <strong>r\u00e9gimen de concurrencia no competitiva<\/strong>, concedi\u00e9ndose por orden de presentaci\u00f3n de solicitudes hasta el agotamiento del cr\u00e9dito disponible.<\/p><p>\u00a0<\/p><h5>Plazo de presentaci\u00f3n de solicitudes<\/h5><p><br \/>El plazo de presentaci\u00f3n de solicitudes <strong>se inicia el 9\/3\/2026 a las 00:00<\/strong> y finaliza el <strong>15 de octubre de 2026.<\/strong><\/p><p>\u00a0<\/p><p>Las solicitudes deber\u00e1n presentarse <strong>dentro de los dos meses siguientes a la finalizaci\u00f3n del periodo de 12 meses de disfrute de la reducci\u00f3n o bonificaci\u00f3n<\/strong> correspondiente.<\/p><p>\u00a0<\/p><p><strong>Presentaci\u00f3n de solicitudes<\/strong><\/p><p><br \/>La presentaci\u00f3n de solicitudes se realizar\u00e1 obligatoriamente a trav\u00e9s del aplicativo inform\u00e1tico de gesti\u00f3n de la convocatoria disponible en la sede electr\u00f3nica del Gobierno de Canarias:<\/p><p>\u00a0<\/p><p><strong><a href=\"https:\/\/sede.gobiernodecanarias.org\/sede\/procedimientos_servicios\/tramites\/10808\">Accede aqu\u00ed<\/a><\/strong><\/p><p>\u00a0<\/p><h5>M\u00e1s informaci\u00f3n<\/h5><p><br \/>Para m\u00e1s informaci\u00f3n puede contactar con:<\/p><p>\u00a0<\/p><p><strong>Arianna S\u00e1nchez<\/strong><br \/>T\u00e9cnica de Innovaci\u00f3n \u2013 Red CIDE<br \/>\ud83d\udcde 928 296 161 ext. 573<br \/>\ud83d\udce7 arianna.sanchez@femepa.es<\/p><p>\u00a0<\/p><p>La Red CIDE es una iniciativa de la Consejer\u00eda de Universidades, Ciencia e Innovaci\u00f3n y Cultura del Gobierno de Canarias, impulsada a trav\u00e9s de la Agencia Canaria de Investigaci\u00f3n, Innovaci\u00f3n y Sociedad de la Informaci\u00f3n (ACIISI), y cofinanciada por el Fondo Europeo de Desarrollo Regional (FEDER) con una tasa de cofinanciaci\u00f3n del 85% en el marco del Programa FEDER Canarias 2021-2027.<img fetchpriority=\"high\" decoding=\"async\" class=\"aligncenter wp-image-49442 size-full\" src=\"https:\/\/femepa.org\/web\/wp-content\/uploads\/2025\/05\/TIRA-RedCIDE-v1-2024-v1-1.avif\" alt=\"\" width=\"1920\" height=\"248\" srcset=\"https:\/\/femepa.org\/web\/wp-content\/uploads\/2025\/05\/TIRA-RedCIDE-v1-2024-v1-1.avif 1920w, https:\/\/femepa.org\/web\/wp-content\/uploads\/2025\/05\/TIRA-RedCIDE-v1-2024-v1-1-300x39.avif 300w, https:\/\/femepa.org\/web\/wp-content\/uploads\/2025\/05\/TIRA-RedCIDE-v1-2024-v1-1-768x99.avif 768w, https:\/\/femepa.org\/web\/wp-content\/uploads\/2025\/05\/TIRA-RedCIDE-v1-2024-v1-1-1536x198.avif 1536w\" sizes=\"(max-width: 1920px) 100vw, 1920px\" \/><\/p>\t\t\t\t\t\t\t\t<\/div>\n\t\t\t\t<\/div>\n\t\t\t\t<\/div>\n\t\t\t\t<\/div>\n\t\t","protected":false},"excerpt":{"rendered":"<p>Subvenciones de \u201ccuota cero\u201d dirigidas a las personas trabajadoras aut\u00f3nomas 2026 Objeto El fomento y consolidaci\u00f3n del empleo aut\u00f3nomo en la Comunidad Aut\u00f3noma de Canarias mediante la concesi\u00f3n de una subvenci\u00f3n dirigida a personas trabajadoras por cuenta propia o aut\u00f3nomas que est\u00e9n acogidas a los \u201cIncentivos y medidas de fomento y promoci\u00f3n del Trabajo Aut\u00f3nomo\u201d. [&hellip;]<\/p>\n","protected":false},"author":8,"featured_media":51871,"comment_status":"closed","ping_status":"closed","sticky":false,"template":"","format":"standard","meta":{"_acf_changed":false,"rs_blank_template":"","rs_page_bg_color":"","slide_template_v7":"","footnotes":""},"categories":[3242,3208,3219],"tags":[3246,64,143,279],"class_list":["post-51866","post","type-post","status-publish","format-standard","has-post-thumbnail","hentry","category-3242","category-formacion","category-pfae-gj","tag-acto-de-clausura","tag-femepa","tag-formacion","tag-pfae"],"acf":[],"_links":{"self":[{"href":"https:\/\/femepa.org\/web\/wp-json\/wp\/v2\/posts\/51866","targetHints":{"allow":["GET"]}}],"collection":[{"href":"https:\/\/femepa.org\/web\/wp-json\/wp\/v2\/posts"}],"about":[{"href":"https:\/\/femepa.org\/web\/wp-json\/wp\/v2\/types\/post"}],"author":[{"embeddable":true,"href":"https:\/\/femepa.org\/web\/wp-json\/wp\/v2\/users\/8"}],"replies":[{"embeddable":true,"href":"https:\/\/femepa.org\/web\/wp-json\/wp\/v2\/comments?post=51866"}],"version-history":[{"count":4,"href":"https:\/\/femepa.org\/web\/wp-json\/wp\/v2\/posts\/51866\/revisions"}],"predecessor-version":[{"id":51872,"href":"https:\/\/femepa.org\/web\/wp-json\/wp\/v2\/posts\/51866\/revisions\/51872"}],"wp:featuredmedia":[{"embeddable":true,"href":"https:\/\/femepa.org\/web\/wp-json\/wp\/v2\/media\/51871"}],"wp:attachment":[{"href":"https:\/\/femepa.org\/web\/wp-json\/wp\/v2\/media?parent=51866"}],"wp:term":[{"taxonomy":"category","embeddable":true,"href":"https:\/\/femepa.org\/web\/wp-json\/wp\/v2\/categories?post=51866"},{"taxonomy":"post_tag","embeddable":true,"href":"https:\/\/femepa.org\/web\/wp-json\/wp\/v2\/tags?post=51866"}],"curies":[{"name":"wp","href":"https:\/\/api.w.org\/{rel}","templated":true}]}}