{"id":51880,"date":"2026-03-11T11:15:50","date_gmt":"2026-03-11T11:15:50","guid":{"rendered":"https:\/\/femepa.org\/web\/?p=51880"},"modified":"2026-03-11T11:15:53","modified_gmt":"2026-03-11T11:15:53","slug":"femepa-participa-en-el-seminario-de-la-red-pidi-en-trujillo-sobre-horizonte-europa","status":"publish","type":"post","link":"https:\/\/femepa.org\/web\/femepa-participa-en-el-seminario-de-la-red-pidi-en-trujillo-sobre-horizonte-europa\/","title":{"rendered":"FEMEPA participa en el Seminario de la Red PIDI en Trujillo sobre Horizonte Europa"},"content":{"rendered":"\t\t<div data-elementor-type=\"wp-post\" data-elementor-id=\"51880\" class=\"elementor elementor-51880\" data-elementor-post-type=\"post\">\n\t\t\t\t<div class=\"elementor-element elementor-element-b9699aa e-con-full e-flex e-con e-parent\" data-id=\"b9699aa\" data-element_type=\"container\" data-e-type=\"container\">\n\t\t\t\t<div class=\"elementor-element elementor-element-e559da7 elementor-widget elementor-widget-heading\" data-id=\"e559da7\" data-element_type=\"widget\" data-e-type=\"widget\" data-widget_type=\"heading.default\">\n\t\t\t\t<div class=\"elementor-widget-container\">\n\t\t\t\t\t<h3 class=\"elementor-heading-title elementor-size-default\">FEMEPA participa en el Seminario de la Red PIDI en Trujillo sobre Horizonte Europa<\/h3>\t\t\t\t<\/div>\n\t\t\t\t<\/div>\n\t\t\t\t<div class=\"elementor-element elementor-element-e151902 elementor-widget elementor-widget-text-editor\" data-id=\"e151902\" data-element_type=\"widget\" data-e-type=\"widget\" data-widget_type=\"text-editor.default\">\n\t\t\t\t<div class=\"elementor-widget-container\">\n\t\t\t\t\t\t\t\t\t<p>Esta semana hemos participado en el\u00a0<strong>Seminario de la Red PIDI celebrado en Trujillo<\/strong>, organizado por el\u00a0<strong>CDTI Innovaci\u00f3n<\/strong>,\u00a0<strong>Entidad P\u00fablica Empresarial<\/strong>, dependiente del Ministerio de Ciencia, Innovaci\u00f3n y Universidades, un encuentro que re\u00fane a entidades de toda Espa\u00f1a que forman parte de la\u00a0<strong>Red PIDI<\/strong>\u00a0para fortalecer el asesoramiento en financiaci\u00f3n p\u00fablica de proyectos de I+D+i.<\/p><p>\u00a0<\/p><p>Durante las jornadas, se abordaron cuestiones clave relacionadas con el\u00a0<strong>programa europeo Horizonte Europa<\/strong>, as\u00ed como un an\u00e1lisis del Programa Marco: Horizonte Europa 2028-2034. Adem\u00e1s, se desarrollaron\u00a0<strong>sesiones de trabajo en grupo entre entidades PIDI<\/strong>\u00a0para la dinamizaci\u00f3n de la red.<\/p><p>\u00a0<\/p><p>La\u00a0<strong>Red PIDI<\/strong>, coordinada por el CDTI, constituye una red nacional de entidades que prestan\u00a0<strong>informaci\u00f3n y asesoramiento gratuito a empresas, emprendedores y entidades sobre ayudas p\u00fablicas a la I+D+i<\/strong>, facilitando el acceso a financiaci\u00f3n regional, nacional y europea.<\/p><p>\u00a0<\/p><p>La participaci\u00f3n de FEMEPA en este seminario refuerza nuestro compromiso con el\u00a0<strong>impulso de la innovaci\u00f3n empresarial en Canarias<\/strong>, acercando a nuestras empresas oportunidades de financiaci\u00f3n europea, cooperaci\u00f3n tecnol\u00f3gica y desarrollo de proyectos innovadores.<\/p><p>\u00a0<\/p><p>Tambi\u00e9n fue una excelente oportunidad para <strong>generar networking y colaboraci\u00f3n con otras entidades del ecosistema de innovaci\u00f3n<\/strong>, intercambiar conocimientos y explorar nuevas iniciativas que permitan mejorar el apoyo a las pymes en materia de I+D+i.<\/p><p>\u00a0<\/p><p>Agradecemos especialmente a\u00a0<strong>CDTI Innovaci\u00f3n<\/strong>\u00a0la organizaci\u00f3n de este seminario y su labor de coordinaci\u00f3n de la\u00a0<strong>Red PIDI<\/strong>, as\u00ed como a\u00a0<strong>l@s ponentes del departamento de Liderazgo Industrial y del departamento de Retos Sociales y al equipo del departamento de Promoci\u00f3n Institucional y Cooperaci\u00f3n Territorial<\/strong>, por compartir su conocimiento y contribuir al \u00e9xito de estas jornadas.<\/p><p>\u00a0<\/p><p>Desde FEMEPA seguimos trabajando para\u00a0<strong>acercar la innovaci\u00f3n, la transferencia tecnol\u00f3gica y las oportunidades de financiaci\u00f3n a nuestras empresas<\/strong>, contribuyendo al crecimiento competitivo del tejido industrial de Canarias.<\/p><p>\u00a0<\/p><p>Esta actividad se encuentra realizada en el marco de la\u00a0<strong>Red CIDE,\u00a0<\/strong>una iniciativa de la Consejer\u00eda de Universidades, Ciencia e Innovaci\u00f3n y Cultura del Gobierno de Canarias, impulsada a trav\u00e9s de la\u00a0<strong>Agencia Canaria de Investigaci\u00f3n, Innovaci\u00f3n y Sociedad de la Informaci\u00f3n (ACIISI)<\/strong>\u00a0, y cofinanciada por el Fondo Europeo de Desarrollo Regional, con una tasa de cofinanciaci\u00f3n del 85% en el marco del Programa Operativo FEDER Canarias 2021-2027.<\/p>\t\t\t\t\t\t\t\t<\/div>\n\t\t\t\t<\/div>\n\t\t\t\t<\/div>\n\t\t\t\t<\/div>\n\t\t","protected":false},"excerpt":{"rendered":"<p>FEMEPA participa en el Seminario de la Red PIDI en Trujillo sobre Horizonte Europa Esta semana hemos participado en el\u00a0Seminario de la Red PIDI celebrado en Trujillo, organizado por el\u00a0CDTI Innovaci\u00f3n,\u00a0Entidad P\u00fablica Empresarial, dependiente del Ministerio de Ciencia, Innovaci\u00f3n y Universidades, un encuentro que re\u00fane a entidades de toda Espa\u00f1a que forman parte de la\u00a0Red [&hellip;]<\/p>\n","protected":false},"author":8,"featured_media":51884,"comment_status":"closed","ping_status":"closed","sticky":false,"template":"","format":"standard","meta":{"_acf_changed":false,"rs_blank_template":"","rs_page_bg_color":"","slide_template_v7":"","footnotes":""},"categories":[3242,3188],"tags":[3246,64,143,279],"class_list":["post-51880","post","type-post","status-publish","format-standard","has-post-thumbnail","hentry","category-3242","category-dpto-innovacion-y-rsc","tag-acto-de-clausura","tag-femepa","tag-formacion","tag-pfae"],"acf":[],"_links":{"self":[{"href":"https:\/\/femepa.org\/web\/wp-json\/wp\/v2\/posts\/51880","targetHints":{"allow":["GET"]}}],"collection":[{"href":"https:\/\/femepa.org\/web\/wp-json\/wp\/v2\/posts"}],"about":[{"href":"https:\/\/femepa.org\/web\/wp-json\/wp\/v2\/types\/post"}],"author":[{"embeddable":true,"href":"https:\/\/femepa.org\/web\/wp-json\/wp\/v2\/users\/8"}],"replies":[{"embeddable":true,"href":"https:\/\/femepa.org\/web\/wp-json\/wp\/v2\/comments?post=51880"}],"version-history":[{"count":4,"href":"https:\/\/femepa.org\/web\/wp-json\/wp\/v2\/posts\/51880\/revisions"}],"predecessor-version":[{"id":51885,"href":"https:\/\/femepa.org\/web\/wp-json\/wp\/v2\/posts\/51880\/revisions\/51885"}],"wp:featuredmedia":[{"embeddable":true,"href":"https:\/\/femepa.org\/web\/wp-json\/wp\/v2\/media\/51884"}],"wp:attachment":[{"href":"https:\/\/femepa.org\/web\/wp-json\/wp\/v2\/media?parent=51880"}],"wp:term":[{"taxonomy":"category","embeddable":true,"href":"https:\/\/femepa.org\/web\/wp-json\/wp\/v2\/categories?post=51880"},{"taxonomy":"post_tag","embeddable":true,"href":"https:\/\/femepa.org\/web\/wp-json\/wp\/v2\/tags?post=51880"}],"curies":[{"name":"wp","href":"https:\/\/api.w.org\/{rel}","templated":true}]}}