{"id":51903,"date":"2026-03-13T09:14:06","date_gmt":"2026-03-13T09:14:06","guid":{"rendered":"https:\/\/femepa.org\/web\/?p=51903"},"modified":"2026-03-13T13:59:09","modified_gmt":"2026-03-13T13:59:09","slug":"destacamos-la-sostenibilidad-industrial-en-una-jornada-tecnica-sobre-la-normativa-de-vertidos-de-aguas-residuales-de-las-palmas-de-gran-canaria","status":"publish","type":"post","link":"https:\/\/femepa.org\/web\/destacamos-la-sostenibilidad-industrial-en-una-jornada-tecnica-sobre-la-normativa-de-vertidos-de-aguas-residuales-de-las-palmas-de-gran-canaria\/","title":{"rendered":"Destacamos la sostenibilidad industrial en una jornada t\u00e9cnica sobre la normativa de vertidos de aguas residuales de las Palmas de Gran Canaria"},"content":{"rendered":"\t\t<div data-elementor-type=\"wp-post\" data-elementor-id=\"51903\" class=\"elementor elementor-51903\" data-elementor-post-type=\"post\">\n\t\t\t\t<div class=\"elementor-element elementor-element-b9699aa e-con-full e-flex e-con e-parent\" data-id=\"b9699aa\" data-element_type=\"container\" data-e-type=\"container\">\n\t\t\t\t<div class=\"elementor-element elementor-element-e559da7 elementor-widget elementor-widget-heading\" data-id=\"e559da7\" data-element_type=\"widget\" data-e-type=\"widget\" data-widget_type=\"heading.default\">\n\t\t\t\t<div class=\"elementor-widget-container\">\n\t\t\t\t\t<h3 class=\"elementor-heading-title elementor-size-default\">Destacamos la sostenibilidad industrial en una jornada t\u00e9cnica sobre la normativa de vertidos de aguas residuales de las Palmas de Gran Canaria\n<\/h3>\t\t\t\t<\/div>\n\t\t\t\t<\/div>\n\t\t\t\t<div class=\"elementor-element elementor-element-e151902 elementor-widget elementor-widget-text-editor\" data-id=\"e151902\" data-element_type=\"widget\" data-e-type=\"widget\" data-widget_type=\"text-editor.default\">\n\t\t\t\t<div class=\"elementor-widget-container\">\n\t\t\t\t\t\t\t\t\t<p><span style=\"font-weight: 400;\">En el marco del proyecto &#8220;Apuesta por la industria legal&#8221;, la federaci\u00f3n reuni\u00f3 a expertos de Emalsa, Simop y Sermecan para abordar los retos del cumplimiento normativo y la gesti\u00f3n de residuos.<\/span><\/p><p>\u00a0<\/p><p><span style=\"font-weight: 400;\">Femepa celebr\u00f3 ay<\/span><span style=\"font-weight: 400;\">er en sus instalaciones una jornada t\u00e9cnica de vital importancia para el sector industrial, centrada en la normativa de vertidos de aguas residuales en Las Palmas de Gran Canaria. El evento, organizado por SERMECAN, sirvi\u00f3 como plataforma para desgranar la ordenanza municipal publicada recientemente y analizar las soluciones tecnol\u00f3gicas disponibles para mejorar la sostenibilidad de las actividades empresariales.<\/span><\/p><p>\u00a0<\/p><h4><b>El reto del amianto: una urgencia para el sector<\/b><\/h4><p>\u00a0<\/p><p><span style=\"font-weight: 400;\">En la presentaci\u00f3n de la jornada, Victor Rubio, director de Marketing y Comunicaci\u00f3n,\u00a0 Relaciones Institucionales y Sectores emergentes, lanz\u00f3 desde FEMEPA un llamamiento de urgencia ante la inminente finalizaci\u00f3n del plazo, el pr\u00f3ximo 26 de marzo, para la gesti\u00f3n adecuada de este residuo peligroso.<\/span><\/p><p>\u00a0<\/p><p><span style=\"font-weight: 400;\">La presencia de amianto en las redes de abastecimiento y saneamiento antiguas (tuber\u00edas de fibrocemento) representa un grave problema de salud p\u00fablica y ambiental. Ante la actual falta de infraestructuras en Canarias para su tratamiento y la negativa de los centros en la pen\u00ednsula para seguir recibiendo estos residuos, el sector de la fontaner\u00eda, la obra p\u00fablica y las energ\u00edas renovables (retirada de techos de uralita) se enfrenta a una par\u00e1lisis econ\u00f3mica. Femepa insta a las administraciones a buscar soluciones urgentes, como la ampliaci\u00f3n de los plazos de almacenamiento, para evitar un colapso en la ejecuci\u00f3n de fondos Next Generation y en el cumplimiento de los objetivos de descarbonizaci\u00f3n 2030.<\/span><\/p><p>\u00a0<\/p><h4><b>Cumplimiento normativo y gesti\u00f3n de aguas<\/b><\/h4><p>\u00a0<\/p><p><span style=\"font-weight: 400;\">La jornada cont\u00f3 con la participaci\u00f3n de Nisa Guede Brito, subdirectora de explotaci\u00f3n de Emalsa, quien detall\u00f3 los pormenores de la nueva ordenanza de vertidos. Subray\u00f3 los problemas que causan las toallitas y las grasas en la red de alcantarillado, recordando el principio de &#8220;quien m\u00e1s contamina, m\u00e1s paga&#8221; que rige la nueva normativa.<\/span><\/p><p>\u00a0<\/p><p><span style=\"font-weight: 400;\">Por su parte, Antonio Fando, director de SIMOP Espa\u00f1a, present\u00f3 soluciones de vanguardia como el sistema <\/span><i><span style=\"font-weight: 400;\">Trit\u00f3n<\/span><\/i><span style=\"font-weight: 400;\">, capaz de eliminar el 99,9% de los micropl\u00e1sticos en aguas de escorrent\u00eda, y diversas tecnolog\u00edas para la reutilizaci\u00f3n de aguas grises y pluviales.<\/span><\/p><p>\u00a0<\/p><p><span style=\"font-weight: 400;\">Finalmente, David Ram\u00edrez, CEO de Sermecan, expuso las ventajas de la ozonizaci\u00f3n para la eliminaci\u00f3n de malos olores y la desinfecci\u00f3n de aguas sin generar huella de carbono, destacando la importancia de generar soluciones biocidas <\/span><i><span style=\"font-weight: 400;\">in situ<\/span><\/i><span style=\"font-weight: 400;\"> de forma ecol\u00f3gica y sostenible.<\/span><\/p><p>\u00a0<\/p><h4><b>Apuesta por la industria legal<\/b><\/h4><p>\u00a0<\/p><p><span style=\"font-weight: 400;\">Esta iniciativa se enmarca en el proyecto &#8220;Apuesta por la industria legal&#8221;, promovido por Femepa y financiado por la Consejer\u00eda de Econom\u00eda, Industria, Comercio y Aut\u00f3nomos del Gobierno de Canarias. El objetivo principal es poner en valor a las empresas que cumplen rigurosamente con la legalidad, fomentar la formaci\u00f3n en oficios industriales y garantizar que el tejido empresarial canario est\u00e9 preparado para los desaf\u00edos normativos y ambientales del futuro.<\/span><\/p><p>\u00a0<\/p><p><span style=\"font-weight: 400;\"><strong>Ver galer\u00eda del evento:<\/strong> <\/span><a href=\"https:\/\/flic.kr\/s\/aHBqjCMYDb\"><span style=\"font-weight: 400;\">AQU\u00cd<\/span><\/a><\/p><p><span style=\"font-weight: 400;\"><strong>Ver videoresumen:<\/strong> <a href=\"https:\/\/youtu.be\/7_yC9pb1NlM\">AQU\u00cd<\/a>\u00a0<\/span><\/p>\t\t\t\t\t\t\t\t<\/div>\n\t\t\t\t<\/div>\n\t\t\t\t<\/div>\n\t\t\t\t<\/div>\n\t\t","protected":false},"excerpt":{"rendered":"<p>Destacamos la sostenibilidad industrial en una jornada t\u00e9cnica sobre la normativa de vertidos de aguas residuales de las Palmas de Gran Canaria En el marco del proyecto &#8220;Apuesta por la industria legal&#8221;, la federaci\u00f3n reuni\u00f3 a expertos de Emalsa, Simop y Sermecan para abordar los retos del cumplimiento normativo y la gesti\u00f3n de residuos. \u00a0 [&hellip;]<\/p>\n","protected":false},"author":4,"featured_media":51914,"comment_status":"closed","ping_status":"closed","sticky":false,"template":"","format":"standard","meta":{"_acf_changed":false,"rs_blank_template":"","rs_page_bg_color":"","slide_template_v7":"","footnotes":""},"categories":[3242],"tags":[2289,3249,2406,191],"class_list":["post-51903","post","type-post","status-publish","format-standard","has-post-thumbnail","hentry","category-3242","tag-aguas-residuales","tag-emalsa","tag-jornada-tecnica","tag-normativa"],"acf":[],"_links":{"self":[{"href":"https:\/\/femepa.org\/web\/wp-json\/wp\/v2\/posts\/51903","targetHints":{"allow":["GET"]}}],"collection":[{"href":"https:\/\/femepa.org\/web\/wp-json\/wp\/v2\/posts"}],"about":[{"href":"https:\/\/femepa.org\/web\/wp-json\/wp\/v2\/types\/post"}],"author":[{"embeddable":true,"href":"https:\/\/femepa.org\/web\/wp-json\/wp\/v2\/users\/4"}],"replies":[{"embeddable":true,"href":"https:\/\/femepa.org\/web\/wp-json\/wp\/v2\/comments?post=51903"}],"version-history":[{"count":11,"href":"https:\/\/femepa.org\/web\/wp-json\/wp\/v2\/posts\/51903\/revisions"}],"predecessor-version":[{"id":51926,"href":"https:\/\/femepa.org\/web\/wp-json\/wp\/v2\/posts\/51903\/revisions\/51926"}],"wp:featuredmedia":[{"embeddable":true,"href":"https:\/\/femepa.org\/web\/wp-json\/wp\/v2\/media\/51914"}],"wp:attachment":[{"href":"https:\/\/femepa.org\/web\/wp-json\/wp\/v2\/media?parent=51903"}],"wp:term":[{"taxonomy":"category","embeddable":true,"href":"https:\/\/femepa.org\/web\/wp-json\/wp\/v2\/categories?post=51903"},{"taxonomy":"post_tag","embeddable":true,"href":"https:\/\/femepa.org\/web\/wp-json\/wp\/v2\/tags?post=51903"}],"curies":[{"name":"wp","href":"https:\/\/api.w.org\/{rel}","templated":true}]}}