{"id":52413,"date":"2026-04-28T08:28:05","date_gmt":"2026-04-28T07:28:05","guid":{"rendered":"https:\/\/femepa.org\/web\/?p=52413"},"modified":"2026-04-28T08:28:07","modified_gmt":"2026-04-28T07:28:07","slug":"convocatoria-camara-de-comercio-de-gran-canaria-pyme-global-2026-mision-comercial-a-china","status":"publish","type":"post","link":"https:\/\/femepa.org\/web\/convocatoria-camara-de-comercio-de-gran-canaria-pyme-global-2026-mision-comercial-a-china\/","title":{"rendered":"Convocatoria C\u00e1mara de Comercio de Gran Canaria, PYME GLOBAL 2026: Misi\u00f3n comercial a China"},"content":{"rendered":"\t\t<div data-elementor-type=\"wp-post\" data-elementor-id=\"52413\" class=\"elementor elementor-52413\" data-elementor-post-type=\"post\">\n\t\t\t\t<div class=\"elementor-element elementor-element-5b88b4dd e-flex e-con-boxed e-con e-parent\" data-id=\"5b88b4dd\" data-element_type=\"container\" data-e-type=\"container\">\n\t\t\t\t\t<div class=\"e-con-inner\">\n\t\t\t\t<div class=\"elementor-element elementor-element-17b3b5ba elementor-widget elementor-widget-text-editor\" data-id=\"17b3b5ba\" data-element_type=\"widget\" data-e-type=\"widget\" data-widget_type=\"text-editor.default\">\n\t\t\t\t<div class=\"elementor-widget-container\">\n\t\t\t\t\t\t\t\t\t<h3>Convocatoria C\u00e1mara de Comercio de Gran Canaria, PYME GLOBAL 2026: Misi\u00f3n comercial a China<\/h3><p>La C\u00e1mara de Comercio de Gran Canaria convoca ayudas para la participaci\u00f3n en la\u00a0<strong>misi\u00f3n comercial a China<\/strong>, cofinanciada por el FEDER en el marco del programa PYME GLOBAL 2026.<\/p><h3>Convocatoria PYME GLOBAL 2026: Misi\u00f3n comercial a China, del 31 de octubre al 7 de noviembre de 2026<\/h3><p>Para empresas de Gran Canaria con inter\u00e9s comercial en dicho pa\u00eds<\/p><h3>Objeto<\/h3><p>Promover la participaci\u00f3n de pymes de la demarcaci\u00f3n territorial de la C\u00e1mara de Comercio de Gran Canaria en la misi\u00f3n comercial a China, que tendr\u00e1 lugar del\u00a0<strong>31 de octubre al 7 de noviembre de 2026<\/strong>.<\/p><h3>\u00bfQui\u00e9n puede beneficiarse?<\/h3><p>Empresas grancanarias con inter\u00e9s comercial en el mercado chino.<\/p><p>N\u00famero m\u00e1ximo de empresas beneficiarias:\u00a0<strong>7<\/strong>.<\/p><h3>Algunos requisitos para las empresas beneficiarias<\/h3><ul><li>Ser una PYME.<\/li><li>Estar dada de alta en el IAE.<\/li><li>Tener domicilio social y\/o centro productivo en Gran Canaria.<\/li><li>Facturaci\u00f3n m\u00ednima de\u00a0<strong>100.000 \u20ac<\/strong>\u00a0en la \u00faltima anualidad.<\/li><li>Plantilla media m\u00ednima de\u00a0<strong>2 empleados<\/strong>.<\/li><li>Estar al corriente con Hacienda y Seguridad Social.<\/li><li>Cumplir la normativa de minimis.<\/li><li>Cumplir el resto de requisitos establecidos en la convocatoria.<\/li><\/ul><h3>Costes subvencionables<\/h3><ul><li>Transporte:\u00a0<strong>1.595 \u20ac<\/strong>\u00a0(coste unitario).<\/li><li>Alojamiento y manutenci\u00f3n:\u00a0<strong>210 \u20ac\/d\u00eda<\/strong>\u00a0(5 d\u00edas de actividad previstos).<\/li><li>Elaboraci\u00f3n de agenda de trabajo: hasta\u00a0<strong>1.500 \u20ac<\/strong>.<\/li><li>Costes indirectos:\u00a0<strong>7 %<\/strong>\u00a0sobre los costes directos subvencionables.<\/li><\/ul><h3>Cuant\u00eda<\/h3><ul><li>Ayuda m\u00e1xima por empresa:\u00a0<strong>3.769,88 \u20ac<\/strong>\u00a0(85 % FEDER).<\/li><li>La empresa aporta el\u00a0<strong>15 % restante<\/strong>.<\/li><li>En caso de segundo representante, la ayuda podr\u00e1 ascender hasta\u00a0<strong>6.175,50 \u20ac<\/strong>.<\/li><\/ul><h3>Inscripciones<\/h3><p>El plazo de solicitud se abrir\u00e1 a las\u00a0<strong>08:00 h del d\u00eda h\u00e1bil siguiente a la publicaci\u00f3n en el BOP de Las Palmas (28\/04\/2026)<\/strong>\u00a0y finalizar\u00e1 el\u00a0<strong>30 de septiembre de 2026 a las 14:00 h<\/strong>, o antes si se agota el cr\u00e9dito disponible.<\/p><p>Las solicitudes deber\u00e1n presentarse exclusivamente a trav\u00e9s de la sede electr\u00f3nica:<br \/><a href=\"https:\/\/sede.camara.es\/sede\/grancanaria\">https:\/\/sede.camara.es\/sede\/grancanaria<\/a><\/p><h3>Informaci\u00f3n adicional<\/h3><p>Para m\u00e1s informaci\u00f3n puede contactar con la T\u00e9cnica de la Red CIDE:<br \/>928 296 161, ext. #573 |\u00a0<a href=\"mailto:arianna.sanchez@femepa.es\">arianna.sanchez@femepa.es<\/a><\/p><p>La Red CIDE es una iniciativa de la Consejer\u00eda de Universidades, Ciencia e Innovaci\u00f3n y Cultura del Gobierno de Canarias, impulsada a trav\u00e9s de la Agencia Canaria de Investigaci\u00f3n, Innovaci\u00f3n y Sociedad de la Informaci\u00f3n (ACIISI), y cofinanciada por el Fondo Europeo de Desarrollo Regional (FEDER) en el marco del Programa FEDER Canarias 2021-2027.<img fetchpriority=\"high\" decoding=\"async\" class=\"aligncenter wp-image-52377 size-full\" src=\"https:\/\/femepa.org\/web\/wp-content\/uploads\/2026\/04\/TIRA-RedCIDE-2026-v1-2.avif\" alt=\"\" width=\"1920\" height=\"281\" srcset=\"https:\/\/femepa.org\/web\/wp-content\/uploads\/2026\/04\/TIRA-RedCIDE-2026-v1-2.avif 1920w, https:\/\/femepa.org\/web\/wp-content\/uploads\/2026\/04\/TIRA-RedCIDE-2026-v1-2-300x44.avif 300w, https:\/\/femepa.org\/web\/wp-content\/uploads\/2026\/04\/TIRA-RedCIDE-2026-v1-2-768x112.avif 768w, https:\/\/femepa.org\/web\/wp-content\/uploads\/2026\/04\/TIRA-RedCIDE-2026-v1-2-1536x225.avif 1536w\" sizes=\"(max-width: 1920px) 100vw, 1920px\" \/><\/p><p><!-- \/wp:freeform --><!-- \/wp:post-content --><\/p>\t\t\t\t\t\t\t\t<\/div>\n\t\t\t\t<\/div>\n\t\t\t\t\t<\/div>\n\t\t\t\t<\/div>\n\t\t\t\t<\/div>\n\t\t","protected":false},"excerpt":{"rendered":"<p>Convocatoria C\u00e1mara de Comercio de Gran Canaria, PYME GLOBAL 2026: Misi\u00f3n comercial a China La C\u00e1mara de Comercio de Gran Canaria convoca ayudas para la participaci\u00f3n en la\u00a0misi\u00f3n comercial a China, cofinanciada por el FEDER en el marco del programa PYME GLOBAL 2026. Convocatoria PYME GLOBAL 2026: Misi\u00f3n comercial a China, del 31 de octubre [&hellip;]<\/p>\n","protected":false},"author":8,"featured_media":52417,"comment_status":"closed","ping_status":"closed","sticky":false,"template":"","format":"standard","meta":{"_acf_changed":false,"rs_blank_template":"","rs_page_bg_color":"","slide_template_v7":"","footnotes":""},"categories":[3242,3188],"tags":[64],"class_list":["post-52413","post","type-post","status-publish","format-standard","has-post-thumbnail","hentry","category-3242","category-dpto-innovacion-y-rsc","tag-femepa"],"acf":[],"_links":{"self":[{"href":"https:\/\/femepa.org\/web\/wp-json\/wp\/v2\/posts\/52413","targetHints":{"allow":["GET"]}}],"collection":[{"href":"https:\/\/femepa.org\/web\/wp-json\/wp\/v2\/posts"}],"about":[{"href":"https:\/\/femepa.org\/web\/wp-json\/wp\/v2\/types\/post"}],"author":[{"embeddable":true,"href":"https:\/\/femepa.org\/web\/wp-json\/wp\/v2\/users\/8"}],"replies":[{"embeddable":true,"href":"https:\/\/femepa.org\/web\/wp-json\/wp\/v2\/comments?post=52413"}],"version-history":[{"count":4,"href":"https:\/\/femepa.org\/web\/wp-json\/wp\/v2\/posts\/52413\/revisions"}],"predecessor-version":[{"id":52418,"href":"https:\/\/femepa.org\/web\/wp-json\/wp\/v2\/posts\/52413\/revisions\/52418"}],"wp:featuredmedia":[{"embeddable":true,"href":"https:\/\/femepa.org\/web\/wp-json\/wp\/v2\/media\/52417"}],"wp:attachment":[{"href":"https:\/\/femepa.org\/web\/wp-json\/wp\/v2\/media?parent=52413"}],"wp:term":[{"taxonomy":"category","embeddable":true,"href":"https:\/\/femepa.org\/web\/wp-json\/wp\/v2\/categories?post=52413"},{"taxonomy":"post_tag","embeddable":true,"href":"https:\/\/femepa.org\/web\/wp-json\/wp\/v2\/tags?post=52413"}],"curies":[{"name":"wp","href":"https:\/\/api.w.org\/{rel}","templated":true}]}}