{"id":52420,"date":"2026-04-28T13:29:19","date_gmt":"2026-04-28T12:29:19","guid":{"rendered":"https:\/\/femepa.org\/web\/?p=52420"},"modified":"2026-04-28T13:29:22","modified_gmt":"2026-04-28T12:29:22","slug":"aielpa-renueva-su-junta-directiva","status":"publish","type":"post","link":"https:\/\/femepa.org\/web\/aielpa-renueva-su-junta-directiva\/","title":{"rendered":"AIELPA renueva su Junta Directiva"},"content":{"rendered":"\t\t<div data-elementor-type=\"wp-post\" data-elementor-id=\"52420\" class=\"elementor elementor-52420\" data-elementor-post-type=\"post\">\n\t\t\t\t<div class=\"elementor-element elementor-element-43491a17 e-flex e-con-boxed e-con e-parent\" data-id=\"43491a17\" data-element_type=\"container\" data-e-type=\"container\">\n\t\t\t\t\t<div class=\"e-con-inner\">\n\t\t\t\t<div class=\"elementor-element elementor-element-4e0f247f elementor-widget elementor-widget-text-editor\" data-id=\"4e0f247f\" data-element_type=\"widget\" data-e-type=\"widget\" data-widget_type=\"text-editor.default\">\n\t\t\t\t<div class=\"elementor-widget-container\">\n\t\t\t\t\t\t\t\t\t<h3><span style=\"font-family: Roboto, sans-serif;\">\u00a0<\/span><strong data-start=\"0\" data-end=\"80\">AIELPA renueva su Junta Directiva tras la celebraci\u00f3n de su Asamblea General<\/strong><\/h3><p data-start=\"84\" data-end=\"461\">La Asociaci\u00f3n Provincial de Industriales de Electricidad y Telecomunicaciones de Las Palmas (AIELPA) ha renovado su Junta Directiva tras la celebraci\u00f3n de su Asamblea General el pasado 22 de abril. Esta nueva configuraci\u00f3n refuerza el compromiso de la entidad con la representaci\u00f3n del sector y el impulso de las empresas de electricidad y telecomunicaciones en la provincia.<\/p><p data-start=\"463\" data-end=\"664\">La presidencia de AIELPA estar\u00e1 a cargo de Armando Hern\u00e1ndez Pulido, de INSMOELCA, S.A., quien liderar\u00e1 esta nueva etapa acompa\u00f1ado por un equipo representativo del tejido empresarial del sector.<\/p><p data-start=\"463\" data-end=\"664\">\u00a0<\/p><p data-start=\"666\" data-end=\"708\">La Junta Directiva queda conformada por:<\/p><p><strong data-start=\"712\" data-end=\"732\">\u00b7 Vicepresidente I<\/strong>: Eduardo del Rosario Martel (Galaxia Comunicaciones)<\/p><p><strong data-start=\"790\" data-end=\"811\">\u00b7 Vicepresidente II<\/strong>: Braulio Mart\u00edn Manzanares Sevilla (Grupo Servit\u00e9cnica 2017, S.L.)<\/p><p><strong data-start=\"883\" data-end=\"895\">\u00b7 Tesorero<\/strong>: \u00c1ngel Alexis Montesdeoca Acosta (Nalexcan, S.L.)<\/p><p>\u00a0<\/p><p data-start=\"949\" data-end=\"977\">Como vocales, se integran:<\/p><ul data-start=\"979\" data-end=\"1735\"><li data-section-id=\"1xkzt7n\" data-start=\"979\" data-end=\"1050\">Oliver Mario Mart\u00edn Vilardaga (Elecnor, Servicio y Proyectos, S.A.)<\/li><li data-section-id=\"o8ufiv\" data-start=\"1051\" data-end=\"1111\">Juan Manuel Pintado Soriano (Lumimania, S.L. \u2013 Voltilux)<\/li><li data-section-id=\"1t8fvqv\" data-start=\"1112\" data-end=\"1165\">Benito Marcos Ramos Rivero (Ramos Betancor, S.L.)<\/li><li data-section-id=\"1huvknd\" data-start=\"1166\" data-end=\"1216\">Edison Benigno Fontaine Santana (Efonza, S.L.)<\/li><li data-section-id=\"on8kl\" data-start=\"1217\" data-end=\"1249\">Patricia Manzanares Gilibert<\/li><li data-section-id=\"sahuxa\" data-start=\"1250\" data-end=\"1321\">\u00d3scar Manuel Naranjo P\u00e9rez (Cobra, Instalaciones y Servicios, S.A.)<\/li><li data-section-id=\"oee5vi\" data-start=\"1322\" data-end=\"1381\">Juan Francisco Cardona Reyes (Veolia Electrimega, S.L.)<\/li><li data-section-id=\"uj6as9\" data-start=\"1382\" data-end=\"1427\">\u00c1ngel Jim\u00e9nez Medina (ABT Canarias, S.A.)<\/li><li data-section-id=\"vj6e39\" data-start=\"1428\" data-end=\"1518\">Juan Mois\u00e9s Manrique de Lara Bet\u00e9s (Genera Instalaciones, Mantenimiento y Obras, S.L.)<\/li><li data-section-id=\"155glcb\" data-start=\"1519\" data-end=\"1602\">Roberto Carlos Alamillo Su\u00e1rez (Alamillo Su\u00e1rez Instalaciones y Servicios SLNE)<\/li><li data-section-id=\"npzf88\" data-start=\"1603\" data-end=\"1676\">Jos\u00e9 Manuel P\u00e9rez Zarza (Electro Zarza), como vocal por Fuerteventura<\/li><li data-section-id=\"acxr2\" data-start=\"1677\" data-end=\"1735\">Juan Carlos Oubi\u00f1a Rodr\u00edguez, como vocal por Lanzarote<\/li><\/ul><p>\u00a0<\/p><p data-start=\"1737\" data-end=\"2044\">Asimismo, durante la Asamblea se acord\u00f3 la designaci\u00f3n de los representantes de AIELPA en la Junta Directiva de FEMEPA, que estar\u00e1 integrada por Armando Hern\u00e1ndez Pulido, Eduardo del Rosario Martel, Alexis Montesdeoca Acosta, Juan Manuel Pintado Soriano, Jos\u00e9 Manuel P\u00e9rez Zarza y Oliver Mart\u00edn Vilardaga.<\/p><p data-start=\"2046\" data-end=\"2319\" data-is-last-node=\"\" data-is-only-node=\"\">Con esta renovaci\u00f3n, AIELPA inicia una nueva etapa centrada en el fortalecimiento del sector, la defensa de los intereses empresariales y la promoci\u00f3n de la colaboraci\u00f3n entre empresas, instituciones y agentes clave en el \u00e1mbito de la electricidad y las telecomunicaciones.<\/p><p><!-- \/wp:post-content --><!-- \/wp:post-content --><\/p>\t\t\t\t\t\t\t\t<\/div>\n\t\t\t\t<\/div>\n\t\t\t\t\t<\/div>\n\t\t\t\t<\/div>\n\t\t\t\t<\/div>\n\t\t","protected":false},"excerpt":{"rendered":"<p>\u00a0AIELPA renueva su Junta Directiva tras la celebraci\u00f3n de su Asamblea General La Asociaci\u00f3n Provincial de Industriales de Electricidad y Telecomunicaciones de Las Palmas (AIELPA) ha renovado su Junta Directiva tras la celebraci\u00f3n de su Asamblea General el pasado 22 de abril. Esta nueva configuraci\u00f3n refuerza el compromiso de la entidad con la representaci\u00f3n del [&hellip;]<\/p>\n","protected":false},"author":4,"featured_media":52424,"comment_status":"closed","ping_status":"closed","sticky":false,"template":"","format":"standard","meta":{"_acf_changed":false,"rs_blank_template":"","rs_page_bg_color":"","slide_template_v7":"","footnotes":""},"categories":[3242,3189],"tags":[125,64,76],"class_list":["post-52420","post","type-post","status-publish","format-standard","has-post-thumbnail","hentry","category-3242","category-asociaciones","tag-aielpa","tag-femepa","tag-junta-directiva"],"acf":[],"_links":{"self":[{"href":"https:\/\/femepa.org\/web\/wp-json\/wp\/v2\/posts\/52420","targetHints":{"allow":["GET"]}}],"collection":[{"href":"https:\/\/femepa.org\/web\/wp-json\/wp\/v2\/posts"}],"about":[{"href":"https:\/\/femepa.org\/web\/wp-json\/wp\/v2\/types\/post"}],"author":[{"embeddable":true,"href":"https:\/\/femepa.org\/web\/wp-json\/wp\/v2\/users\/4"}],"replies":[{"embeddable":true,"href":"https:\/\/femepa.org\/web\/wp-json\/wp\/v2\/comments?post=52420"}],"version-history":[{"count":4,"href":"https:\/\/femepa.org\/web\/wp-json\/wp\/v2\/posts\/52420\/revisions"}],"predecessor-version":[{"id":52425,"href":"https:\/\/femepa.org\/web\/wp-json\/wp\/v2\/posts\/52420\/revisions\/52425"}],"wp:featuredmedia":[{"embeddable":true,"href":"https:\/\/femepa.org\/web\/wp-json\/wp\/v2\/media\/52424"}],"wp:attachment":[{"href":"https:\/\/femepa.org\/web\/wp-json\/wp\/v2\/media?parent=52420"}],"wp:term":[{"taxonomy":"category","embeddable":true,"href":"https:\/\/femepa.org\/web\/wp-json\/wp\/v2\/categories?post=52420"},{"taxonomy":"post_tag","embeddable":true,"href":"https:\/\/femepa.org\/web\/wp-json\/wp\/v2\/tags?post=52420"}],"curies":[{"name":"wp","href":"https:\/\/api.w.org\/{rel}","templated":true}]}}