{"id":52432,"date":"2026-04-30T13:15:26","date_gmt":"2026-04-30T12:15:26","guid":{"rendered":"https:\/\/femepa.org\/web\/?p=52432"},"modified":"2026-04-30T13:36:10","modified_gmt":"2026-04-30T12:36:10","slug":"fuerteventura-acoge-una-jornada-empresarial-centrada-en-el-presente-y-futuro-del-sector-industrial","status":"publish","type":"post","link":"https:\/\/femepa.org\/web\/fuerteventura-acoge-una-jornada-empresarial-centrada-en-el-presente-y-futuro-del-sector-industrial\/","title":{"rendered":"Fuerteventura acoge una jornada empresarial centrada en el presente y futuro del sector industrial"},"content":{"rendered":"\t\t<div data-elementor-type=\"wp-post\" data-elementor-id=\"52432\" class=\"elementor elementor-52432\" data-elementor-post-type=\"post\">\n\t\t\t\t<div class=\"elementor-element elementor-element-1015da52 e-flex e-con-boxed e-con e-parent\" data-id=\"1015da52\" data-element_type=\"container\" data-e-type=\"container\">\n\t\t\t\t\t<div class=\"e-con-inner\">\n\t\t\t\t<div class=\"elementor-element elementor-element-5dcc6e3a elementor-widget elementor-widget-text-editor\" data-id=\"5dcc6e3a\" data-element_type=\"widget\" data-e-type=\"widget\" data-widget_type=\"text-editor.default\">\n\t\t\t\t<div class=\"elementor-widget-container\">\n\t\t\t\t\t\t\t\t\t\n<h3><strong data-start=\"512\" data-end=\"614\">Fuerteventura acoge una jornada empresarial centrada en el presente y futuro del sector industrial<\/strong><\/h3>\n<p data-start=\"214\" data-end=\"463\">Fuerteventura ser\u00e1 el escenario de un nuevo encuentro empresarial dirigido a profesionales y empresas del sector del metal y las nuevas tecnolog\u00edas, con el objetivo de acercar de primera mano las principales novedades en materia econ\u00f3mica y laboral.<\/p>\n<p data-start=\"465\" data-end=\"794\">El evento se celebrar\u00e1 el pr\u00f3ximo jueves 7 de mayo de 2026, a las 19:00 horas, en el Hotel Mirador Fuerteventura, en Puerto del Rosario, y reunir\u00e1 a representantes del tejido empresarial, expertos t\u00e9cnicos y responsables institucionales en una jornada que combinar\u00e1 informaci\u00f3n actualizada con espacios de networking.<\/p>\n<p data-start=\"796\" data-end=\"1332\">La apertura institucional contar\u00e1 con la participaci\u00f3n de Felipe Afonso El Jaber, viceconsejero de Econom\u00eda, Industria, Comercio y Consumo del Gobierno de Canarias; Dolores Alicia Garc\u00eda Mart\u00ednez, presidenta del Cabildo de Fuerteventura; Crist\u00f3bal David de Vera Cabrera, alcalde de Puerto del Rosario; Juan Jes\u00fas Rodr\u00edguez Marichal, presidente de la C\u00e1mara de Comercio de Fuerteventura; un representante de la Confederaci\u00f3n Insular de Empresarios de Fuerteventura (CONFUER); y Patricia Jim\u00e9nez, presidenta de FEMEPA.<\/p>\n<p data-start=\"1334\" data-end=\"1731\">En el apartado t\u00e9cnico, Juan de Dios Fern\u00e1ndez Lupi\u00e1\u00f1ez, jefe de Unidad de la Seguridad Social de la Inspecci\u00f3n de Trabajo, abordar\u00e1 las principales cuestiones relacionadas con la Inspecci\u00f3n de Trabajo y Seguridad Social 2026, incluyendo aspectos como contrataci\u00f3n, registro de jornada, nuevos permisos, extranjer\u00eda, despidos y los planes y campa\u00f1as de inspecci\u00f3n.<\/p>\n<p data-start=\"1733\" data-end=\"1996\">Posteriormente, Jos\u00e9 Miguel Rodr\u00edguez, director del \u00c1rea de Atenci\u00f3n al Asociado de FEMEPA, expondr\u00e1 las novedades del nuevo convenio colectivo de siderometalurgia, ofreciendo una visi\u00f3n pr\u00e1ctica de su aplicaci\u00f3n en las empresas del sector.<\/p>\n<p data-start=\"1998\" data-end=\"2213\">La jornada continuar\u00e1 con la intervenci\u00f3n t\u00e9cnica de Juan Carlos Betancor Garc\u00eda, secretario general de FEMEPA, quien aportar\u00e1 una visi\u00f3n global sobre el contexto actual y los retos del sector.<\/p>\n<p data-start=\"2215\" data-end=\"2410\">El encuentro concluir\u00e1 con un espacio de networking acompa\u00f1ado de c\u00f3ctel, pensado para fomentar el intercambio de experiencias y generar nuevas oportunidades de colaboraci\u00f3n entre los asistentes.<\/p>\n<p data-start=\"2412\" data-end=\"2709\">Organizado por FEMEPA, con la colaboraci\u00f3n de <a href=\"https:\/\/csmcorreduria.es\/\">CSM Seguros<\/a> y <a href=\"https:\/\/www.cajasiete.com\/particulares\/hipotecas-canarias\/simulador-hipotecas?utm_source=google&amp;utm_medium=search&amp;utm_campaign=simulador&amp;utm_id=3703&amp;gad_source=1&amp;gad_campaignid=23014505757&amp;gbraid=0AAAAApAa4dIGMs8U21bb02duAGvBdJlEO&amp;gclid=CjwKCAjw-8vPBhBbEiwAoA39WhMCgI0AHh0GeFCxNtdp7poNKAbpJK1nmTt8Bdy31i63e3aKBJqiAhoCRsQQAvD_BwE\">Caja Siete<\/a>, este encuentro se presenta como una cita clave para el empresariado de Fuerteventura, facilitando el acceso a informaci\u00f3n relevante y promoviendo la conexi\u00f3n entre profesionales en un entorno din\u00e1mico y participativo.<\/p>\n<p data-start=\"2412\" data-end=\"2709\">\u00a0<\/p>\n<p data-start=\"2412\" data-end=\"2709\"><a href=\"https:\/\/encuentroempresarialfuerteventura.lovable.app\/\"><strong>M\u00c1S INFORMACI\u00d3N<\/strong><\/a><\/p>\n<p data-start=\"2412\" data-end=\"2709\"><a href=\"https:\/\/forms.cloud.microsoft\/Pages\/ResponsePage.aspx?id=0gU5tQH0q0amTRo4D-WIZmS4c6oS0kZIsT2QosGjGN1UNzlIMFBMWURNQ01TRFdORVpYMktZTEFVVCQlQCN0PWcu\"><strong>INSCR\u00cdBETE AQU\u00cd<\/strong><\/a><\/p>\n<p><!-- \/wp:post-content --><\/p>\n<!-- \/wp:freeform -->\t\t\t\t\t\t\t\t<\/div>\n\t\t\t\t<\/div>\n\t\t\t\t\t<\/div>\n\t\t\t\t<\/div>\n\t\t\t\t<\/div>\n\t\t","protected":false},"excerpt":{"rendered":"<p>Fuerteventura acoge una jornada empresarial centrada en el presente y futuro del sector industrial Fuerteventura ser\u00e1 el escenario de un nuevo encuentro empresarial dirigido a profesionales y empresas del sector del metal y las nuevas tecnolog\u00edas, con el objetivo de acercar de primera mano las principales novedades en materia econ\u00f3mica y laboral. El evento se [&hellip;]<\/p>\n","protected":false},"author":4,"featured_media":52440,"comment_status":"closed","ping_status":"closed","sticky":false,"template":"","format":"standard","meta":{"_acf_changed":false,"rs_blank_template":"","rs_page_bg_color":"","slide_template_v7":"","footnotes":""},"categories":[3242],"tags":[97,110,3275],"class_list":["post-52432","post","type-post","status-publish","format-standard","has-post-thumbnail","hentry","category-3242","tag-evento","tag-fuerteventura","tag-jornada-empresarial"],"acf":[],"_links":{"self":[{"href":"https:\/\/femepa.org\/web\/wp-json\/wp\/v2\/posts\/52432","targetHints":{"allow":["GET"]}}],"collection":[{"href":"https:\/\/femepa.org\/web\/wp-json\/wp\/v2\/posts"}],"about":[{"href":"https:\/\/femepa.org\/web\/wp-json\/wp\/v2\/types\/post"}],"author":[{"embeddable":true,"href":"https:\/\/femepa.org\/web\/wp-json\/wp\/v2\/users\/4"}],"replies":[{"embeddable":true,"href":"https:\/\/femepa.org\/web\/wp-json\/wp\/v2\/comments?post=52432"}],"version-history":[{"count":10,"href":"https:\/\/femepa.org\/web\/wp-json\/wp\/v2\/posts\/52432\/revisions"}],"predecessor-version":[{"id":52443,"href":"https:\/\/femepa.org\/web\/wp-json\/wp\/v2\/posts\/52432\/revisions\/52443"}],"wp:featuredmedia":[{"embeddable":true,"href":"https:\/\/femepa.org\/web\/wp-json\/wp\/v2\/media\/52440"}],"wp:attachment":[{"href":"https:\/\/femepa.org\/web\/wp-json\/wp\/v2\/media?parent=52432"}],"wp:term":[{"taxonomy":"category","embeddable":true,"href":"https:\/\/femepa.org\/web\/wp-json\/wp\/v2\/categories?post=52432"},{"taxonomy":"post_tag","embeddable":true,"href":"https:\/\/femepa.org\/web\/wp-json\/wp\/v2\/tags?post=52432"}],"curies":[{"name":"wp","href":"https:\/\/api.w.org\/{rel}","templated":true}]}}