{"id":52444,"date":"2026-04-30T14:49:12","date_gmt":"2026-04-30T13:49:12","guid":{"rendered":"https:\/\/femepa.org\/web\/?p=52444"},"modified":"2026-04-30T14:50:47","modified_gmt":"2026-04-30T13:50:47","slug":"aserpa-renueva-su-junta-directiva-y-nombra-a-fernando-roig-caballero-como-nuevo-presidente","status":"publish","type":"post","link":"https:\/\/femepa.org\/web\/aserpa-renueva-su-junta-directiva-y-nombra-a-fernando-roig-caballero-como-nuevo-presidente\/","title":{"rendered":"ASERPA renueva su Junta Directiva y nombra a Fernando Roig Caballero como nuevo presidente"},"content":{"rendered":"\t\t<div data-elementor-type=\"wp-post\" data-elementor-id=\"52444\" class=\"elementor elementor-52444\" data-elementor-post-type=\"post\">\n\t\t\t\t<div class=\"elementor-element elementor-element-6596f35a e-flex e-con-boxed e-con e-parent\" data-id=\"6596f35a\" data-element_type=\"container\" data-e-type=\"container\">\n\t\t\t\t\t<div class=\"e-con-inner\">\n\t\t\t\t<div class=\"elementor-element elementor-element-51e3b8c4 elementor-widget elementor-widget-text-editor\" data-id=\"51e3b8c4\" data-element_type=\"widget\" data-e-type=\"widget\" data-widget_type=\"text-editor.default\">\n\t\t\t\t<div class=\"elementor-widget-container\">\n\t\t\t\t\t\t\t\t\t\n<h3>ASERPA renueva su Junta Directiva y nombra a Fernando Roig Caballero como nuevo presidente<\/h3>\n<div class=\"x_elementToProof\"><b data-olk-copy-source=\"MessageBody\">Las Palmas de Gran Canaria, 30 de abril del 2026<\/b>.\u2013 La Asociaci\u00f3n de Empresas de Energ\u00edas Renovables de Las Palmas (ASERPA), integrada en FEMEPA, ha celebrado hoy su Asamblea General Extraordinaria de car\u00e1cter electoral en la sede de la Federaci\u00f3n, en la que ha quedado constituida su nueva Junta Directiva para los pr\u00f3ximos dos a\u00f1os.<\/div>\n<div>\u00a0<\/div>\n<div class=\"x_elementToProof\">Como resultado del proceso electoral,\u00a0<b>Fernando Roig Caballero<\/b>, en representaci\u00f3n de DIELCA, S.A., ha sido elegido nuevo presidente de ASERPA, tomando el relevo de\u00a0<b>Carlos Rodr\u00edguez Castellano<\/b>, quien ha venido desempe\u00f1ando esta responsabilidad en la etapa anterior.<\/div>\n<div>\u00a0<\/div>\n<div class=\"x_elementToProof\">La nueva estructura de gobierno se completa con\u00a0<b>Sergio Brito P\u00e9rez<\/b>\u00a0(S&amp;S Ingenier\u00eda y Asesoramiento, S.L.) como vicepresidente y el propio\u00a0<b>Carlos Rodr\u00edguez Castellano<\/b>\u00a0(ALFA 90 Suministros y Servicios, S.L.) como tesorero, garantizando as\u00ed la continuidad y la experiencia en la gesti\u00f3n de la Asociaci\u00f3n.<\/div>\n<div>\u00a0<\/div>\n<div class=\"x_elementToProof\">Forman parte asimismo de la Junta Directiva, en calidad de vocales, representantes de empresas de referencia del sector: Francisco Artiles Rodr\u00edguez (Sureste Refrigeraci\u00f3n, S.C.P.), Enrique Garc\u00eda Agrelo (SOTEMA Tecnolog\u00edas y Medioambiente, S.L.), Fernando Carlos Lodos Caballero (ECOMOVE Canarias, S.L.), Jos\u00e9 Manuel Calvo P\u00e9rez (Green Renovables Canarias, S.L.), Juan Luis C\u00e1rdenes Gantes (YUBA, S.L.), Joaqu\u00edn Luis Blanco Guzm\u00e1n (Suntelco Energ\u00edas Renovables, S.L.), Juan Jos\u00e9 Pons Bordes y Guillermo Garc\u00eda Blairsy Santandreu (DISA Servicios Energ\u00e9ticos, S.L.U.).<\/div>\n<div>\u00a0<\/div>\n<div class=\"x_elementToProof\"><b>Liderazgo para una etapa clave en la transici\u00f3n energ\u00e9tica<\/b><\/div>\n<div>\u00a0<\/div>\n<div class=\"x_elementToProof\">El nuevo presidente de ASERPA, Fernando Roig Caballero, ha destacado que\u00a0<i>\u201casumimos esta responsabilidad con el firme compromiso de consolidar el papel del sector de las energ\u00edas renovables como motor de desarrollo econ\u00f3mico y sostenibilidad en Canarias. Es el momento de reforzar la competitividad de nuestras empresas y acelerar la implantaci\u00f3n de soluciones energ\u00e9ticas limpias en el Archipi\u00e9lago\u201d<\/i>.<\/div>\n<div>\u00a0<\/div>\n<div class=\"x_elementToProof\"><b>Reconocimiento a la etapa anterior<\/b><\/div>\n<div>\u00a0<\/div>\n<div class=\"x_elementToProof\">Por su parte, el presidente saliente, Carlos Rodr\u00edguez Castellano, ha se\u00f1alado que\u00a0<i>\u201cha sido un honor liderar ASERPA en una etapa especialmente relevante para el sector. Se han sentado bases importantes para su crecimiento y profesionalizaci\u00f3n, y estoy convencido de que la nueva Junta Directiva sabr\u00e1 dar continuidad a este trabajo, afrontando con solvencia los retos que vienen\u201d<\/i>.<\/div>\n<div>\u00a0<\/div>\n<div class=\"x_elementToProof\"><b>Integraci\u00f3n en FEMEPA y fortalecimiento del sector<\/b><\/div>\n<div>\u00a0<\/div>\n<div class=\"x_elementToProof\">La integraci\u00f3n de ASERPA en FEMEPA\u00a0refuerza su capacidad de interlocuci\u00f3n dentro del tejido empresarial de la provincia de Las Palmas, alineando su actividad con los objetivos estrat\u00e9gicos del sector del metal y las nuevas tecnolog\u00edas.<\/div>\n<div>\u00a0<\/div>\n<div class=\"x_elementToProof\">En este nuevo mandato, la Asociaci\u00f3n continuar\u00e1 impulsando la colaboraci\u00f3n p\u00fablico-privada, la innovaci\u00f3n y la formaci\u00f3n especializada, contribuyendo activamente a la descarbonizaci\u00f3n de la econom\u00eda, la generaci\u00f3n de empleo cualificado y el avance hacia un modelo energ\u00e9tico m\u00e1s sostenible y eficiente en Canarias.<\/div>\n<div>\u00a0<\/div>\n<div class=\"x_elementToProof\">La celebraci\u00f3n de esta Asamblea en la sede de FEMEPA pone de manifiesto la estrecha relaci\u00f3n entre ambas entidades y su compromiso compartido con el desarrollo de sectores estrat\u00e9gicos para el futuro del Archipi\u00e9lago.<\/div>\n<div>\u00a0<\/div>\n<div><a href=\"https:\/\/youtu.be\/nChC4XNKqyw\"><strong>Ver VIDEORRESUMEN<\/strong><\/a><\/div>\n<p><!-- \/wp:post-content --><\/p>\n<!-- \/wp:freeform -->\t\t\t\t\t\t\t\t<\/div>\n\t\t\t\t<\/div>\n\t\t\t\t\t<\/div>\n\t\t\t\t<\/div>\n\t\t\t\t<\/div>\n\t\t","protected":false},"excerpt":{"rendered":"<p>ASERPA renueva su Junta Directiva y nombra a Fernando Roig Caballero como nuevo presidente Las Palmas de Gran Canaria, 30 de abril del 2026.\u2013 La Asociaci\u00f3n de Empresas de Energ\u00edas Renovables de Las Palmas (ASERPA), integrada en FEMEPA, ha celebrado hoy su Asamblea General Extraordinaria de car\u00e1cter electoral en la sede de la Federaci\u00f3n, en [&hellip;]<\/p>\n","protected":false},"author":8,"featured_media":52448,"comment_status":"closed","ping_status":"closed","sticky":false,"template":"","format":"standard","meta":{"_acf_changed":false,"rs_blank_template":"","rs_page_bg_color":"","slide_template_v7":"","footnotes":""},"categories":[3242,3189],"tags":[],"class_list":["post-52444","post","type-post","status-publish","format-standard","has-post-thumbnail","hentry","category-3242","category-asociaciones"],"acf":[],"_links":{"self":[{"href":"https:\/\/femepa.org\/web\/wp-json\/wp\/v2\/posts\/52444","targetHints":{"allow":["GET"]}}],"collection":[{"href":"https:\/\/femepa.org\/web\/wp-json\/wp\/v2\/posts"}],"about":[{"href":"https:\/\/femepa.org\/web\/wp-json\/wp\/v2\/types\/post"}],"author":[{"embeddable":true,"href":"https:\/\/femepa.org\/web\/wp-json\/wp\/v2\/users\/8"}],"replies":[{"embeddable":true,"href":"https:\/\/femepa.org\/web\/wp-json\/wp\/v2\/comments?post=52444"}],"version-history":[{"count":7,"href":"https:\/\/femepa.org\/web\/wp-json\/wp\/v2\/posts\/52444\/revisions"}],"predecessor-version":[{"id":52452,"href":"https:\/\/femepa.org\/web\/wp-json\/wp\/v2\/posts\/52444\/revisions\/52452"}],"wp:featuredmedia":[{"embeddable":true,"href":"https:\/\/femepa.org\/web\/wp-json\/wp\/v2\/media\/52448"}],"wp:attachment":[{"href":"https:\/\/femepa.org\/web\/wp-json\/wp\/v2\/media?parent=52444"}],"wp:term":[{"taxonomy":"category","embeddable":true,"href":"https:\/\/femepa.org\/web\/wp-json\/wp\/v2\/categories?post=52444"},{"taxonomy":"post_tag","embeddable":true,"href":"https:\/\/femepa.org\/web\/wp-json\/wp\/v2\/tags?post=52444"}],"curies":[{"name":"wp","href":"https:\/\/api.w.org\/{rel}","templated":true}]}}