{"id":53342,"date":"2026-08-31T12:01:16","date_gmt":"2026-08-31T11:01:16","guid":{"rendered":"https:\/\/femepa.org\/web\/?p=53342"},"modified":"2026-08-31T12:01:18","modified_gmt":"2026-08-31T11:01:18","slug":"la-comision-europea-prepara-nuevas-convocatorias-de-horizonte-europa-centradas-en-la-transicion-al-proximo-programa-marco-y-la-biodiversidad","status":"publish","type":"post","link":"https:\/\/femepa.org\/web\/la-comision-europea-prepara-nuevas-convocatorias-de-horizonte-europa-centradas-en-la-transicion-al-proximo-programa-marco-y-la-biodiversidad\/","title":{"rendered":"La Comisi\u00f3n Europea prepara nuevas convocatorias de Horizonte Europa centradas en la transici\u00f3n al pr\u00f3ximo Programa Marco y la biodiversidad"},"content":{"rendered":"\t\t<div data-elementor-type=\"wp-post\" data-elementor-id=\"53342\" class=\"elementor elementor-53342\" data-elementor-post-type=\"post\">\n\t\t\t\t<div class=\"elementor-element elementor-element-30754eca e-flex e-con-boxed e-con e-parent\" data-id=\"30754eca\" data-element_type=\"container\" data-e-type=\"container\">\n\t\t\t\t\t<div class=\"e-con-inner\">\n\t\t\t\t<div class=\"elementor-element elementor-element-11f0196 elementor-widget elementor-widget-text-editor\" data-id=\"11f0196\" data-element_type=\"widget\" data-e-type=\"widget\" data-widget_type=\"text-editor.default\">\n\t\t\t\t<div class=\"elementor-widget-container\">\n\t\t\t\t\t\t\t\t\t<h3 aria-level=\"1\">La Comisi\u00f3n Europea prepara nuevas convocatorias de Horizonte Europa centradas en la transici\u00f3n al pr\u00f3ximo Programa Marco y la biodiversidad<\/h3><p>La Comisi\u00f3n Europea est\u00e1 preparando una actualizaci\u00f3n del programa de trabajo de Horizonte Europa 2026-2027, que incorporar\u00e1 nuevas convocatorias en \u00e1reas estrat\u00e9gicas para la Uni\u00f3n Europea.<\/p><p>Entre ellas destaca la l\u00ednea \u201cBridging actions\u201d, que contar\u00e1 con 193 millones de euros para facilitar la transici\u00f3n hacia el pr\u00f3ximo Programa Marco, acercando los resultados de la investigaci\u00f3n y la innovaci\u00f3n al mercado y a la sociedad y reforzando las capacidades cient\u00edficas y tecnol\u00f3gicas.<\/p><p>Tambi\u00e9n se prev\u00e9 una convocatoria espec\u00edfica sobre biodiversidad, con una dotaci\u00f3n superior a 229 millones de euros, destinada a financiar proyectos de investigaci\u00f3n e innovaci\u00f3n alineados con la Estrategia de Biodiversidad de la UE para 2030.<\/p><p>Los temas publicados actualmente forman parte de un borrador todav\u00eda provisional, por lo que podr\u00edan modificarse antes de su aprobaci\u00f3n definitiva. No obstante, su publicaci\u00f3n permite a empresas, centros de investigaci\u00f3n y otras entidades anticiparse y comenzar a preparar posibles propuestas.<\/p><p><strong> Para m\u00e1s informaci\u00f3n consulte la fuente original de la noticia: <a href=\"https:\/\/www.horizonteeuropa.es\/la-comision-europea-prepara-nuevas-convocatorias-de-horizonte-europa-centradas-en-la-transicion-al\">AQU\u00cd<\/a><\/strong><\/p>\t\t\t\t\t\t\t\t<\/div>\n\t\t\t\t<\/div>\n\t\t\t\t\t<\/div>\n\t\t\t\t<\/div>\n\t\t\t\t<\/div>\n\t\t","protected":false},"excerpt":{"rendered":"<p>La Comisi\u00f3n Europea prepara nuevas convocatorias de Horizonte Europa centradas en la transici\u00f3n al pr\u00f3ximo Programa Marco y la biodiversidad La Comisi\u00f3n Europea est\u00e1 preparando una actualizaci\u00f3n del programa de trabajo de Horizonte Europa 2026-2027, que incorporar\u00e1 nuevas convocatorias en \u00e1reas estrat\u00e9gicas para la Uni\u00f3n Europea. Entre ellas destaca la l\u00ednea \u201cBridging actions\u201d, que contar\u00e1 [&hellip;]<\/p>\n","protected":false},"author":8,"featured_media":53352,"comment_status":"closed","ping_status":"closed","sticky":false,"template":"","format":"standard","meta":{"_acf_changed":false,"rs_blank_template":"","rs_page_bg_color":"","slide_template_v7":"","footnotes":""},"categories":[3242,3188],"tags":[1038],"class_list":["post-53342","post","type-post","status-publish","format-standard","has-post-thumbnail","hentry","category-3242","category-dpto-innovacion-y-rsc","tag-confederacion-canaria-de-empresarios"],"acf":[],"_links":{"self":[{"href":"https:\/\/femepa.org\/web\/wp-json\/wp\/v2\/posts\/53342","targetHints":{"allow":["GET"]}}],"collection":[{"href":"https:\/\/femepa.org\/web\/wp-json\/wp\/v2\/posts"}],"about":[{"href":"https:\/\/femepa.org\/web\/wp-json\/wp\/v2\/types\/post"}],"author":[{"embeddable":true,"href":"https:\/\/femepa.org\/web\/wp-json\/wp\/v2\/users\/8"}],"replies":[{"embeddable":true,"href":"https:\/\/femepa.org\/web\/wp-json\/wp\/v2\/comments?post=53342"}],"version-history":[{"count":4,"href":"https:\/\/femepa.org\/web\/wp-json\/wp\/v2\/posts\/53342\/revisions"}],"predecessor-version":[{"id":53353,"href":"https:\/\/femepa.org\/web\/wp-json\/wp\/v2\/posts\/53342\/revisions\/53353"}],"wp:featuredmedia":[{"embeddable":true,"href":"https:\/\/femepa.org\/web\/wp-json\/wp\/v2\/media\/53352"}],"wp:attachment":[{"href":"https:\/\/femepa.org\/web\/wp-json\/wp\/v2\/media?parent=53342"}],"wp:term":[{"taxonomy":"category","embeddable":true,"href":"https:\/\/femepa.org\/web\/wp-json\/wp\/v2\/categories?post=53342"},{"taxonomy":"post_tag","embeddable":true,"href":"https:\/\/femepa.org\/web\/wp-json\/wp\/v2\/tags?post=53342"}],"curies":[{"name":"wp","href":"https:\/\/api.w.org\/{rel}","templated":true}]}}