{"id":53354,"date":"2026-08-31T12:10:22","date_gmt":"2026-08-31T11:10:22","guid":{"rendered":"https:\/\/femepa.org\/web\/?p=53354"},"modified":"2026-08-31T12:10:24","modified_gmt":"2026-08-31T11:10:24","slug":"canarias-impulsa-el-almacenamiento-energetico-con-la-mayor-bateria-renovable-del-archipielago","status":"publish","type":"post","link":"https:\/\/femepa.org\/web\/canarias-impulsa-el-almacenamiento-energetico-con-la-mayor-bateria-renovable-del-archipielago\/","title":{"rendered":"Canarias impulsa el almacenamiento energ\u00e9tico con la mayor bater\u00eda renovable del archipi\u00e9lago"},"content":{"rendered":"\t\t<div data-elementor-type=\"wp-post\" data-elementor-id=\"53354\" class=\"elementor elementor-53354\" data-elementor-post-type=\"post\">\n\t\t\t\t<div class=\"elementor-element elementor-element-30754eca e-flex e-con-boxed e-con e-parent\" data-id=\"30754eca\" data-element_type=\"container\" data-e-type=\"container\">\n\t\t\t\t\t<div class=\"e-con-inner\">\n\t\t\t\t<div class=\"elementor-element elementor-element-11f0196 elementor-widget elementor-widget-text-editor\" data-id=\"11f0196\" data-element_type=\"widget\" data-e-type=\"widget\" data-widget_type=\"text-editor.default\">\n\t\t\t\t<div class=\"elementor-widget-container\">\n\t\t\t\t\t\t\t\t\t<h3 aria-level=\"1\">Canarias impulsa el almacenamiento energ\u00e9tico con la mayor bater\u00eda renovable del archipi\u00e9lago<\/h3><p>El Gobierno de Canarias y DISA han presentado en Arico (Tenerife) la mayor instalaci\u00f3n de almacenamiento energ\u00e9tico mediante bater\u00edas de Canarias, integrada por una planta fotovoltaica de 8 MW y un sistema de bater\u00edas de 8 MWh, con una inversi\u00f3n de 2 millones de euros de fondos Next Generation.<\/p><p><br \/>La instalaci\u00f3n permite almacenar los excedentes de energ\u00eda solar y utilizarlos posteriormente cuando aumenta la demanda, reduciendo los vertidos y mejorando la estabilidad y flexibilidad del sistema el\u00e9ctrico. El proyecto se ha desarrollado, adem\u00e1s, sobre un espacio previamente degradado, evitando la ocupaci\u00f3n de nuevos terrenos de valor natural.<\/p><p><br \/>El Gobierno de Canarias considera esta infraestructura un referente para impulsar nuevos sistemas de almacenamiento en otras islas, una tecnolog\u00eda clave para aumentar la integraci\u00f3n de energ\u00edas renovables y avanzar hacia un sistema el\u00e9ctrico m\u00e1s seguro y menos dependiente de los combustibles f\u00f3siles.<\/p><p><br \/><strong>Para m\u00e1s informaci\u00f3n consulte la fuente original de la noticia: <a href=\"https:\/\/www3.gobiernodecanarias.org\/noticias\/canarias-impulsa-el-almacenamiento-energetico-con-la-mayor-bateria-renovable-del-archipielago\/\">AQU\u00cd<\/a><\/strong><\/p>\t\t\t\t\t\t\t\t<\/div>\n\t\t\t\t<\/div>\n\t\t\t\t\t<\/div>\n\t\t\t\t<\/div>\n\t\t\t\t<\/div>\n\t\t","protected":false},"excerpt":{"rendered":"<p>Canarias impulsa el almacenamiento energ\u00e9tico con la mayor bater\u00eda renovable del archipi\u00e9lago El Gobierno de Canarias y DISA han presentado en Arico (Tenerife) la mayor instalaci\u00f3n de almacenamiento energ\u00e9tico mediante bater\u00edas de Canarias, integrada por una planta fotovoltaica de 8 MW y un sistema de bater\u00edas de 8 MWh, con una inversi\u00f3n de 2 millones [&hellip;]<\/p>\n","protected":false},"author":8,"featured_media":53358,"comment_status":"closed","ping_status":"closed","sticky":false,"template":"","format":"standard","meta":{"_acf_changed":false,"rs_blank_template":"","rs_page_bg_color":"","slide_template_v7":"","footnotes":""},"categories":[3242,3188],"tags":[1038],"class_list":["post-53354","post","type-post","status-publish","format-standard","has-post-thumbnail","hentry","category-3242","category-dpto-innovacion-y-rsc","tag-confederacion-canaria-de-empresarios"],"acf":[],"_links":{"self":[{"href":"https:\/\/femepa.org\/web\/wp-json\/wp\/v2\/posts\/53354","targetHints":{"allow":["GET"]}}],"collection":[{"href":"https:\/\/femepa.org\/web\/wp-json\/wp\/v2\/posts"}],"about":[{"href":"https:\/\/femepa.org\/web\/wp-json\/wp\/v2\/types\/post"}],"author":[{"embeddable":true,"href":"https:\/\/femepa.org\/web\/wp-json\/wp\/v2\/users\/8"}],"replies":[{"embeddable":true,"href":"https:\/\/femepa.org\/web\/wp-json\/wp\/v2\/comments?post=53354"}],"version-history":[{"count":4,"href":"https:\/\/femepa.org\/web\/wp-json\/wp\/v2\/posts\/53354\/revisions"}],"predecessor-version":[{"id":53359,"href":"https:\/\/femepa.org\/web\/wp-json\/wp\/v2\/posts\/53354\/revisions\/53359"}],"wp:featuredmedia":[{"embeddable":true,"href":"https:\/\/femepa.org\/web\/wp-json\/wp\/v2\/media\/53358"}],"wp:attachment":[{"href":"https:\/\/femepa.org\/web\/wp-json\/wp\/v2\/media?parent=53354"}],"wp:term":[{"taxonomy":"category","embeddable":true,"href":"https:\/\/femepa.org\/web\/wp-json\/wp\/v2\/categories?post=53354"},{"taxonomy":"post_tag","embeddable":true,"href":"https:\/\/femepa.org\/web\/wp-json\/wp\/v2\/tags?post=53354"}],"curies":[{"name":"wp","href":"https:\/\/api.w.org\/{rel}","templated":true}]}}