{"id":53370,"date":"2026-08-31T13:54:52","date_gmt":"2026-08-31T12:54:52","guid":{"rendered":"https:\/\/femepa.org\/web\/?p=53370"},"modified":"2026-08-31T13:54:54","modified_gmt":"2026-08-31T12:54:54","slug":"convocatoria-de-subvenciones-a-proyectos-de-innovacion-social-2027-2028","status":"publish","type":"post","link":"https:\/\/femepa.org\/web\/convocatoria-de-subvenciones-a-proyectos-de-innovacion-social-2027-2028\/","title":{"rendered":"Convocatoria de subvenciones a Proyectos de Innovaci\u00f3n Social 2027-2028"},"content":{"rendered":"\t\t<div data-elementor-type=\"wp-post\" data-elementor-id=\"53370\" class=\"elementor elementor-53370\" data-elementor-post-type=\"post\">\n\t\t\t\t<div class=\"elementor-element elementor-element-30754eca e-flex e-con-boxed e-con e-parent\" data-id=\"30754eca\" data-element_type=\"container\" data-e-type=\"container\">\n\t\t\t\t\t<div class=\"e-con-inner\">\n\t\t\t\t<div class=\"elementor-element elementor-element-11f0196 elementor-widget elementor-widget-text-editor\" data-id=\"11f0196\" data-element_type=\"widget\" data-e-type=\"widget\" data-widget_type=\"text-editor.default\">\n\t\t\t\t<div class=\"elementor-widget-container\">\n\t\t\t\t\t\t\t\t\t<h3 aria-level=\"1\">Convocatoria de subvenciones a Proyectos de Innovaci\u00f3n Social 2027-2028<\/h3><h3 aria-level=\"1\">\u00a0<\/h3><p aria-level=\"1\"><strong>Objeto<\/strong><\/p><p>Subvenciones destinadas a la realizaci\u00f3n de proyectos de innovaci\u00f3n social, entendidos como el desarrollo, implementaci\u00f3n y\/o validaci\u00f3n de metodolog\u00edas o tecnolog\u00edas innovadoras orientadas a la resoluci\u00f3n de problemas sociales y actuaciones encaminadas a mejorar las condiciones de vida de la ciudadan\u00eda.<\/p><p><strong>\u00bfQui\u00e9n puede beneficiarse?<\/strong><\/p><p>Podr\u00e1n ser beneficiarias:<\/p><ul><li>Empresas.<\/li><li>Personas aut\u00f3nomas.<\/li><li>Entidades de la econom\u00eda social recogidas en la Ley 5\/2011, de Econom\u00eda Social.<\/li><\/ul><p>Las entidades deber\u00e1n estar v\u00e1lidamente constituidas en el momento de presentar la solicitud, desarrollar un proyecto de innovaci\u00f3n social y cumplir los requisitos establecidos en las bases reguladoras.<\/p><p>Entre otros requisitos, deber\u00e1n:<\/p><ul><li>Tener domicilio social y fiscal en Canarias.<\/li><li>Estar al corriente de sus obligaciones tributarias, con la Seguridad Social y por reintegro de subvenciones.<\/li><li>No encontrarse en las circunstancias establecidas en el art\u00edculo 13 de la Ley General de Subvenciones.<\/li><li>No haber concluido materialmente ni ejecutado \u00edntegramente el proyecto en la fecha de solicitud.<\/li><\/ul><p>No podr\u00e1n ser beneficiarias las empresas que operen en los sectores y actividades excluidos por el art\u00edculo 1 del Reglamento (UE) 2023\/2831 relativo a las ayudas de minimis.<\/p><p><strong>Proyectos subvencionables<\/strong><\/p><p>Ser\u00e1 subvencionable el desarrollo y la puesta en marcha de proyectos de innovaci\u00f3n social.<\/p><p>No ser\u00e1n subvencionables:<\/p><ul><li>Las actuaciones rutinarias destinadas a mejorar productos, servicios o procesos que no supongan una innovaci\u00f3n sustancial.<\/li><li>Los proyectos que se limiten a actuaciones de responsabilidad social corporativa y no supongan la creaci\u00f3n de una nueva empresa o l\u00ednea de negocio.<\/li><\/ul><p>Se subvencionar\u00e1 un m\u00e1ximo de un proyecto por entidad en cada procedimiento, aunque podr\u00e1n presentarse hasta tres solicitudes.<\/p><p><strong>Gastos subvencionables<\/strong><\/p><p>Los conceptos financiables ser\u00e1n los siguientes:<\/p><p>a) Activos fijos nuevos que no tengan car\u00e1cter de reposici\u00f3n.<br \/>b) Mobiliario y equipamiento de oficina, con un m\u00e1ximo del 20% del presupuesto subvencionable.<br \/>c) Arrendamiento de un local de negocio en Canarias, con un m\u00e1ximo de 12.000 euros anuales.<br \/>d) Viajes, indemnizaciones o dietas necesarios para ejecutar la actividad, con un m\u00e1ximo de 600 euros por persona.<br \/>e) Inversiones inmateriales relacionadas con el proyecto.<br \/>f) Colaboraciones externas.<br \/>g) Desarrollo del concepto, caracter\u00edsticas y funcionalidades b\u00e1sicas del producto o servicio.<br \/>h) Gastos de comunicaci\u00f3n y marketing vinculados al proyecto.<br \/>i) Gastos de constituci\u00f3n de nuevas empresas o entidades sociales innovadoras.<br \/>j) Informe de auditor\u00eda que deber\u00e1 aportarse con la justificaci\u00f3n.<br \/>k) Costes de personal necesarios para ejecutar el proyecto, con un m\u00e1ximo de 50 euros por hora.<\/p><p>Los gastos deber\u00e1n ser necesarios, estar correctamente justificados y ejecutarse dentro del periodo subvencionable. No se admitir\u00e1n pagos en met\u00e1lico.<\/p><p><strong>Cuant\u00eda<\/strong><\/p><ul><li>Presupuesto total de la convocatoria: <strong>800.000 euros.<\/strong><\/li><li>Primer procedimiento, correspondiente a 2027: <strong>400.000 euros.<\/strong><\/li><li>Segundo procedimiento, correspondiente a 2028: <strong>400.000 euros.<\/strong><\/li><li>Intensidad de la ayuda: <strong>100% del gasto total elegible.<\/strong><\/li><li>Subvenci\u00f3n m\u00ednima por entidad: <strong>50.000 euros.<\/strong><\/li><li>Subvenci\u00f3n m\u00e1xima por entidad: <strong>100.000 euros.<\/strong><\/li><\/ul><p>Las subvenciones tienen la consideraci\u00f3n de ayudas de minimis. El importe total de las ayudas de minimis recibidas por una \u00fanica empresa no podr\u00e1 superar los <strong>300.000 euros durante los tres a\u00f1os previos.<\/strong><\/p><p><strong>Plazos de ejecuci\u00f3n y justificaci\u00f3n<\/strong><\/p><ul><li>Para el procedimiento de 2027, la fecha de inicio del proyecto no podr\u00e1 ser anterior al <strong>1 de enero de 2027<\/strong> y deber\u00e1 comenzar antes de que finalice dicho a\u00f1o.<\/li><li>Para el procedimiento de 2028, la fecha de inicio no podr\u00e1 ser anterior al<strong> 1 de enero de 2028<\/strong> y deber\u00e1 comenzar antes de que finalice dicho a\u00f1o.<\/li><li>El proyecto tendr\u00e1 una duraci\u00f3n m\u00e1xima de <strong>18 meses.<\/strong><\/li><li>La justificaci\u00f3n deber\u00e1 presentarse en el plazo de <strong>15 d\u00edas h\u00e1biles<\/strong> desde el d\u00eda siguiente a la finalizaci\u00f3n del plazo de ejecuci\u00f3n.<\/li><\/ul><p><strong>Presentaci\u00f3n de solicitudes<\/strong><\/p><ul><li><strong>Procedimiento 2027:<\/strong> desde el <strong>15 de octubre de 2026 a las 9:00 horas<\/strong> hasta el <strong>6 de noviembre de 2026 a las 14:00 horas.<\/strong><\/li><li><strong>Procedimiento 2028:<\/strong> desde el <strong>15 de octubre de 2027 a las 9:00 horas<\/strong> hasta el <strong>8 de noviembre de 2027 a las 14:00 horas.<\/strong><\/li><\/ul><p>La presentaci\u00f3n se realizar\u00e1 obligatoriamente de forma electr\u00f3nica:<\/p><p><a href=\"https:\/\/sede.gobiernodecanarias.org\/sede\/tramites\/9525\">https:\/\/sede.gobiernodecanarias.org\/sede\/tramites\/9525<\/a><\/p><p><strong>Otros aspectos<\/strong><\/p><ul><li>La concesi\u00f3n se realizar\u00e1 mediante concurrencia competitiva.<\/li><li>El abono de la subvenci\u00f3n se efectuar\u00e1 de forma anticipada.<\/li><li>Las entidades beneficiarias estar\u00e1n exentas de presentar garant\u00edas para el abono anticipado.<\/li><li>La subvenci\u00f3n ser\u00e1 incompatible con otras ayudas para los mismos conceptos financiables.<\/li><li>El plazo m\u00e1ximo para resolver y notificar ser\u00e1 de seis meses desde la publicaci\u00f3n de la convocatoria.<\/li><\/ul><p><strong>M\u00e1s informaci\u00f3n<\/strong><\/p><p>Para recibir asesoramiento puede contactar con la T\u00e9cnica de la Red CIDE de FEMEPA:<\/p><p><strong>Arianna S\u00e1nchez<\/strong><br \/>Tel\u00e9fono: 928 296 161, extensi\u00f3n 573<br \/>Correo electr\u00f3nico: <a href=\"mailto:arianna.sanchez@femepa.es\">arianna.sanchez@femepa.es<\/a><\/p><p>La Red CIDE es una iniciativa de la Consejer\u00eda de Universidades, Ciencia e Innovaci\u00f3n y Cultura del Gobierno de Canarias, impulsada a trav\u00e9s de la Agencia Canaria de Investigaci\u00f3n, Innovaci\u00f3n y Sociedad de la Informaci\u00f3n (ACIISI), y cofinanciada por el Fondo Europeo de Desarrollo Regional, con una tasa de cofinanciaci\u00f3n del 85% en el marco del Programa FEDER Canarias 2021-2027.<\/p><p><img fetchpriority=\"high\" decoding=\"async\" class=\"aligncenter wp-image-53272 size-full\" src=\"https:\/\/femepa.org\/web\/wp-content\/uploads\/2026\/08\/TIRA-RedCIDE-2026-v1-2-1-1-1.avif\" alt=\"\" width=\"1920\" height=\"281\" srcset=\"https:\/\/femepa.org\/web\/wp-content\/uploads\/2026\/08\/TIRA-RedCIDE-2026-v1-2-1-1-1.avif 1920w, https:\/\/femepa.org\/web\/wp-content\/uploads\/2026\/08\/TIRA-RedCIDE-2026-v1-2-1-1-1-300x44.avif 300w, https:\/\/femepa.org\/web\/wp-content\/uploads\/2026\/08\/TIRA-RedCIDE-2026-v1-2-1-1-1-768x112.avif 768w, https:\/\/femepa.org\/web\/wp-content\/uploads\/2026\/08\/TIRA-RedCIDE-2026-v1-2-1-1-1-1536x225.avif 1536w\" sizes=\"(max-width: 1920px) 100vw, 1920px\" \/><\/p>\t\t\t\t\t\t\t\t<\/div>\n\t\t\t\t<\/div>\n\t\t\t\t\t<\/div>\n\t\t\t\t<\/div>\n\t\t\t\t<\/div>\n\t\t","protected":false},"excerpt":{"rendered":"<p>Convocatoria de subvenciones a Proyectos de Innovaci\u00f3n Social 2027-2028 \u00a0 Objeto Subvenciones destinadas a la realizaci\u00f3n de proyectos de innovaci\u00f3n social, entendidos como el desarrollo, implementaci\u00f3n y\/o validaci\u00f3n de metodolog\u00edas o tecnolog\u00edas innovadoras orientadas a la resoluci\u00f3n de problemas sociales y actuaciones encaminadas a mejorar las condiciones de vida de la ciudadan\u00eda. \u00bfQui\u00e9n puede beneficiarse? [&hellip;]<\/p>\n","protected":false},"author":8,"featured_media":53375,"comment_status":"closed","ping_status":"closed","sticky":false,"template":"","format":"standard","meta":{"_acf_changed":false,"rs_blank_template":"","rs_page_bg_color":"","slide_template_v7":"","footnotes":""},"categories":[3242,3188],"tags":[],"class_list":["post-53370","post","type-post","status-publish","format-standard","has-post-thumbnail","hentry","category-3242","category-dpto-innovacion-y-rsc"],"acf":[],"_links":{"self":[{"href":"https:\/\/femepa.org\/web\/wp-json\/wp\/v2\/posts\/53370","targetHints":{"allow":["GET"]}}],"collection":[{"href":"https:\/\/femepa.org\/web\/wp-json\/wp\/v2\/posts"}],"about":[{"href":"https:\/\/femepa.org\/web\/wp-json\/wp\/v2\/types\/post"}],"author":[{"embeddable":true,"href":"https:\/\/femepa.org\/web\/wp-json\/wp\/v2\/users\/8"}],"replies":[{"embeddable":true,"href":"https:\/\/femepa.org\/web\/wp-json\/wp\/v2\/comments?post=53370"}],"version-history":[{"count":4,"href":"https:\/\/femepa.org\/web\/wp-json\/wp\/v2\/posts\/53370\/revisions"}],"predecessor-version":[{"id":53376,"href":"https:\/\/femepa.org\/web\/wp-json\/wp\/v2\/posts\/53370\/revisions\/53376"}],"wp:featuredmedia":[{"embeddable":true,"href":"https:\/\/femepa.org\/web\/wp-json\/wp\/v2\/media\/53375"}],"wp:attachment":[{"href":"https:\/\/femepa.org\/web\/wp-json\/wp\/v2\/media?parent=53370"}],"wp:term":[{"taxonomy":"category","embeddable":true,"href":"https:\/\/femepa.org\/web\/wp-json\/wp\/v2\/categories?post=53370"},{"taxonomy":"post_tag","embeddable":true,"href":"https:\/\/femepa.org\/web\/wp-json\/wp\/v2\/tags?post=53370"}],"curies":[{"name":"wp","href":"https:\/\/api.w.org\/{rel}","templated":true}]}}