{"id":5352,"date":"2017-09-17T22:10:34","date_gmt":"2017-09-17T22:10:34","guid":{"rendered":"http:\/\/femepa.org\/web\/?p=5352"},"modified":"2017-09-17T22:10:34","modified_gmt":"2017-09-17T22:10:34","slug":"aemoto-organiza-la-fiesta-de-la-moto-por-la-semana-de-la-movilidad","status":"publish","type":"post","link":"https:\/\/femepa.org\/web\/aemoto-organiza-la-fiesta-de-la-moto-por-la-semana-de-la-movilidad\/","title":{"rendered":"AEMOTO organiza la fiesta de la moto por la Semana de la Movilidad"},"content":{"rendered":"<p>La plaza de La Puntilla se convirti\u00f3 ayer en el punto de encuentro de 200 moteros, que concluyeron con una gran paella una excursi\u00f3n que parti\u00f3 del recinto ferial de Infecar y recorri\u00f3 buena parte de la ciudad, con una parada en el Mirador de El Trit\u00f3n, en La Laja, para rendir un emotivo homenaje al motorista recientemente fallecido, Angel Nieto. Pasadas las dos de la tarde de ayer, fueron llegando los motoristas a la plaza de La Puntilla<\/p>\n<p>Las actividades que vienen celebrando desde el viernes la Asociaci\u00f3n de Empresarios de la Moto de Las Palmas (Aemoto) han sido el punto de partida de la Semana de la Movilidad Europea, organizada por el Ayuntamiento de Las Palmas de Gran Canaria, con la que se pretende poner en valor el papel de la moto como alternativa al coche, junto a otros medios de transporte como la bicicleta y el transporte p\u00fablico. La asociaci\u00f3n Aemoto finaliz\u00f3 ayer en el recinto ferial de Infecar los cursos gratuitdos de iniciaci\u00f3n a la moto, que han venido celebrando desde el pasado viernes.<\/p>\n","protected":false},"excerpt":{"rendered":"<p>La plaza de La Puntilla se convirti\u00f3 ayer en el punto de encuentro de 200 moteros, que concluyeron con una gran paella una excursi\u00f3n que parti\u00f3 del recinto ferial de Infecar y recorri\u00f3 buena parte de la ciudad, con una parada en el Mirador de El Trit\u00f3n, en La Laja, para rendir un emotivo homenaje [&hellip;]<\/p>\n","protected":false},"author":4,"featured_media":41881,"comment_status":"closed","ping_status":"closed","sticky":false,"template":"","format":"standard","meta":{"_acf_changed":false,"rs_blank_template":"","rs_page_bg_color":"","slide_template_v7":"","footnotes":""},"categories":[1],"tags":[],"class_list":["post-5352","post","type-post","status-publish","format-standard","has-post-thumbnail","hentry","category-sin-categoria"],"acf":[],"_links":{"self":[{"href":"https:\/\/femepa.org\/web\/wp-json\/wp\/v2\/posts\/5352","targetHints":{"allow":["GET"]}}],"collection":[{"href":"https:\/\/femepa.org\/web\/wp-json\/wp\/v2\/posts"}],"about":[{"href":"https:\/\/femepa.org\/web\/wp-json\/wp\/v2\/types\/post"}],"author":[{"embeddable":true,"href":"https:\/\/femepa.org\/web\/wp-json\/wp\/v2\/users\/4"}],"replies":[{"embeddable":true,"href":"https:\/\/femepa.org\/web\/wp-json\/wp\/v2\/comments?post=5352"}],"version-history":[{"count":0,"href":"https:\/\/femepa.org\/web\/wp-json\/wp\/v2\/posts\/5352\/revisions"}],"wp:featuredmedia":[{"embeddable":true,"href":"https:\/\/femepa.org\/web\/wp-json\/wp\/v2\/media\/41881"}],"wp:attachment":[{"href":"https:\/\/femepa.org\/web\/wp-json\/wp\/v2\/media?parent=5352"}],"wp:term":[{"taxonomy":"category","embeddable":true,"href":"https:\/\/femepa.org\/web\/wp-json\/wp\/v2\/categories?post=5352"},{"taxonomy":"post_tag","embeddable":true,"href":"https:\/\/femepa.org\/web\/wp-json\/wp\/v2\/tags?post=5352"}],"curies":[{"name":"wp","href":"https:\/\/api.w.org\/{rel}","templated":true}]}}