{"id":5369,"date":"2017-09-21T13:32:57","date_gmt":"2017-09-21T13:32:57","guid":{"rendered":"http:\/\/femepa.org\/web\/?p=5369"},"modified":"2017-09-21T13:32:57","modified_gmt":"2017-09-21T13:32:57","slug":"atare-organiza-una-jornada-sobre-a-la-informacion-de-los-fabricantes","status":"publish","type":"post","link":"https:\/\/femepa.org\/web\/atare-organiza-una-jornada-sobre-a-la-informacion-de-los-fabricantes\/","title":{"rendered":"ATARE organiza una jornada sobre a la informaci\u00f3n de los Fabricantes"},"content":{"rendered":"<p>El <strong>7 de octubre<\/strong>, el <strong>Auditorio Alfredo Kraus<\/strong> albergar\u00e1 una <strong>Jornada T\u00e9cnica para Talleres<\/strong> organizada por <strong>FEMEPA, ATARE<\/strong>, con la colaboraci\u00f3n del <strong>Ayto. de las Palmas de Gran Canaria<\/strong>.<\/p>\n<p>La jornada, que tiene previsto su <strong>inicio a las 10:00 AM<\/strong>, tratar\u00e1 dos asuntos centrales de especial inter\u00e9s para los talleres:<\/p>\n<ol>\n<li>el acceso a la informaci\u00f3n de los fabricantes por parte de los talleres<\/li>\n<li>la coordinaci\u00f3n en\u00a0prevenci\u00f3n de riesgos laborales, la Tarjeta Profesional del Metal, TPM.<\/li>\n<\/ol>\n<p>&nbsp;<\/p>\n<p>Adem\u00e1s, <strong>Miguel \u00c1ngel Guisado<\/strong> dar\u00e1 una <strong>charla motivacional<\/strong> sobre &#8220;La Comunicaci\u00f3n como Informaci\u00f3n no Expl\u00edcita&#8221;.<\/p>\n<p>Las <strong>plazas son limitadas<\/strong> y la asistencia es de car\u00e1cter <strong>gratuito<\/strong>.<br \/>\nPor ello es preciso confirmar asistencia en el tel\u00e9fono <strong>928 292964<\/strong><\/p>\n<p>&nbsp;<\/p>\n","protected":false},"excerpt":{"rendered":"<p>El 7 de octubre, el Auditorio Alfredo Kraus albergar\u00e1 una Jornada T\u00e9cnica para Talleres organizada por FEMEPA, ATARE, con la colaboraci\u00f3n del Ayto. de las Palmas de Gran Canaria. La jornada, que tiene previsto su inicio a las 10:00 AM, tratar\u00e1 dos asuntos centrales de especial inter\u00e9s para los talleres: el acceso a la informaci\u00f3n [&hellip;]<\/p>\n","protected":false},"author":4,"featured_media":41875,"comment_status":"closed","ping_status":"closed","sticky":false,"template":"","format":"standard","meta":{"_acf_changed":false,"rs_blank_template":"","rs_page_bg_color":"","slide_template_v7":"","footnotes":""},"categories":[1],"tags":[256,258,259,64,260,261],"class_list":["post-5369","post","type-post","status-publish","format-standard","has-post-thumbnail","hentry","category-sin-categoria","tag-alfredo-kraus","tag-atare","tag-fabricante","tag-femepa","tag-informacion-auditorio","tag-talleres"],"acf":[],"_links":{"self":[{"href":"https:\/\/femepa.org\/web\/wp-json\/wp\/v2\/posts\/5369","targetHints":{"allow":["GET"]}}],"collection":[{"href":"https:\/\/femepa.org\/web\/wp-json\/wp\/v2\/posts"}],"about":[{"href":"https:\/\/femepa.org\/web\/wp-json\/wp\/v2\/types\/post"}],"author":[{"embeddable":true,"href":"https:\/\/femepa.org\/web\/wp-json\/wp\/v2\/users\/4"}],"replies":[{"embeddable":true,"href":"https:\/\/femepa.org\/web\/wp-json\/wp\/v2\/comments?post=5369"}],"version-history":[{"count":0,"href":"https:\/\/femepa.org\/web\/wp-json\/wp\/v2\/posts\/5369\/revisions"}],"wp:featuredmedia":[{"embeddable":true,"href":"https:\/\/femepa.org\/web\/wp-json\/wp\/v2\/media\/41875"}],"wp:attachment":[{"href":"https:\/\/femepa.org\/web\/wp-json\/wp\/v2\/media?parent=5369"}],"wp:term":[{"taxonomy":"category","embeddable":true,"href":"https:\/\/femepa.org\/web\/wp-json\/wp\/v2\/categories?post=5369"},{"taxonomy":"post_tag","embeddable":true,"href":"https:\/\/femepa.org\/web\/wp-json\/wp\/v2\/tags?post=5369"}],"curies":[{"name":"wp","href":"https:\/\/api.w.org\/{rel}","templated":true}]}}