{"id":5948,"date":"2017-04-05T22:07:31","date_gmt":"2017-04-05T22:07:31","guid":{"rendered":"http:\/\/femepa.org\/web\/?p=4309"},"modified":"2017-04-05T22:07:31","modified_gmt":"2017-04-05T22:07:31","slug":"jornadas-tecnicas-sobre-el-cpr","status":"publish","type":"post","link":"https:\/\/femepa.org\/web\/jornadas-tecnicas-sobre-el-cpr\/","title":{"rendered":"Jornadas t\u00e9cnicas sobre el CPR"},"content":{"rendered":"<p>El pasado<strong> 7 de marzo<\/strong>, la Asociaci\u00f3n de instaladores de electricidad y telecomunicaciones de Las Palmas, <strong>AIELPA<\/strong>, organiz\u00f3 en el Sal\u00f3n de Actos de FEMEPA unas jornadas t\u00e9cnicas sobre el CPR, Reglamento (UE) n\u00ba 305\/2011 de 9 de marzo de 2011 por el que se establecen condiciones armonizadas para la comercializaci\u00f3n de productos de la construcci\u00f3n y se deroga la Directiva 89\/106CEE del Consejo (publicado el 4 de abril de 2011 en el Diario Oficial de la Uni\u00f3n Europea), y su reciente entrada en vigor.<\/p>\n<p>Con estas charlas, impartidas por la empresa \u201cGENERAL CABLE\u201d, se trataba de responder las cuestiones y consultas surgidas recientemente sobre esta nueva normativa, dando debida cuenta de las caracter\u00edsticas principales de este Reglamento de productos de la construcci\u00f3n (CPR) y su aplicaci\u00f3n en cuanto a los cables el\u00e9ctricos se refiere, los nuevos requisitos para la clasificaci\u00f3n de los cables, as\u00ed como la adaptaci\u00f3n de esta Norma a la Legislaci\u00f3n Espa\u00f1ola y el Calendario de Aplicaci\u00f3n.<\/p>\n<p>Finalmente, el n\u00famero elevado de asistentes que se congregaron en este actos, quedaron satisfechas con la ponencia y las respuestas y comentarios expuestos durante la misma.<\/p>\n<p>En breve se repetiran estas mismas charlas en las islas de Lanzarote y Fuerteventura.<\/p>\n","protected":false},"excerpt":{"rendered":"<p>El pasado 7 de marzo, la Asociaci\u00f3n de instaladores de electricidad y telecomunicaciones de Las Palmas, AIELPA, organiz\u00f3 en el Sal\u00f3n de Actos de FEMEPA unas jornadas t\u00e9cnicas sobre el CPR, Reglamento (UE) n\u00ba 305\/2011 de 9 de marzo de 2011 por el que se establecen condiciones armonizadas para la comercializaci\u00f3n de productos de la [&hellip;]<\/p>\n","protected":false},"author":4,"featured_media":4313,"comment_status":"closed","ping_status":"closed","sticky":false,"template":"","format":"standard","meta":{"_acf_changed":false,"rs_blank_template":"","rs_page_bg_color":"","slide_template_v7":"","footnotes":""},"categories":[1],"tags":[],"class_list":["post-5948","post","type-post","status-publish","format-standard","has-post-thumbnail","hentry","category-sin-categoria"],"acf":[],"_links":{"self":[{"href":"https:\/\/femepa.org\/web\/wp-json\/wp\/v2\/posts\/5948","targetHints":{"allow":["GET"]}}],"collection":[{"href":"https:\/\/femepa.org\/web\/wp-json\/wp\/v2\/posts"}],"about":[{"href":"https:\/\/femepa.org\/web\/wp-json\/wp\/v2\/types\/post"}],"author":[{"embeddable":true,"href":"https:\/\/femepa.org\/web\/wp-json\/wp\/v2\/users\/4"}],"replies":[{"embeddable":true,"href":"https:\/\/femepa.org\/web\/wp-json\/wp\/v2\/comments?post=5948"}],"version-history":[{"count":0,"href":"https:\/\/femepa.org\/web\/wp-json\/wp\/v2\/posts\/5948\/revisions"}],"wp:featuredmedia":[{"embeddable":true,"href":"https:\/\/femepa.org\/web\/wp-json\/wp\/v2\/media\/4313"}],"wp:attachment":[{"href":"https:\/\/femepa.org\/web\/wp-json\/wp\/v2\/media?parent=5948"}],"wp:term":[{"taxonomy":"category","embeddable":true,"href":"https:\/\/femepa.org\/web\/wp-json\/wp\/v2\/categories?post=5948"},{"taxonomy":"post_tag","embeddable":true,"href":"https:\/\/femepa.org\/web\/wp-json\/wp\/v2\/tags?post=5948"}],"curies":[{"name":"wp","href":"https:\/\/api.w.org\/{rel}","templated":true}]}}