{"id":5970,"date":"2017-05-25T16:12:11","date_gmt":"2017-05-25T16:12:11","guid":{"rendered":"http:\/\/femepa.org\/web\/?p=4562"},"modified":"2017-05-25T16:12:11","modified_gmt":"2017-05-25T16:12:11","slug":"la-mesa-de-la-moto-hace-balance-de-la-lpa-motown-y-de-las-nuevas-citas-del-sector","status":"publish","type":"post","link":"https:\/\/femepa.org\/web\/la-mesa-de-la-moto-hace-balance-de-la-lpa-motown-y-de-las-nuevas-citas-del-sector\/","title":{"rendered":"La Mesa de la Moto hace balance de la LPA MOTOWN y de las nuevas citas del sector"},"content":{"rendered":"<p>La concejal\u00eda de Movilidad del Ayuntamiento de Las Palmas de Gran Canaria convocaba una nueva sesi\u00f3n de la Mesa de La Moto que se celebr\u00f3 el pasado martes 23 de mayo y que estuvo presidida por Jos\u00e9 Eduardo Ram\u00edrez, concejal\u00eda que lidera.<\/p>\n<p>Asistieron adem\u00e1s de Heriberto D\u00e1vila, el Director General de Movilidad, representantes de Tr\u00e1fico de LPGC, de la PMSV, de los clubes \u00c1ngeles Verdes, Moto club Los \u00c1ngeles y Moteros de Gran Canaria, y por parte de Aemoto (Asociaci\u00f3n de Empresarios de la moto de la provincia de Las Palmas), estuvo representada por parte de miembros de Junta Directiva, as\u00ed como el Presidente Ignacio Delgado y Secretario T\u00e9cnico de la Asociaci\u00f3n.<\/p>\n<p>El primer tema a tratar fue la pasada Feria LPA Motown, detallando los importantes logros conseguidos y el compromiso del Ayuntamiento con su consolidaci\u00f3n en los pr\u00f3ximos a\u00f1os.<\/p>\n<p>El Concejal de Movilidad asegur\u00f3 que \u201cla moto es un elemento clave en la movilidad sostenible de Las Palmas de Gran Canaria y que el apoyo se demuestra con la aportaci\u00f3n econ\u00f3mica (43.000 euros de Ayuntamiento + 17.500 de SAGULPA como patrocinador) que se ha hecho en el convenio de colaboraci\u00f3n con Aemoto y Femepa para el fomento del uso de la moto en la ciudad, a lo largo de 2017\u201d.<\/p>\n<p>El segundo punto del orden del d\u00eda, el <strong>D\u00eda Nacional de La Moto<\/strong> que se celebra en toda Espa\u00f1a el segundo domingo de junio, el d\u00eda 11 en 2017, ser\u00e1 organizado por la Plataforma Motera por la Seguridad Vial y Aemoto. La idea es convocar a los participantes en la zona del Rinc\u00f3n sobre las 9 de la ma\u00f1ana, para iniciar una ruta por la ciudad y dirigirse posteriormente hacia La Aldea, donde se celebra una de las mayores reuniones moteras de la isla.<\/p>\n<p>La <strong>Semana Europea de La Movilidad<\/strong> fue el siguiente tema de debate. Un acontecimiento que tendr\u00e1 presencia del sector de la moto en forma de circuito para la iniciaci\u00f3n en el mundo de las dos (o tres) ruedas. As\u00ed mismo se trabaja para la elaboraci\u00f3n de un programa en el que las charlas o debates en torno al mundo de la moto, tengan cabida en el mismo.<\/p>\n<p>En el \u00faltimo punto de orden del d\u00eda, se trat\u00f3 las propuestas concretas que presentaban los distintos colectivos, repetitivas en la mayor\u00eda de los casos, ya que fueron presentadas en las Mesas de La Moto celebradas en 2015 y 2016, tales como revisi\u00f3n del IVTM de motos, parking de motos en zonas estrat\u00e9gicas y comerciales de la ciudad, defectos del estado de las carreteras de la ciudad, zonas con planchas lisas, peligrosidad de separadores tipo tortuga, y la problem\u00e1tica de la salida del Sebadal en horas punta.<\/p>\n","protected":false},"excerpt":{"rendered":"<p>La concejal\u00eda de Movilidad del Ayuntamiento de Las Palmas de Gran Canaria convocaba una nueva sesi\u00f3n de la Mesa de La Moto que se celebr\u00f3 el pasado martes 23 de mayo y que estuvo presidida por Jos\u00e9 Eduardo Ram\u00edrez, concejal\u00eda que lidera. Asistieron adem\u00e1s de Heriberto D\u00e1vila, el Director General de Movilidad, representantes de Tr\u00e1fico [&hellip;]<\/p>\n","protected":false},"author":4,"featured_media":41817,"comment_status":"closed","ping_status":"closed","sticky":false,"template":"","format":"standard","meta":{"_acf_changed":false,"rs_blank_template":"","rs_page_bg_color":"","slide_template_v7":"","footnotes":""},"categories":[1],"tags":[112,113,66,114,68,115],"class_list":["post-5970","post","type-post","status-publish","format-standard","has-post-thumbnail","hentry","category-sin-categoria","tag-auntamiento","tag-balance","tag-las-palmas","tag-loa-motown","tag-moto","tag-valoracion"],"acf":[],"_links":{"self":[{"href":"https:\/\/femepa.org\/web\/wp-json\/wp\/v2\/posts\/5970","targetHints":{"allow":["GET"]}}],"collection":[{"href":"https:\/\/femepa.org\/web\/wp-json\/wp\/v2\/posts"}],"about":[{"href":"https:\/\/femepa.org\/web\/wp-json\/wp\/v2\/types\/post"}],"author":[{"embeddable":true,"href":"https:\/\/femepa.org\/web\/wp-json\/wp\/v2\/users\/4"}],"replies":[{"embeddable":true,"href":"https:\/\/femepa.org\/web\/wp-json\/wp\/v2\/comments?post=5970"}],"version-history":[{"count":0,"href":"https:\/\/femepa.org\/web\/wp-json\/wp\/v2\/posts\/5970\/revisions"}],"wp:featuredmedia":[{"embeddable":true,"href":"https:\/\/femepa.org\/web\/wp-json\/wp\/v2\/media\/41817"}],"wp:attachment":[{"href":"https:\/\/femepa.org\/web\/wp-json\/wp\/v2\/media?parent=5970"}],"wp:term":[{"taxonomy":"category","embeddable":true,"href":"https:\/\/femepa.org\/web\/wp-json\/wp\/v2\/categories?post=5970"},{"taxonomy":"post_tag","embeddable":true,"href":"https:\/\/femepa.org\/web\/wp-json\/wp\/v2\/tags?post=5970"}],"curies":[{"name":"wp","href":"https:\/\/api.w.org\/{rel}","templated":true}]}}