{"id":5971,"date":"2017-05-25T16:21:25","date_gmt":"2017-05-25T16:21:25","guid":{"rendered":"http:\/\/femepa.org\/web\/?p=4566"},"modified":"2017-05-25T16:21:25","modified_gmt":"2017-05-25T16:21:25","slug":"semanaenergia","status":"publish","type":"post","link":"https:\/\/femepa.org\/web\/semanaenergia\/","title":{"rendered":"La SEMANA de la Energ\u00eda, cita ineludible del mes de junio."},"content":{"rendered":"<p><strong><img decoding=\"async\" class=\"alignnone size-medium wp-image-4519\" src=\"http:\/\/femepa.org\/web\/wp-content\/uploads\/2017\/05\/IMG_4451.jpg\" alt=\"\" width=\"1\" height=\"1\" \/>La Semana de la Energ\u00eda<\/strong> es uno de los eventos m\u00e1s destacados del calendario del pr\u00f3ximo <strong>mes de junio en INFECAR<\/strong>. La cita se concentrar\u00e1 en tres jornadas, <strong>de mi\u00e9rcoles a viernes<\/strong>, donde habr\u00e1 cabida para charlas, encuentros, mesas redondas, y el gran colof\u00f3n, la tradicional Fiesta de la Luz, con la que el sector el\u00e9ctrico celebra cada a\u00f1o su encuentro.<\/p>\n<p><strong>El mi\u00e9rcoles 7<\/strong> se abrir\u00e1n las jornadas con la presencia del Excmo. Viceconsejero de Industria y Energ\u00eda del Gobierno de Canarias, <strong>D. Adrian Mendoza<\/strong>, y del presidente de FEMEPA, <strong>D. Vicente Marrero<\/strong>. Las jornadas ser\u00e1n protagonizadas por las energ\u00edas alternativas y renovables, y tendremos oportunidad de conocer m\u00e1s a fondo la pr\u00f3xima feria CANAGUA y el nuevo gestor documental para contratistas, METAFEMEPA.<\/p>\n<p><strong>El jueves<\/strong>, el programa versar\u00e1 sobre el sector el\u00e9ctrico, y la protagonizar\u00e1n la Direcci\u00f3n General de Industria y energ\u00eda, FENIE y CSM. Las jornadas finalizar\u00e1n con unas mesas de debate que\u00a0estar\u00e1n moderadas por <strong>Ignacio Afonso, de Europa Press<\/strong><\/p>\n<p>Para acudir a las jornadas t\u00e9cnicas de los d\u00edas 7 y 8, es preciso inscribirse llamando a<\/p>\n<p><strong>Mar\u00eda Artiles<\/strong><br \/>\n928 29 61 61 (ext #503)<br \/>\n<a href=\"mailto:maria.artiles@femepa.es\">maria.artiles@femepa.es<\/a><\/p>\n","protected":false},"excerpt":{"rendered":"<p>La Semana de la Energ\u00eda es uno de los eventos m\u00e1s destacados del calendario del pr\u00f3ximo mes de junio en INFECAR. La cita se concentrar\u00e1 en tres jornadas, de mi\u00e9rcoles a viernes, donde habr\u00e1 cabida para charlas, encuentros, mesas redondas, y el gran colof\u00f3n, la tradicional Fiesta de la Luz, con la que el sector [&hellip;]<\/p>\n","protected":false},"author":4,"featured_media":4642,"comment_status":"closed","ping_status":"closed","sticky":false,"template":"","format":"standard","meta":{"_acf_changed":false,"rs_blank_template":"","rs_page_bg_color":"","slide_template_v7":"","footnotes":""},"categories":[1],"tags":[64,116,117],"class_list":["post-5971","post","type-post","status-publish","format-standard","has-post-thumbnail","hentry","category-sin-categoria","tag-femepa","tag-infecar","tag-semana-energia"],"acf":[],"_links":{"self":[{"href":"https:\/\/femepa.org\/web\/wp-json\/wp\/v2\/posts\/5971","targetHints":{"allow":["GET"]}}],"collection":[{"href":"https:\/\/femepa.org\/web\/wp-json\/wp\/v2\/posts"}],"about":[{"href":"https:\/\/femepa.org\/web\/wp-json\/wp\/v2\/types\/post"}],"author":[{"embeddable":true,"href":"https:\/\/femepa.org\/web\/wp-json\/wp\/v2\/users\/4"}],"replies":[{"embeddable":true,"href":"https:\/\/femepa.org\/web\/wp-json\/wp\/v2\/comments?post=5971"}],"version-history":[{"count":0,"href":"https:\/\/femepa.org\/web\/wp-json\/wp\/v2\/posts\/5971\/revisions"}],"wp:featuredmedia":[{"embeddable":true,"href":"https:\/\/femepa.org\/web\/wp-json\/wp\/v2\/media\/4642"}],"wp:attachment":[{"href":"https:\/\/femepa.org\/web\/wp-json\/wp\/v2\/media?parent=5971"}],"wp:term":[{"taxonomy":"category","embeddable":true,"href":"https:\/\/femepa.org\/web\/wp-json\/wp\/v2\/categories?post=5971"},{"taxonomy":"post_tag","embeddable":true,"href":"https:\/\/femepa.org\/web\/wp-json\/wp\/v2\/tags?post=5971"}],"curies":[{"name":"wp","href":"https:\/\/api.w.org\/{rel}","templated":true}]}}