{"id":5976,"date":"2017-06-03T16:34:05","date_gmt":"2017-06-03T16:34:05","guid":{"rendered":"http:\/\/femepa.org\/web\/?p=4695"},"modified":"2017-06-03T16:34:05","modified_gmt":"2017-06-03T16:34:05","slug":"oportunidades-empresariales-en-el-peru","status":"publish","type":"post","link":"https:\/\/femepa.org\/web\/oportunidades-empresariales-en-el-peru\/","title":{"rendered":"Oportunidades empresariales en el Per\u00fa"},"content":{"rendered":"<p><span style=\"margin: 0px; font-family: 'Verdana','sans-serif'; font-size: 10pt;\"><span style=\"color: #000000;\">El pr\u00f3ximo <\/span><b><span style=\"color: #000000;\">8 de junio a las 16 horas<\/span><\/b><span style=\"color: #000000;\"> se celebrar\u00e1 una reuni\u00f3n en la sede del Ministerio de Econom\u00eda, Industria y Competitividad e ICEX, en la calle Franchy Roca, 5 3\u00aa planta de Las Palmas de Gran Canaria, sobre la <\/span><b><span style=\"color: #000000;\">situaci\u00f3n econ\u00f3mica y oportunidades empresariales en el Per\u00fa<\/span><\/b><span style=\"color: #000000;\">, en colaboraci\u00f3n con el Consultado de Per\u00fa en Las Palmas y la C\u00e1mara de Comercio de Gran Canaria.<\/span><\/span><\/p>\n<p><span style=\"margin: 0px; font-family: 'Verdana','sans-serif'; font-size: 10pt;\"><span style=\"color: #000000;\">\u00a0<\/span><\/span><span style=\"margin: 0px; font-family: 'Verdana','sans-serif'; font-size: 10pt;\"><span style=\"color: #000000;\">Esta reuni\u00f3n ser\u00e1 con el Consejero Econ\u00f3mico y Comercial de la Embajada de Espa\u00f1a en Lima y Agregado Comercial de la Embajada de Per\u00fa en Madrid D. Bernardo Mu\u00f1oz.<\/span><\/span><\/p>\n<p><span style=\"margin: 0px; font-family: 'Verdana','sans-serif'; font-size: 10pt;\"><span style=\"color: #000000;\">\u00a0<\/span><\/span><span style=\"margin: 0px; font-family: 'Verdana','sans-serif'; font-size: 10pt;\"><span style=\"color: #000000;\">Per\u00fa es la 7\u00aa econom\u00eda en Latinoam\u00e9rica. Presenta una gran estabilidad jur\u00eddica y solidez macroecon\u00f3mica y ofrece atractivas oportunidades a las empresas espa\u00f1olas en todos los sectores. Se trata de un mercado emergente en proceso sostenido e ininterrumpido de desarrollo desde hace m\u00e1s de 15 a\u00f1os y est\u00e1 destinado a continuar liderando el crecimiento de la regi\u00f3n en los pr\u00f3ximos a\u00f1os. Espa\u00f1a es el primer inversor extranjero en el Per\u00fa. A finales del 2014, ya son m\u00e1s de 400 las empresas espa\u00f1olas, entre las que figuran varias del archipi\u00e9lago, que est\u00e1n establecidas en todo el pa\u00eds.<\/span><\/span><\/p>\n<p><span style=\"margin: 0px; font-family: 'Verdana','sans-serif'; font-size: 10pt;\"><span style=\"color: #000000;\">\u00a0<\/span><\/span><span style=\"margin: 0px; font-family: 'Verdana','sans-serif'; font-size: 10pt;\"><span style=\"color: #000000;\">La asistencia es <\/span><b><span style=\"color: #000000;\">gratuita<\/span><\/b><span style=\"color: #000000;\"> y las <\/span><b><span style=\"color: #000000;\">inscripciones<\/span><\/b><span style=\"color: #000000;\"> se realizar\u00e1n a trav\u00e9s del un <\/span><b><span style=\"color: #000000;\">formulario de inscripci\u00f3n<\/span><\/b><span style=\"color: #000000;\"> que hay que solicitar a <span style=\"margin: 0px; color: #1f497d; font-family: 'Calibri','sans-serif'; font-size: 10pt;\"><a>laspalmas@comercio.mineco.es<\/a><\/span>, limit\u00e1ndose a un <\/span><b><span style=\"color: #000000;\">m\u00e1ximo de dos personas por empresa<\/span><\/b><span style=\"color: #000000;\">.<\/span><\/span><\/p>\n<p><span style=\"margin: 0px; font-family: 'Verdana','sans-serif'; font-size: 10pt;\"><span style=\"color: #000000;\">\u00a0<\/span><\/span><\/p>\n","protected":false},"excerpt":{"rendered":"<p>El pr\u00f3ximo 8 de junio a las 16 horas se celebrar\u00e1 una reuni\u00f3n en la sede del Ministerio de Econom\u00eda, Industria y Competitividad e ICEX, en la calle Franchy Roca, 5 3\u00aa planta de Las Palmas de Gran Canaria, sobre la situaci\u00f3n econ\u00f3mica y oportunidades empresariales en el Per\u00fa, en colaboraci\u00f3n con el Consultado de [&hellip;]<\/p>\n","protected":false},"author":4,"featured_media":4697,"comment_status":"closed","ping_status":"closed","sticky":false,"template":"","format":"standard","meta":{"_acf_changed":false,"rs_blank_template":"","rs_page_bg_color":"","slide_template_v7":"","footnotes":""},"categories":[1],"tags":[129,130],"class_list":["post-5976","post","type-post","status-publish","format-standard","has-post-thumbnail","hentry","category-sin-categoria","tag-icex","tag-peru"],"acf":[],"_links":{"self":[{"href":"https:\/\/femepa.org\/web\/wp-json\/wp\/v2\/posts\/5976","targetHints":{"allow":["GET"]}}],"collection":[{"href":"https:\/\/femepa.org\/web\/wp-json\/wp\/v2\/posts"}],"about":[{"href":"https:\/\/femepa.org\/web\/wp-json\/wp\/v2\/types\/post"}],"author":[{"embeddable":true,"href":"https:\/\/femepa.org\/web\/wp-json\/wp\/v2\/users\/4"}],"replies":[{"embeddable":true,"href":"https:\/\/femepa.org\/web\/wp-json\/wp\/v2\/comments?post=5976"}],"version-history":[{"count":0,"href":"https:\/\/femepa.org\/web\/wp-json\/wp\/v2\/posts\/5976\/revisions"}],"wp:featuredmedia":[{"embeddable":true,"href":"https:\/\/femepa.org\/web\/wp-json\/wp\/v2\/media\/4697"}],"wp:attachment":[{"href":"https:\/\/femepa.org\/web\/wp-json\/wp\/v2\/media?parent=5976"}],"wp:term":[{"taxonomy":"category","embeddable":true,"href":"https:\/\/femepa.org\/web\/wp-json\/wp\/v2\/categories?post=5976"},{"taxonomy":"post_tag","embeddable":true,"href":"https:\/\/femepa.org\/web\/wp-json\/wp\/v2\/tags?post=5976"}],"curies":[{"name":"wp","href":"https:\/\/api.w.org\/{rel}","templated":true}]}}