{"id":5977,"date":"2017-06-04T21:42:14","date_gmt":"2017-06-04T21:42:14","guid":{"rendered":"http:\/\/femepa.org\/web\/?p=4700"},"modified":"2017-06-04T21:42:14","modified_gmt":"2017-06-04T21:42:14","slug":"este-miercoles-se-inician-los-actos-de-la-semana-de-la-energia-en-infecar","status":"publish","type":"post","link":"https:\/\/femepa.org\/web\/este-miercoles-se-inician-los-actos-de-la-semana-de-la-energia-en-infecar\/","title":{"rendered":"Este miercoles se inician los actos de la Semana de la Energ\u00eda en INFECAR"},"content":{"rendered":"<h4>La Semana de la Energ\u00eda es uno de los eventos m\u00e1s destacados del calendario del mes de junio en INFECAR. La cita se concentrar\u00e1 en tres jornadas, de mi\u00e9rcoles a viernes, donde habr\u00e1 cabida para charlas, encuentros, mesas redondas, y el gran colof\u00f3n, la tradicional Fiesta de la Luz, con la que el sector el\u00e9ctrico celebra cada a\u00f1o su encuentro.<\/h4>\n<p><strong>El mi\u00e9rcoles 7<\/strong> se abrir\u00e1n las jornadas con la presencia del Excmo. Viceconsejero de Industria y Energ\u00eda del Gobierno de Canarias, <strong>D. Adrian Mendoza<\/strong>, y del presidente de FEMEPA, <strong>D. Vicente Marrero<\/strong>. Las jornadas ser\u00e1n protagonizadas por las energ\u00edas alternativas y renovables, y tendremos oportunidad de conocer m\u00e1s a fondo la pr\u00f3xima feria CANAGUA y el nuevo gestor documental para contratistas, METAFEMEPA.<\/p>\n<p><strong>El jueves<\/strong>, el programa versar\u00e1 sobre el sector el\u00e9ctrico, y la protagonizar\u00e1n la Direcci\u00f3n General de Industria y energ\u00eda, FENIE y CSM. Las jornadas finalizar\u00e1n con unas mesas de debate que\u00a0estar\u00e1n moderadas por <strong>Ignacio Afonso, de Europa Press<\/strong><\/p>\n<p>Para acudir a las jornadas t\u00e9cnicas de los d\u00edas 7 y 8, es preciso inscribirse llamando a<\/p>\n<p><strong>Mar\u00eda Artiles<\/strong><br \/>\n928 29 61 61 (ext #503)<br \/>\n<a href=\"mailto:maria.artiles@femepa.es\">maria.artiles@femepa.es<\/a><\/p>\n","protected":false},"excerpt":{"rendered":"<p>La Semana de la Energ\u00eda es uno de los eventos m\u00e1s destacados del calendario del mes de junio en INFECAR. La cita se concentrar\u00e1 en tres jornadas, de mi\u00e9rcoles a viernes, donde habr\u00e1 cabida para charlas, encuentros, mesas redondas, y el gran colof\u00f3n, la tradicional Fiesta de la Luz, con la que el sector el\u00e9ctrico [&hellip;]<\/p>\n","protected":false},"author":4,"featured_media":4642,"comment_status":"closed","ping_status":"closed","sticky":false,"template":"","format":"standard","meta":{"_acf_changed":false,"rs_blank_template":"","rs_page_bg_color":"","slide_template_v7":"","footnotes":""},"categories":[1],"tags":[125,93,126,116,131],"class_list":["post-5977","post","type-post","status-publish","format-standard","has-post-thumbnail","hentry","category-sin-categoria","tag-aielpa","tag-aserpa","tag-cafongas","tag-infecar","tag-semana-de-la-energia"],"acf":[],"_links":{"self":[{"href":"https:\/\/femepa.org\/web\/wp-json\/wp\/v2\/posts\/5977","targetHints":{"allow":["GET"]}}],"collection":[{"href":"https:\/\/femepa.org\/web\/wp-json\/wp\/v2\/posts"}],"about":[{"href":"https:\/\/femepa.org\/web\/wp-json\/wp\/v2\/types\/post"}],"author":[{"embeddable":true,"href":"https:\/\/femepa.org\/web\/wp-json\/wp\/v2\/users\/4"}],"replies":[{"embeddable":true,"href":"https:\/\/femepa.org\/web\/wp-json\/wp\/v2\/comments?post=5977"}],"version-history":[{"count":0,"href":"https:\/\/femepa.org\/web\/wp-json\/wp\/v2\/posts\/5977\/revisions"}],"wp:featuredmedia":[{"embeddable":true,"href":"https:\/\/femepa.org\/web\/wp-json\/wp\/v2\/media\/4642"}],"wp:attachment":[{"href":"https:\/\/femepa.org\/web\/wp-json\/wp\/v2\/media?parent=5977"}],"wp:term":[{"taxonomy":"category","embeddable":true,"href":"https:\/\/femepa.org\/web\/wp-json\/wp\/v2\/categories?post=5977"},{"taxonomy":"post_tag","embeddable":true,"href":"https:\/\/femepa.org\/web\/wp-json\/wp\/v2\/tags?post=5977"}],"curies":[{"name":"wp","href":"https:\/\/api.w.org\/{rel}","templated":true}]}}