{"id":5980,"date":"2017-06-06T21:21:58","date_gmt":"2017-06-06T21:21:58","guid":{"rendered":"http:\/\/femepa.org\/web\/?p=4747"},"modified":"2017-06-06T21:21:58","modified_gmt":"2017-06-06T21:21:58","slug":"vicente-marrero-nombrado-hijo-predilecto-de-las-palmas-de-gran-canaria","status":"publish","type":"post","link":"https:\/\/femepa.org\/web\/vicente-marrero-nombrado-hijo-predilecto-de-las-palmas-de-gran-canaria\/","title":{"rendered":"Vicente Marrero, nombrado Hijo Predilecto de Las Palmas de Gran Canaria"},"content":{"rendered":"<p>El presidente de FEMEPA, <strong>Vicente Marrero<\/strong>, ha sido nombrado <strong>Hijo Predilecto de la ciudad de Las Palmas de Gran Canaria<\/strong>. El nombramiento ha tenido lugar en el pleno extraordinario\u00a0del Ayuntamiento de ayer martes d\u00eda 6 de junio, en el que se ha procedido al reconocimiento a dieciocho personalidades y colectivos de diferentes \u00e1mbitos con los t\u00edtulos de Hijo Predilecto de la Ciudad, Hijo Adoptivo de la Ciudad y Medalla de Oro, t\u00edtulos que ensalzan sus respectivas actividades y trayectorias, as\u00ed como su contribuci\u00f3n al enriquecimiento de la capital grancanaria.<\/p>\n<p>Vicente Marreo Dom\u00ednguez\u00a0ve reconocida as\u00ed su trayectoria y su labor de promoci\u00f3n en favor de la econom\u00eda azul desde su puesto directivo en ASTICAN, y al frente de las instituciones que preside:\u00a0FEMEPA,\u00a0 la Asociaci\u00f3n de Reparaciones Navales y el Cluster Mar\u00edtimo de Canarias.<\/p>\n<p>Vicente\u00a0 Estudi\u00f3 Derecho en la Universidad de La Laguna y forma parte del equipo directivo de ASTICAN desde 1985. Casado y con dos hijos, siempre ha estado implicado e integrado en los aspectos sociales\u00a0y econ\u00f3micos de su entorno.<\/p>\n<p>La entrega de las distinciones tendr\u00e1 lugar en el acto institucional que se celebrar\u00e1 el viernes 23 de junio en el Auditorio Alfredo Kraus, v\u00edspera de la jornada festiva que conmemorar\u00e1 el 539\u00ba aniversario de la Fundaci\u00f3n de Las Palmas de Gran Canaria.<\/p>\n<h4>Hijos Predilectos de la Ciudad<\/h4>\n<p>En 2017, la ciudad distinguir\u00e1 con el t\u00edtulo de Hijo Predilecto al Cronista Oficial de Las Palmas de Gran Canaria, Cronista Oficial de Gran Canaria y Acad\u00e9mico Correspondiente de la Real Academia Sevillana de Buenas Letras, Juan Jos\u00e9 Laforet Hern\u00e1ndez; al televisivo Roberto Herrera Reyes, popular presentador del Centro Territorial de Televisi\u00f3n Espa\u00f1ola en Canarias desde 1991, y primer presentador de la Gala Drag Queen del Carnaval capitalino; al m\u00e9dico especialista en angiolog\u00eda y cirug\u00eda vascular, Antonio Calder\u00edn Ortega; al presidente de la Academia Canaria de Legislaci\u00f3n y Jurisprudencia, y durante 20 a\u00f1os decano del Ilustre Colegio de Abogados de Las Palmas, Joaqu\u00edn Espinosa Boissier; a la pionera en la pr\u00e1ctica de la nataci\u00f3n sincronizada en la ciudad, integrante de la Selecci\u00f3n Espa\u00f1ola de Nataci\u00f3n Sincronizada, y responsable de la extinta Secci\u00f3n de Nataci\u00f3n Sincronizada de la Uni\u00f3n Deportiva Las Palmas, as\u00ed como Entrenadora Superior de Nataci\u00f3n Sincronizada por la Real Federaci\u00f3n Espa\u00f1ola de Nataci\u00f3n, Aurora Gil D\u00e1vila; al primer Playero de Honor de la ciudad, por la defensa que ha dedicado a la Playa de Las Canteras, desde el colectivo Asociaci\u00f3n de Amigos de la Playa de Las Canteras y, posteriormente desde la Asociaci\u00f3n de los Amigos de la Barra, Francisco Bello Garc\u00eda; al socio de honor, emblema de oro y expresidente del Club Nataci\u00f3n Metropole, Manuel Herrera Macario; al poeta, ensayista, catedr\u00e1tico de Lengua y Literatura y miembro de la Academia Canaria de la Lengua, Jorge Rodr\u00edguez Padr\u00f3n<\/p>\n<h5>&#8211;<\/h5>\n","protected":false},"excerpt":{"rendered":"<p>El presidente de FEMEPA, Vicente Marrero, ha sido nombrado Hijo Predilecto de la ciudad de Las Palmas de Gran Canaria. El nombramiento ha tenido lugar en el pleno extraordinario\u00a0del Ayuntamiento de ayer martes d\u00eda 6 de junio, en el que se ha procedido al reconocimiento a dieciocho personalidades y colectivos de diferentes \u00e1mbitos con los [&hellip;]<\/p>\n","protected":false},"author":4,"featured_media":41829,"comment_status":"closed","ping_status":"closed","sticky":false,"template":"","format":"standard","meta":{"_acf_changed":false,"rs_blank_template":"","rs_page_bg_color":"","slide_template_v7":"","footnotes":""},"categories":[1],"tags":[135,136,137],"class_list":["post-5980","post","type-post","status-publish","format-standard","has-post-thumbnail","hentry","category-sin-categoria","tag-hijo-predilecto","tag-las","tag-vicente-marrero"],"acf":[],"_links":{"self":[{"href":"https:\/\/femepa.org\/web\/wp-json\/wp\/v2\/posts\/5980","targetHints":{"allow":["GET"]}}],"collection":[{"href":"https:\/\/femepa.org\/web\/wp-json\/wp\/v2\/posts"}],"about":[{"href":"https:\/\/femepa.org\/web\/wp-json\/wp\/v2\/types\/post"}],"author":[{"embeddable":true,"href":"https:\/\/femepa.org\/web\/wp-json\/wp\/v2\/users\/4"}],"replies":[{"embeddable":true,"href":"https:\/\/femepa.org\/web\/wp-json\/wp\/v2\/comments?post=5980"}],"version-history":[{"count":0,"href":"https:\/\/femepa.org\/web\/wp-json\/wp\/v2\/posts\/5980\/revisions"}],"wp:featuredmedia":[{"embeddable":true,"href":"https:\/\/femepa.org\/web\/wp-json\/wp\/v2\/media\/41829"}],"wp:attachment":[{"href":"https:\/\/femepa.org\/web\/wp-json\/wp\/v2\/media?parent=5980"}],"wp:term":[{"taxonomy":"category","embeddable":true,"href":"https:\/\/femepa.org\/web\/wp-json\/wp\/v2\/categories?post=5980"},{"taxonomy":"post_tag","embeddable":true,"href":"https:\/\/femepa.org\/web\/wp-json\/wp\/v2\/tags?post=5980"}],"curies":[{"name":"wp","href":"https:\/\/api.w.org\/{rel}","templated":true}]}}