{"id":5981,"date":"2017-06-08T08:44:12","date_gmt":"2017-06-08T08:44:12","guid":{"rendered":"http:\/\/femepa.org\/web\/?p=4765"},"modified":"2017-06-08T08:44:12","modified_gmt":"2017-06-08T08:44:12","slug":"la-primera-jornada-de-la-semana-de-la-energia-reabre-el-debate-sobre-la-transicion-energetica","status":"publish","type":"post","link":"https:\/\/femepa.org\/web\/la-primera-jornada-de-la-semana-de-la-energia-reabre-el-debate-sobre-la-transicion-energetica\/","title":{"rendered":"La primera jornada de la Semana de la Energ\u00eda reabre el debate sobre la transici\u00f3n energ\u00e9tica"},"content":{"rendered":"<div>La Semana de la Energ\u00eda se inaugur\u00f3 ayer con la presencia del Vicepresidente de la Consejer\u00eda de Industria y Energ\u00eda, Adrian Mendoza.\u00a0En la jornada, el propio Adrian, intervino para exponer un adelanto del plan energ\u00e9tico de Canarias, y su intervenci\u00f3n fue la primeera de una tarde que tuvo su punto culminante en la mesa\u00a0redonda final. \u00a0En la mesa de debate participaron el recretario general de FEMEPA, JUan Carlos Betancor, el presidente de la Asociaci\u00f3n de empresas de energ\u00edas renovables de Las Palmas (Aserpa), Juan Luis C\u00e1rdenes, y el director del departamento de obras y desalaci\u00f3n del Consejo Insular de Aguas de Gran Canaria, Carmelo Santana. C\u00e1rdenes se mostr\u00f3 favorable a centrar todos los esfuerzos en la expansi\u00f3n de las renovables aunque reconoci\u00f3 la necesidad de generaci\u00f3n de respaldo para garantizar la estabilidad del sistema. Santana, del Consejo Insular de Aguas de Gran Canaria, present\u00f3 el proyecto de autoconsumo con renovables de las desaladoras de la isla con el que se conseguir\u00e1n ahorros en el consumo de energ\u00eda de hasta 2 millones de euros al a\u00f1o, as\u00ed como una reducci\u00f3n de las emisiones contaminantes a la atm\u00f3sfera. Mantuvo que &#8220;todo no es implantar renovables porque s\u00ed&#8221; y apost\u00f3 por &#8220;ir hacia la generaci\u00f3n distribuida&#8221; con proyectos como \u00e9ste del Consejo Insular de Aguas que permiten gestionar m\u00e1s energ\u00edas renovables que de la forma tradicional de centrales. Sobre el desembarco del gas natural en Canarias sostuvo que para el sistema debe tenerse en cuenta especialmente el coste de implementaci\u00f3n y el esquema de retribuciones y rechaz\u00f3 su llegada solo si viene a subir el coste de producci\u00f3n del sistema canario.<\/div>\n<div>Las jornadas contin\u00faan esta tarde a partir de las 16,30 horas. Hoy se abordar\u00e1 la situaci\u00f3n del sector el\u00e9ctrico.<\/div>\n","protected":false},"excerpt":{"rendered":"<p>La Semana de la Energ\u00eda se inaugur\u00f3 ayer con la presencia del Vicepresidente de la Consejer\u00eda de Industria y Energ\u00eda, Adrian Mendoza.\u00a0En la jornada, el propio Adrian, intervino para exponer un adelanto del plan energ\u00e9tico de Canarias, y su intervenci\u00f3n fue la primeera de una tarde que tuvo su punto culminante en la mesa\u00a0redonda final. [&hellip;]<\/p>\n","protected":false},"author":4,"featured_media":41830,"comment_status":"closed","ping_status":"closed","sticky":false,"template":"","format":"standard","meta":{"_acf_changed":false,"rs_blank_template":"","rs_page_bg_color":"","slide_template_v7":"","footnotes":""},"categories":[1],"tags":[125,93,94,126,138,64,139,140,117],"class_list":["post-5981","post","type-post","status-publish","format-standard","has-post-thumbnail","hentry","category-sin-categoria","tag-aielpa","tag-aserpa","tag-cabildo","tag-cafongas","tag-energia","tag-femepa","tag-gas","tag-gobierno-de-canarias","tag-semana-energia"],"acf":[],"_links":{"self":[{"href":"https:\/\/femepa.org\/web\/wp-json\/wp\/v2\/posts\/5981","targetHints":{"allow":["GET"]}}],"collection":[{"href":"https:\/\/femepa.org\/web\/wp-json\/wp\/v2\/posts"}],"about":[{"href":"https:\/\/femepa.org\/web\/wp-json\/wp\/v2\/types\/post"}],"author":[{"embeddable":true,"href":"https:\/\/femepa.org\/web\/wp-json\/wp\/v2\/users\/4"}],"replies":[{"embeddable":true,"href":"https:\/\/femepa.org\/web\/wp-json\/wp\/v2\/comments?post=5981"}],"version-history":[{"count":0,"href":"https:\/\/femepa.org\/web\/wp-json\/wp\/v2\/posts\/5981\/revisions"}],"wp:featuredmedia":[{"embeddable":true,"href":"https:\/\/femepa.org\/web\/wp-json\/wp\/v2\/media\/41830"}],"wp:attachment":[{"href":"https:\/\/femepa.org\/web\/wp-json\/wp\/v2\/media?parent=5981"}],"wp:term":[{"taxonomy":"category","embeddable":true,"href":"https:\/\/femepa.org\/web\/wp-json\/wp\/v2\/categories?post=5981"},{"taxonomy":"post_tag","embeddable":true,"href":"https:\/\/femepa.org\/web\/wp-json\/wp\/v2\/tags?post=5981"}],"curies":[{"name":"wp","href":"https:\/\/api.w.org\/{rel}","templated":true}]}}