{"id":5985,"date":"2017-06-15T17:18:30","date_gmt":"2017-06-15T17:18:30","guid":{"rendered":"http:\/\/femepa.org\/web\/?p=5000"},"modified":"2017-06-15T17:18:30","modified_gmt":"2017-06-15T17:18:30","slug":"femepa-participa-en-barcelona-en-una-jornada-sobre","status":"publish","type":"post","link":"https:\/\/femepa.org\/web\/femepa-participa-en-barcelona-en-una-jornada-sobre\/","title":{"rendered":"FEMEPA en la Jonada sobre liderazgo en PRL de Barcelona"},"content":{"rendered":"<p><span style=\"color: #000000; font-family: Calibri;\">FEMEPA estuvo presente y fue parte protagonista de la Jornada sobre Liderazgo en Prevenci\u00f3n de Riesgos Laborales y Excelencia Empresarial, <span style=\"margin: 0px; font-family: 'Calibri','sans-serif'; font-size: 11pt;\"><span style=\"color: #000000;\">impartida el pasado 31 de mayo, en el Centro Nacional de Condiciones de Trabajo de Barcelona, del Instituto Nacional de Seguridad e Higiene en el Trabajo. <\/span><\/span><\/span><\/p>\n<p><span style=\"color: #000000; font-family: Calibri;\">Una de las ponencias de la jornada, fue impartida por el t\u00e9cnico Arecio Vega, t\u00e9cnico responsable en Prevenci\u00f3n de Riesgos Laborales de FEMEPA. En ella, por un lado se trat\u00f3 el marco conceptual del liderazgo en el \u00e1mbito de la PRL, y por el otro se present\u00f3 un estudio sobre el valor de la Prevenci\u00f3n para la generaci\u00f3n de liderazgo de directivos y mandos, donde participaron las siguientes empresas asociadas:<\/span><\/p>\n<ul type=\"disc\">\n<li style=\"margin: 0px; color: #000000; font-family: 'Calibri','sans-serif'; font-size: 11pt; font-style: normal; font-weight: normal;\">DIASAN S.A.<\/li>\n<li style=\"margin: 0px; color: #000000; font-family: 'Calibri','sans-serif'; font-size: 11pt; font-style: normal; font-weight: normal;\">JDC TALLERES (GRUPO D\u00c1VILA)<\/li>\n<li style=\"margin: 0px; color: #000000; font-family: 'Calibri','sans-serif'; font-size: 11pt; font-style: normal; font-weight: normal;\">SANTANA\u00b4S ELECTROMEC\u00c1NICOS S.C.P.<\/li>\n<li style=\"margin: 0px; color: #000000; font-family: 'Calibri','sans-serif'; font-size: 11pt; font-style: normal; font-weight: normal;\">VALSEBIKE S.L.U.<\/li>\n<li style=\"margin: 0px; color: #000000; font-family: 'Calibri','sans-serif'; font-size: 11pt; font-style: normal; font-weight: normal;\">MARIO DE LA TORRE E HIJOS S.L.<\/li>\n<li style=\"margin: 0px; color: #000000; font-family: 'Calibri','sans-serif'; font-size: 11pt; font-style: normal; font-weight: normal;\">TALLERES MECANIZADO INSULARES ATLANTIKO MAR S.L.<\/li>\n<\/ul>\n<p><span style=\"font-family: Calibri;\">\u00a0<\/span><\/p>\n<p><span style=\"font-family: Calibri;\">Y las experiencias empresariales en materia de liderazgo y excelencia, donde explicamos la labor de la Oficina T\u00e9cnica de Prevenci\u00f3n de Riesgos Laborales de la Federaci\u00f3n, con proyectos de asesoramiento como el de Asunci\u00f3n Personal y el de visitas t\u00e9cnicas de PRL para mejorar las gesti\u00f3n preventiva de las PYMES.<\/span><\/p>\n<p><span style=\"font-family: Calibri;\">\u00a0<\/span><\/p>\n","protected":false},"excerpt":{"rendered":"<p>FEMEPA estuvo presente y fue parte protagonista de la Jornada sobre Liderazgo en Prevenci\u00f3n de Riesgos Laborales y Excelencia Empresarial, impartida el pasado 31 de mayo, en el Centro Nacional de Condiciones de Trabajo de Barcelona, del Instituto Nacional de Seguridad e Higiene en el Trabajo. Una de las ponencias de la jornada, fue impartida [&hellip;]<\/p>\n","protected":false},"author":4,"featured_media":41832,"comment_status":"closed","ping_status":"closed","sticky":false,"template":"","format":"image","meta":{"_acf_changed":false,"rs_blank_template":"","rs_page_bg_color":"","slide_template_v7":"","footnotes":""},"categories":[1],"tags":[151,64,152,153,154,155],"class_list":["post-5985","post","type-post","status-publish","format-image","has-post-thumbnail","hentry","category-sin-categoria","tag-barcelona","tag-femepa","tag-jornada","tag-laborales","tag-prevencion","tag-riegos","post_format-post-format-image"],"acf":[],"_links":{"self":[{"href":"https:\/\/femepa.org\/web\/wp-json\/wp\/v2\/posts\/5985","targetHints":{"allow":["GET"]}}],"collection":[{"href":"https:\/\/femepa.org\/web\/wp-json\/wp\/v2\/posts"}],"about":[{"href":"https:\/\/femepa.org\/web\/wp-json\/wp\/v2\/types\/post"}],"author":[{"embeddable":true,"href":"https:\/\/femepa.org\/web\/wp-json\/wp\/v2\/users\/4"}],"replies":[{"embeddable":true,"href":"https:\/\/femepa.org\/web\/wp-json\/wp\/v2\/comments?post=5985"}],"version-history":[{"count":0,"href":"https:\/\/femepa.org\/web\/wp-json\/wp\/v2\/posts\/5985\/revisions"}],"wp:featuredmedia":[{"embeddable":true,"href":"https:\/\/femepa.org\/web\/wp-json\/wp\/v2\/media\/41832"}],"wp:attachment":[{"href":"https:\/\/femepa.org\/web\/wp-json\/wp\/v2\/media?parent=5985"}],"wp:term":[{"taxonomy":"category","embeddable":true,"href":"https:\/\/femepa.org\/web\/wp-json\/wp\/v2\/categories?post=5985"},{"taxonomy":"post_tag","embeddable":true,"href":"https:\/\/femepa.org\/web\/wp-json\/wp\/v2\/tags?post=5985"}],"curies":[{"name":"wp","href":"https:\/\/api.w.org\/{rel}","templated":true}]}}