{"id":5989,"date":"2017-06-19T20:46:33","date_gmt":"2017-06-19T20:46:33","guid":{"rendered":"http:\/\/femepa.org\/web\/?p=5030"},"modified":"2017-06-19T20:46:33","modified_gmt":"2017-06-19T20:46:33","slug":"jornadas-sobre-el-autoconsumo-en-la-semana-de-la-energia-europea","status":"publish","type":"post","link":"https:\/\/femepa.org\/web\/jornadas-sobre-el-autoconsumo-en-la-semana-de-la-energia-europea\/","title":{"rendered":"Jornadas sobre el Autoconsumo en la Semana de la Energ\u00eda Europea"},"content":{"rendered":"<p>El secretario general de Femepa, Juan Carlos Betancor, abri\u00f3 las jornadas t\u00e9cnicas sobre el autoconsumo que se celebraron el lunes 19 de junio en FEMEPA, dentro de los actos programados a nivel europeo en la Semana de la Energ\u00eda Europea.<\/p>\n<p>Estas jornadas se organizan conjuntamente con la empresa ECOLUZ.<\/p>\n","protected":false},"excerpt":{"rendered":"<p>El secretario general de Femepa, Juan Carlos Betancor, abri\u00f3 las jornadas t\u00e9cnicas sobre el autoconsumo que se celebraron el lunes 19 de junio en FEMEPA, dentro de los actos programados a nivel europeo en la Semana de la Energ\u00eda Europea. Estas jornadas se organizan conjuntamente con la empresa ECOLUZ.<\/p>\n","protected":false},"author":4,"featured_media":41835,"comment_status":"closed","ping_status":"closed","sticky":false,"template":"","format":"image","meta":{"_acf_changed":false,"rs_blank_template":"","rs_page_bg_color":"","slide_template_v7":"","footnotes":""},"categories":[1],"tags":[],"class_list":["post-5989","post","type-post","status-publish","format-image","has-post-thumbnail","hentry","category-sin-categoria","post_format-post-format-image"],"acf":[],"_links":{"self":[{"href":"https:\/\/femepa.org\/web\/wp-json\/wp\/v2\/posts\/5989","targetHints":{"allow":["GET"]}}],"collection":[{"href":"https:\/\/femepa.org\/web\/wp-json\/wp\/v2\/posts"}],"about":[{"href":"https:\/\/femepa.org\/web\/wp-json\/wp\/v2\/types\/post"}],"author":[{"embeddable":true,"href":"https:\/\/femepa.org\/web\/wp-json\/wp\/v2\/users\/4"}],"replies":[{"embeddable":true,"href":"https:\/\/femepa.org\/web\/wp-json\/wp\/v2\/comments?post=5989"}],"version-history":[{"count":0,"href":"https:\/\/femepa.org\/web\/wp-json\/wp\/v2\/posts\/5989\/revisions"}],"wp:featuredmedia":[{"embeddable":true,"href":"https:\/\/femepa.org\/web\/wp-json\/wp\/v2\/media\/41835"}],"wp:attachment":[{"href":"https:\/\/femepa.org\/web\/wp-json\/wp\/v2\/media?parent=5989"}],"wp:term":[{"taxonomy":"category","embeddable":true,"href":"https:\/\/femepa.org\/web\/wp-json\/wp\/v2\/categories?post=5989"},{"taxonomy":"post_tag","embeddable":true,"href":"https:\/\/femepa.org\/web\/wp-json\/wp\/v2\/tags?post=5989"}],"curies":[{"name":"wp","href":"https:\/\/api.w.org\/{rel}","templated":true}]}}