{"id":5994,"date":"2017-07-16T21:26:38","date_gmt":"2017-07-16T21:26:38","guid":{"rendered":"http:\/\/femepa.org\/web\/?p=5166"},"modified":"2017-07-16T21:26:38","modified_gmt":"2017-07-16T21:26:38","slug":"convocatoria-de-ayudas-a-proyectos-empresariales-de-empresas-innovadoras-programa-neotec","status":"publish","type":"post","link":"https:\/\/femepa.org\/web\/convocatoria-de-ayudas-a-proyectos-empresariales-de-empresas-innovadoras-programa-neotec\/","title":{"rendered":"Convocatoria de ayudas a proyectos empresariales de empresas innovadoras. Programa NEOTEC"},"content":{"rendered":"<p><b><span style=\"margin: 0px;font-family: 'Arial','sans-serif'\"><span style=\"color: #000000\">Beneficiarios:<\/span><\/span><\/b><span style=\"margin: 0px;font-family: 'Arial','sans-serif'\"> <b><span style=\"color: #000000\">Peque\u00f1as empresas<\/span><\/b><span style=\"color: #000000\">, con la consideraci\u00f3n de empresas <\/span><b><span style=\"color: #000000\">innovadoras<\/span><\/b><span style=\"color: #000000\"> (seg\u00fan se especifica en la convocatoria), no cotizadas, <\/span><b><span style=\"color: #000000\">constituidas como m\u00e1ximo en los tres a\u00f1os anteriores<\/span><\/b><span style=\"color: #000000\"> a la fecha de cierre del plazo de presentaci\u00f3n de solicitudes, con un <\/span><b><span style=\"color: #000000\">capital social<\/span><\/b><span style=\"color: #000000\"> m\u00ednimo, o capital social m\u00e1s prima de emisi\u00f3n o asunci\u00f3n, de <\/span><b><span style=\"color: #000000\">20.000 euros<\/span><\/b><span style=\"color: #000000\"> y que no hayan distribuido beneficios.<\/span><\/span><\/p>\n<p><b><span style=\"margin: 0px;font-family: 'Arial','sans-serif'\"><span style=\"color: #000000\">Caracter\u00edsticas de las ayudas:<\/span><\/span><\/b><span style=\"margin: 0px;font-family: 'Arial','sans-serif'\"> <b><span style=\"color: #000000\">Subvenci\u00f3n<\/span><\/b><span style=\"color: #000000\"> a fondo perdido que podr\u00e1 cubrir hasta el <\/span><b><span style=\"color: #000000\">70% del presupuesto<\/span><\/b><span style=\"color: #000000\"> de la actuaci\u00f3n, con un importe m\u00e1ximo de subvenci\u00f3n de 250.000 euros por beneficiario<\/span><\/span><\/p>\n<p><b><span style=\"margin: 0px;font-family: 'Arial','sans-serif'\"><span style=\"color: #000000\">Presupuesto m\u00ednimo de proyecto:<\/span><\/span><\/b><span style=\"margin: 0px;font-family: 'Arial','sans-serif'\"><span style=\"color: #000000\"> La actuaci\u00f3n deber\u00e1 tener un presupuesto financiable <\/span><b><span style=\"color: #000000\">m\u00ednimo de 175.000 euros<\/span><\/b><span style=\"color: #000000\">.<\/span><\/span><\/p>\n<p><b><span style=\"margin: 0px;font-family: 'Arial','sans-serif'\"><span style=\"color: #000000\">Conceptos financiables:<\/span><\/span><\/b><\/p>\n<p><span style=\"margin: 0px;font-family: 'Arial','sans-serif'\"><span style=\"color: #000000\">a) Inversiones en equipos. <\/span><\/span><\/p>\n<p><span style=\"margin: 0px;font-family: 'Arial','sans-serif'\"><span style=\"color: #000000\">b) Gastos de personal, en los t\u00e9rminos recogidos en el Anexo 1. <\/span><\/span><\/p>\n<p><span style=\"margin: 0px;font-family: 'Arial','sans-serif'\"><span style=\"color: #000000\">c) Materiales. <\/span><\/span><\/p>\n<p><span style=\"margin: 0px;font-family: 'Arial','sans-serif'\"><span style=\"color: #000000\">d) Colaboraciones externas \/ asesor\u00eda. En estos gastos se podr\u00e1 incluir el coste derivado del informe de evaluaci\u00f3n del experto o la certificaci\u00f3n del auditor externo, acreditativos del car\u00e1cter de empresa innovadora. <\/span><\/span><\/p>\n<p><span style=\"margin: 0px;font-family: 'Arial','sans-serif'\"><span style=\"color: #000000\">e) Otros costes: alquileres, suministros, c\u00e1nones y licencias, gastos de solicitud y mantenimiento de patentes y otros derechos de propiedad industrial, seguros y gastos derivados del informe de auditor referido en el art\u00edculo decimonoveno 2 de esta resoluci\u00f3n. Estos \u00faltimos tendr\u00e1n un l\u00edmite m\u00e1ximo de 2.000 euros por beneficiario y anualidad.<\/span><\/span><\/p>\n<p><span style=\"margin: 0px;font-family: 'Arial','sans-serif'\"><span style=\"color: #000000\">\u00a0<\/span><\/span><\/p>\n<p><b><span style=\"margin: 0px;font-family: 'Arial','sans-serif'\"><span style=\"color: #000000\">Plazo de presentaci\u00f3n de solicitudes:<\/span><\/span><\/b><span style=\"margin: 0px;font-family: 'Arial','sans-serif'\"><span style=\"color: #000000\"> El plazo de presentaci\u00f3n de solicitudes finaliza el <\/span><b><span style=\"color: #000000\">20 de septiembre de 2017 <\/span><\/b><span style=\"color: #000000\">(una sola fase).<\/span><\/span><\/p>\n<p><span style=\"margin: 0px;font-family: 'Arial','sans-serif'\"><span style=\"color: #000000\">\u00a0<\/span><\/span><\/p>\n<p><b><span style=\"margin: 0px;font-family: 'Arial','sans-serif'\"><span style=\"color: #000000\">Beneficiarios:<\/span><\/span><\/b><span style=\"margin: 0px;font-family: 'Arial','sans-serif'\"> <b><span style=\"color: #000000\">Peque\u00f1as empresas<\/span><\/b><span style=\"color: #000000\">, con la consideraci\u00f3n de empresas <\/span><b><span style=\"color: #000000\">innovadoras<\/span><\/b><span style=\"color: #000000\"> (seg\u00fan se especifica en la convocatoria), no cotizadas, <\/span><b><span style=\"color: #000000\">constituidas como m\u00e1ximo en los tres a\u00f1os anteriores<\/span><\/b><span style=\"color: #000000\"> a la fecha de cierre del plazo de presentaci\u00f3n de solicitudes, con un <\/span><b><span style=\"color: #000000\">capital social<\/span><\/b><span style=\"color: #000000\"> m\u00ednimo, o capital social m\u00e1s prima de emisi\u00f3n o asunci\u00f3n, de <\/span><b><span style=\"color: #000000\">20.000 euros<\/span><\/b><span style=\"color: #000000\"> y que no hayan distribuido beneficios.<\/span><\/span><\/p>\n<p><b><span style=\"margin: 0px;font-family: 'Arial','sans-serif'\"><span style=\"color: #000000\">Caracter\u00edsticas de las ayudas:<\/span><\/span><\/b><span style=\"margin: 0px;font-family: 'Arial','sans-serif'\"> <b><span style=\"color: #000000\">Subvenci\u00f3n<\/span><\/b><span style=\"color: #000000\"> a fondo perdido que podr\u00e1 cubrir hasta el <\/span><b><span style=\"color: #000000\">70% del presupuesto<\/span><\/b><span style=\"color: #000000\"> de la actuaci\u00f3n, con un importe m\u00e1ximo de subvenci\u00f3n de 250.000 euros por beneficiario<\/span><\/span><\/p>\n<p><b><span style=\"margin: 0px;font-family: 'Arial','sans-serif'\"><span style=\"color: #000000\">Presupuesto m\u00ednimo de proyecto:<\/span><\/span><\/b><span style=\"margin: 0px;font-family: 'Arial','sans-serif'\"><span style=\"color: #000000\"> La actuaci\u00f3n deber\u00e1 tener un presupuesto financiable <\/span><b><span style=\"color: #000000\">m\u00ednimo de 175.000 euros<\/span><\/b><span style=\"color: #000000\">.<\/span><\/span><\/p>\n<p><b><span style=\"margin: 0px;font-family: 'Arial','sans-serif'\"><span style=\"color: #000000\">Conceptos financiables:<\/span><\/span><\/b><\/p>\n<p><span style=\"margin: 0px;font-family: 'Arial','sans-serif'\"><span style=\"color: #000000\">a) Inversiones en equipos. <\/span><\/span><\/p>\n<p><span style=\"margin: 0px;font-family: 'Arial','sans-serif'\"><span style=\"color: #000000\">b) Gastos de personal, en los t\u00e9rminos recogidos en el Anexo 1. <\/span><\/span><\/p>\n<p><span style=\"margin: 0px;font-family: 'Arial','sans-serif'\"><span style=\"color: #000000\">c) Materiales. <\/span><\/span><\/p>\n<p><span style=\"margin: 0px;font-family: 'Arial','sans-serif'\"><span style=\"color: #000000\">d) Colaboraciones externas \/ asesor\u00eda. En estos gastos se podr\u00e1 incluir el coste derivado del informe de evaluaci\u00f3n del experto o la certificaci\u00f3n del auditor externo, acreditativos del car\u00e1cter de empresa innovadora. <\/span><\/span><\/p>\n<p><span style=\"margin: 0px;font-family: 'Arial','sans-serif'\"><span style=\"color: #000000\">e) Otros costes: alquileres, suministros, c\u00e1nones y licencias, gastos de solicitud y mantenimiento de patentes y otros derechos de propiedad industrial, seguros y gastos derivados del informe de auditor referido en el art\u00edculo decimonoveno 2 de esta resoluci\u00f3n. Estos \u00faltimos tendr\u00e1n un l\u00edmite m\u00e1ximo de 2.000 euros por beneficiario y anualidad.<\/span><\/span><\/p>\n<p><span style=\"margin: 0px;font-family: 'Arial','sans-serif'\"><span style=\"color: #000000\">\u00a0<\/span><\/span><\/p>\n<p><b><span style=\"margin: 0px;font-family: 'Arial','sans-serif'\"><span style=\"color: #000000\">Plazo de presentaci\u00f3n de solicitudes:<\/span><\/span><\/b><span style=\"margin: 0px;font-family: 'Arial','sans-serif'\"><span style=\"color: #000000\"> El plazo de presentaci\u00f3n de solicitudes finaliza el <\/span><b><span style=\"color: #000000\">20 de septiembre de 2017 <\/span><\/b><span style=\"color: #000000\">(una sola fase).<\/span><\/span><\/p>\n<p><span style=\"margin: 0px;font-family: 'Arial','sans-serif'\"><span style=\"color: #000000\">\u00a0<\/span><\/span><\/p>\n","protected":false},"excerpt":{"rendered":"<p>Beneficiarios: Peque\u00f1as empresas, con la consideraci\u00f3n de empresas innovadoras (seg\u00fan se especifica en la convocatoria), no cotizadas, constituidas como m\u00e1ximo en los tres a\u00f1os anteriores a la fecha de cierre del plazo de presentaci\u00f3n de solicitudes, con un capital social m\u00ednimo, o capital social m\u00e1s prima de emisi\u00f3n o asunci\u00f3n, de 20.000 euros y que [&hellip;]<\/p>\n","protected":false},"author":4,"featured_media":41841,"comment_status":"closed","ping_status":"closed","sticky":false,"template":"","format":"standard","meta":{"_acf_changed":false,"rs_blank_template":"","rs_page_bg_color":"","slide_template_v7":"","footnotes":""},"categories":[1],"tags":[185,174,186,187],"class_list":["post-5994","post","type-post","status-publish","format-standard","has-post-thumbnail","hentry","category-sin-categoria","tag-ayudas","tag-empresas","tag-neotec","tag-subvencion"],"acf":[],"_links":{"self":[{"href":"https:\/\/femepa.org\/web\/wp-json\/wp\/v2\/posts\/5994","targetHints":{"allow":["GET"]}}],"collection":[{"href":"https:\/\/femepa.org\/web\/wp-json\/wp\/v2\/posts"}],"about":[{"href":"https:\/\/femepa.org\/web\/wp-json\/wp\/v2\/types\/post"}],"author":[{"embeddable":true,"href":"https:\/\/femepa.org\/web\/wp-json\/wp\/v2\/users\/4"}],"replies":[{"embeddable":true,"href":"https:\/\/femepa.org\/web\/wp-json\/wp\/v2\/comments?post=5994"}],"version-history":[{"count":0,"href":"https:\/\/femepa.org\/web\/wp-json\/wp\/v2\/posts\/5994\/revisions"}],"wp:featuredmedia":[{"embeddable":true,"href":"https:\/\/femepa.org\/web\/wp-json\/wp\/v2\/media\/41841"}],"wp:attachment":[{"href":"https:\/\/femepa.org\/web\/wp-json\/wp\/v2\/media?parent=5994"}],"wp:term":[{"taxonomy":"category","embeddable":true,"href":"https:\/\/femepa.org\/web\/wp-json\/wp\/v2\/categories?post=5994"},{"taxonomy":"post_tag","embeddable":true,"href":"https:\/\/femepa.org\/web\/wp-json\/wp\/v2\/tags?post=5994"}],"curies":[{"name":"wp","href":"https:\/\/api.w.org\/{rel}","templated":true}]}}