{"id":5995,"date":"2017-07-16T21:31:58","date_gmt":"2017-07-16T21:31:58","guid":{"rendered":"http:\/\/femepa.org\/web\/?p=5169"},"modified":"2017-07-16T21:31:58","modified_gmt":"2017-07-16T21:31:58","slug":"jornadas-sobre-el-nuevo-reglamento-de-instalaciones-de-proteccion-contra-incendios-impartidas-por-bureau-veritas","status":"publish","type":"post","link":"https:\/\/femepa.org\/web\/jornadas-sobre-el-nuevo-reglamento-de-instalaciones-de-proteccion-contra-incendios-impartidas-por-bureau-veritas\/","title":{"rendered":"JORNADAS SOBRE EL NUEVO REGLAMENTO DE INSTALACIONES DE PROTECCI\u00d3N CONTRA INCENDIOS  IMPARTIDAS POR BUREAU VERITAS"},"content":{"rendered":"<p><span style=\"color: #000000;font-family: Times New Roman\">En referencia al recientemente publicado <\/span><b><span style=\"color: #000000;font-family: Times New Roman\">Reglamento de instalaciones de protecci\u00f3n contra incendios,<\/span><\/b><span style=\"color: #000000;font-family: Times New Roman\"> (Real Decreto 513\/2017, de 22 de mayo) <\/span><a href=\"https:\/\/www.boe.es\/boe\/dias\/2017\/06\/12\/pdfs\/BOE-A-2017-6606.pdf\">https:\/\/www.boe.es\/boe\/dias\/2017\/06\/12\/pdfs\/BOE-A-2017-6606.pdf<\/a><span style=\"color: #000000;font-family: Times New Roman\">, y con intenci\u00f3n de tratar de dar respuestas a las cuestiones generadas en lo referente a dicha normativa<\/span><a name=\"_Hlk482687824\"><\/a><b>,<\/b> <b>FEMEPA en colaboraci\u00f3n con BUREAU VERITAS<\/b> ha organizado unas jornadas t\u00e9cnicas con el siguiente calendario;<\/p>\n<p><b><span style=\"margin: 0px;font-family: 'Times New Roman','serif';font-size: 12pt\"><span style=\"color: #000000\">\u00a0<\/span><\/span><\/b><\/p>\n<p><b><span style=\"margin: 0px;font-family: 'Times New Roman','serif';font-size: 12pt\"><span style=\"color: #000000\">-LAS PALMAS DE G.C.: <\/span><u><span style=\"color: #000000\">Mi\u00e9rcoles 19 de Julio \u2013 18.00h.<\/span><\/u><span style=\"color: #000000\"> en el Sal\u00f3n de Actos de FEMEPA en Las Palmas de G.C., C.\/ Le\u00f3n y Castillo, N\u00ba89-4\u00aa).<\/span><\/span><\/b><\/p>\n<p><span style=\"margin: 0px;font-family: 'Times New Roman','serif';font-size: 12pt\"><span style=\"color: #000000\">\u00a0<\/span><\/span><\/p>\n<p><b><span style=\"margin: 0px;font-family: 'Times New Roman','serif';font-size: 12pt\"><span style=\"color: #000000\">-FUERTEVENTURA: <\/span><u><span style=\"color: #000000\">Jueves 20 de Julio \u2013 18.00h. <\/span><\/u><span style=\"color: #000000\">\u00a0en la Sala Juan Ismael, C.\/Almirante Lallermand, N\u00ba30 de Puerto del Rosario.<\/span><\/span><\/b><\/p>\n<p><b><span style=\"margin: 0px;font-family: 'Times New Roman','serif';font-size: 12pt\"><span style=\"color: #000000\">\u00a0<\/span><\/span><\/b><\/p>\n<p><b><span style=\"margin: 0px;font-family: 'Times New Roman','serif';font-size: 12pt\"><span style=\"color: #000000\">-LANZAROTE:<\/span><u><span style=\"color: #000000\"> Martes 25 de Julio \u2013 18.00h.<\/span><\/u><span style=\"color: #000000\"> , Biblioteca publica del Cabildo de Lanzarote en Arrecife<\/span><\/span><\/b><b><span style=\"margin: 0px;font-family: 'Times New Roman','serif';font-size: 12pt\"><span style=\"color: #000000\">.<\/span><\/span><\/b><\/p>\n<p><span style=\"color: #000000;font-family: Calibri\">\u00a0<\/span><\/p>\n<p><span style=\"margin: 0px;font-family: 'Times New Roman','serif';font-size: 12pt\"><span style=\"color: #000000\">En este sentido lo que se pretende con estas jornadas es formar e informar a nuestras empresas de los aspectos mas destacables de esta nueva Normativa y resaltar las diferencias con la anterior reglamentaci\u00f3n.<\/span><\/span><\/p>\n<p><span style=\"margin: 0px;font-family: 'Times New Roman','serif';font-size: 12pt\"><span style=\"color: #000000\">\u00a0<\/span><\/span><\/p>\n<p><span style=\"margin: 0px;font-family: 'Times New Roman','serif';font-size: 12pt\"><span style=\"color: #000000\">Durante este mismo encuentro se aprovechar\u00e1 la ocasi\u00f3n para informar sobre el acuerdo que se ha firmado con la empresa BUREAU VERITAS para la certificaci\u00f3n de las empresas en lo referente a certificados de calidad, exigibles a todas aquellas empresas dedicadas a esta actividad; as\u00ed como el <\/span><b><u><span style=\"color: #000000\">SERVICIO DE FEMEPA de implantaci\u00f3n de sistemas de calidad<\/span><\/u><\/b><span style=\"color: #000000\"> exclusivo en nuestras empresas asociadas.<\/span><\/span><\/p>\n<p><span style=\"margin: 0px;font-family: 'Times New Roman','serif';font-size: 12pt\"><span style=\"color: #000000\">\u00a0<\/span><\/span><\/p>\n<p><span style=\"margin: 0px;font-family: 'Times New Roman','serif';font-size: 12pt\"><span style=\"color: #000000\">Dado que la asistencia es limitada, en caso de estar interesado en acudir a la misma, rogamos confirme su asistencia a la mayor brevedad a D\u00f1a. M\u00aa Eugenia Artiles, en el tel\u00e9fono 928 29.61.61 ext. 563 o bien a la direcci\u00f3n de correo electr\u00f3nico <\/span><\/span><a><span style=\"margin: 0px;font-family: 'Times New Roman','serif';font-size: 12pt\">maria.artiles@femepa.es<\/span><\/a><\/p>\n<p><span style=\"margin: 0px;font-family: 'Times New Roman','serif';font-size: 12pt\"><span style=\"color: #000000\">\u00a0<\/span><\/span><\/p>\n","protected":false},"excerpt":{"rendered":"<p>En referencia al recientemente publicado Reglamento de instalaciones de protecci\u00f3n contra incendios, (Real Decreto 513\/2017, de 22 de mayo) https:\/\/www.boe.es\/boe\/dias\/2017\/06\/12\/pdfs\/BOE-A-2017-6606.pdf, y con intenci\u00f3n de tratar de dar respuestas a las cuestiones generadas en lo referente a dicha normativa, FEMEPA en colaboraci\u00f3n con BUREAU VERITAS ha organizado unas jornadas t\u00e9cnicas con el siguiente calendario; \u00a0 -LAS [&hellip;]<\/p>\n","protected":false},"author":4,"featured_media":41842,"comment_status":"closed","ping_status":"closed","sticky":false,"template":"","format":"standard","meta":{"_acf_changed":false,"rs_blank_template":"","rs_page_bg_color":"","slide_template_v7":"","footnotes":""},"categories":[1],"tags":[188,189,190,191,192],"class_list":["post-5995","post","type-post","status-publish","format-standard","has-post-thumbnail","hentry","category-sin-categoria","tag-bureau","tag-charlas","tag-incendios","tag-normativa","tag-veritas"],"acf":[],"_links":{"self":[{"href":"https:\/\/femepa.org\/web\/wp-json\/wp\/v2\/posts\/5995","targetHints":{"allow":["GET"]}}],"collection":[{"href":"https:\/\/femepa.org\/web\/wp-json\/wp\/v2\/posts"}],"about":[{"href":"https:\/\/femepa.org\/web\/wp-json\/wp\/v2\/types\/post"}],"author":[{"embeddable":true,"href":"https:\/\/femepa.org\/web\/wp-json\/wp\/v2\/users\/4"}],"replies":[{"embeddable":true,"href":"https:\/\/femepa.org\/web\/wp-json\/wp\/v2\/comments?post=5995"}],"version-history":[{"count":0,"href":"https:\/\/femepa.org\/web\/wp-json\/wp\/v2\/posts\/5995\/revisions"}],"wp:featuredmedia":[{"embeddable":true,"href":"https:\/\/femepa.org\/web\/wp-json\/wp\/v2\/media\/41842"}],"wp:attachment":[{"href":"https:\/\/femepa.org\/web\/wp-json\/wp\/v2\/media?parent=5995"}],"wp:term":[{"taxonomy":"category","embeddable":true,"href":"https:\/\/femepa.org\/web\/wp-json\/wp\/v2\/categories?post=5995"},{"taxonomy":"post_tag","embeddable":true,"href":"https:\/\/femepa.org\/web\/wp-json\/wp\/v2\/tags?post=5995"}],"curies":[{"name":"wp","href":"https:\/\/api.w.org\/{rel}","templated":true}]}}