{"id":5996,"date":"2017-07-16T21:39:42","date_gmt":"2017-07-16T21:39:42","guid":{"rendered":"http:\/\/femepa.org\/web\/?p=5172"},"modified":"2017-07-16T21:39:42","modified_gmt":"2017-07-16T21:39:42","slug":"conclusiones-positivas-de-la-cce-sobre-el-informe-de-coyuntura-socioeconomica","status":"publish","type":"post","link":"https:\/\/femepa.org\/web\/conclusiones-positivas-de-la-cce-sobre-el-informe-de-coyuntura-socioeconomica\/","title":{"rendered":"Conclusiones positivas de la CCE sobre el Informe de Coyuntura Socioecon\u00f3mica"},"content":{"rendered":"<p>La <strong>econom\u00eda mundial<\/strong> est\u00e1 comenzando a emitir se\u00f1ales de aceleraci\u00f3n. As\u00ed lo avalan las estimaciones m\u00e1s recientes, elaboradas por el servicio de estudios de Caixabank, que apuntan a que en el primer semestre del presente a\u00f1o cerr\u00f3 con un crecimiento interanual del 3,4%, tres d\u00e9cimas por encima del dato con que se cerr\u00f3 2016.<\/p>\n<p>La pol\u00edtica monetaria acomodaticia en la mayor\u00eda de los pa\u00edses avanzados y la moderada recuperaci\u00f3n de los precios de las materias primas impulsan este proceso de expansi\u00f3n, en un escenario de mejor\u00eda de la actividad econ\u00f3mica y de los principales indicadores de confianza.<\/p>\n<p>En lo que respecta a <strong>Estados Unidos<\/strong>, los indicadores de actividad confirman la fortaleza de la expansi\u00f3n de la econom\u00eda y la solidez del mercado laboral estadounidense, que continu\u00f3 creando empleo durante el mes de junio, con 222.000 nuevos puestos de trabajo.<\/p>\n<p>En este contexto, el aumento del PIB del primer trimestre del a\u00f1o volvi\u00f3 a revisarse al alza, situ\u00e1ndose en un 2,1% interanual (una d\u00e9cima m\u00e1s).<\/p>\n<p>Por su parte, las <strong>econom\u00edas emergentes<\/strong> mantienen una buena trayectoria en su actividad econ\u00f3mica, recibiendo adem\u00e1s, durante el pasado mes de junio, importantes entradas de capital extranjero.<\/p>\n<p>Dentro de este grupo destaca la <strong>econom\u00eda china<\/strong>, que ha exhibido un buen ritmo de crecimiento econ\u00f3mico durante el segundo trimestre del a\u00f1o, aunque deber\u00e1 consolidarse el cambio de estructura productiva en el que est\u00e1 embarcada para no condicionar su crecimiento a medio y largo plazo, sin perder de vista el riesgo que sigue entra\u00f1ando el elevado endeudamiento corporativo existente.<\/p>\n<p>Adem\u00e1s, la econom\u00eda de <strong>Brasil<\/strong> anot\u00f3, al t\u00e9rmino del primer trimestre de 2017, un incremento trimestral del PIB del 1,0%, lo que se traduce en el primer resultado positivo desde el a\u00f1o 2014. Esta progresi\u00f3n se fundamenta, principalmente, en la buena marcha de las exportaciones, aunque no hay que olvidar la elevada incertidumbre pol\u00edtica en la que est\u00e1 inmersa el pa\u00eds.<\/p>\n<p>En lo que se refiere a la <strong>eurozona<\/strong>, la demanda interna, especialmente el consumo privado, contin\u00faa reforzando el crecimiento del \u00e1rea, que cierra el primer trimestre con un aumento trimestral del PIB del 0,6% (+1,9% interanual), alentado por un mercado laboral que sigue reflejando una tendencia positiva.<\/p>\n<p>Centrando ahora nuestro an\u00e1lisis en los datos de la <strong>econom\u00eda espa\u00f1ola<\/strong>, el Gobierno public\u00f3 recientemente una nueva revisi\u00f3n de sus previsiones de crecimiento, situando la proyecci\u00f3n en el 3,0% (tres d\u00e9cimas m\u00e1s) para 2017, y en el 2,6% para 2018 (una d\u00e9cima m\u00e1s).<\/p>\n<p>Esta evoluci\u00f3n estar\u00eda sustentada en la progresi\u00f3n de la demanda interna, y en la aportaci\u00f3n del sector exterior y la inversi\u00f3n.<\/p>\n<p>Asimismo, en el mercado laboral se observa que el n\u00famero de afiliados medios a la Seguridad Social anot\u00f3 durante el pasado mes de junio un aumento mensual del 0,48%, lo que equivale a 87.692 nuevas altas en comparaci\u00f3n con el mes anterior.<\/p>\n<p>En t\u00e9rminos interanuales, la afiliaci\u00f3n media a la Seguridad Social experiment\u00f3 una elevaci\u00f3n del 3,79%, contabilizando un total de 672.835 afiliados adicionales con respecto a junio de 2016.<\/p>\n<p>Por su parte, el paro registrado se redujo un 2,84% con respecto al mes anterior, lo que implica 98.317 desempleados menos que en mayo, mientras que, en t\u00e9rminos interanuales, este apunt\u00f3 una minoraci\u00f3n del 10,73% hasta alcanzar la cantidad total de 3.362.811 personas en situaci\u00f3n de desempleo al cierre del mes de junio.<\/p>\n<p>Atendiendo a continuaci\u00f3n a los resultados m\u00e1s recientes relativos a la <strong>econom\u00eda canaria<\/strong>, se observa que el proceso de recuperaci\u00f3n contin\u00faa su avance.<\/p>\n<p>En esta l\u00ednea, los resultados del mercado laboral canario correspondientes al pasado mes de junio, muestran que el n\u00famero de afiliados medios a la Seguridad Social observ\u00f3 un incremento mensual del 0,19% (1.445 altas adicionales), mientras que el paro registrado cay\u00f3 un 1,20% (2.670 demandantes menos) en relaci\u00f3n con el pasado mes de mayo.<\/p>\n<p>En comparaci\u00f3n con los resultados de hace un a\u00f1o, la afiliaci\u00f3n media ascendi\u00f3 un 5,65%, lo que se traduce en un total de 40.632 nuevas altas, de las que 34.179 se localizaron en conjunto de los servicios.<\/p>\n<p>En cuanto al paro registrado, se apreci\u00f3 un descenso interanual del 7,09%, lo que supone, en t\u00e9rminos absolutos, 16.797 desempleados menos que en el mismo mes del pasado a\u00f1o, con lo que la cifra total de parados alcanz\u00f3 al t\u00e9rmino del mes de junio los 220.079 efectivos.<\/p>\n<p>Si analizamos el comportamiento del paro registrado por sectores de actividad, se aprecia que todos vieron reducida su cantidad de desempleados, destacando especialmente los servicios, donde se apunt\u00f3 una reducci\u00f3n de 11.406 parados que equivale, en t\u00e9rminos relativos, a una minoraci\u00f3n del 6,46% interanual.<\/p>\n<p>Tras estos, se situaron la construcci\u00f3n, con 4.941 demandantes menos (-17,21%), y el sector industrial, donde el paro retrocedi\u00f3 en 986 personas (-10,02%) en comparaci\u00f3n con los datos de junio de 2016. Adem\u00e1s, la agricultura tambi\u00e9n registr\u00f3 una contracci\u00f3n interanual de 833 efectivos (-14,36%) en situaci\u00f3n de desempleo.<\/p>\n<p>En cambio, el colectivo \u201cSin Actividad Econ\u00f3mica\u201d describi\u00f3 un repunte interanual de 1.369 demandantes adicionales (+8,51%), lo que en parte viene condicionado por la mejor\u00eda de las expectativas econ\u00f3micas, que impulsan la incorporaci\u00f3n de nuevos efectivos al mercado laboral.<\/p>\n<p>A la luz de estos resultados, se confirma la tendencia de recuperaci\u00f3n que viene registr\u00e1ndose en el mercado laboral de Canarias durante los \u00faltimos meses, en un escenario en el que la demanda y la actividad econ\u00f3mica de las Islas arrojan resultados positivos, especialmente el sector tur\u00edstico.<\/p>\n<p>Durante el mes de junio, el n\u00famero de turistas extranjeros entrados en el Archipi\u00e9lago super\u00f3 en un 11,1% la cifra observada durante el mismo mes del ejercicio precedente, lo que se traduce en la llegada de 105.405 visitantes for\u00e1neos adicionales. En t\u00e9rminos acumulados, al cierre del pasado junio se apreci\u00f3 un repunte del 9,6%, con lo que se contabilizaron 617.133 viajeros extranjeros m\u00e1s que en el mismo periodo del ejercicio anterior.<\/p>\n<p>En este sentido, los datos m\u00e1s recientes de las encuestas sobre alojamientos tur\u00edsticos de Canarias, elaboradas por el INE, que corresponden al pasado mes de mayo, muestran que la cantidad de viajeros alojados en los establecimientos tur\u00edsticos reglados de las Islas se increment\u00f3 un 2,4% interanual, lo que implica un total de 23.934 visitantes m\u00e1s que hace un a\u00f1o, registr\u00e1ndose en junio un ascenso acumulado del 4,0%, 208.919 turistas adicionales.<\/p>\n<p>En cuanto a las pernoctaciones, se experiment\u00f3 un avance interanual del 2,9%, lo que supone un total de 209.298 noches adicionales en comparaci\u00f3n con el dato registrado en mayo de 2016. En lo que va de a\u00f1o, las pernoctaciones han apuntado un avance acumulado del 3,1%, lo que equivale a 1.235.312\u00a0 noches m\u00e1s en comparaci\u00f3n con las anotadas entre enero y mayo del ejercicio precedente.<\/p>\n<p>El gasto tur\u00edstico, al igual que en meses anteriores, contin\u00faa ofreciendo resultados positivos, apreciando un crecimiento interanual del 14,0%, lo que supone contabilizar la cantidad de 1.118,97 millones de euros en el mes de mayo, acumulando en lo que va de ejercicio un total de 6.794,23 millones de euros, un 13,1% m\u00e1s que en el mismo periodo del a\u00f1o anterior.<\/p>\n<p>Otros indicadores relevantes de la demanda interna contin\u00faan mostrando un comportamiento positivo.<\/p>\n<p>As\u00ed, a lo largo del mes de mayo, el \u00edndice de comercio al por menor observ\u00f3 un crecimiento del 5,5% interanual, mientras que, por su parte, la matriculaci\u00f3n de veh\u00edculos acumul\u00f3 entre enero y mayo un ascenso del 10,1%, destacando la venta de veh\u00edculos de uso empresarial, que se elev\u00f3 un 18,3%, adem\u00e1s de la matriculaci\u00f3n de veh\u00edculos particulares, que anot\u00f3 un avance acumulado del 11,9 por ciento. Por el contrario, la matriculaci\u00f3n de veh\u00edculos destinados a alquiler apunt\u00f3 una disminuci\u00f3n, en t\u00e9rminos acumulados, del 3,2%, con respecto al mismo periodo de 2016.<\/p>\n<p>Por otro lado, el tr\u00e1fico portuario total de los puertos adscritos a la Autoridad Portuaria de Las Palmas observ\u00f3 en el transcurso del mes de mayo una elevaci\u00f3n del 10,8% en comparaci\u00f3n con el dato estimado hace un a\u00f1o, acumulando durante los cinco primeros meses de 2017 un ascenso del 13,7%, dentro de un contexto de recuperaci\u00f3n de los tr\u00e1ficos de mercanc\u00edas en tr\u00e1nsito.<\/p>\n<p>En materia de precios, el \u00cdndice de Precios de Consumo describi\u00f3 durante el mes de junio un aumento mensual del 0,1%, frente a la variaci\u00f3n nula apreciada en el conjunto del pa\u00eds, debido a que la elevaci\u00f3n de los precios en la mayor\u00eda de los grupos compens\u00f3 el descenso de \u201cVestido y calzado\u201d (-1,5%), tras el adelantamiento del periodo de rebajas.<\/p>\n<p>En t\u00e9rminos interanuales, los precios repuntaron un 1,7% interanual, dos d\u00e9cimas por encima del ascenso anotado en el \u00e1mbito nacional (+1,5%). El comportamiento mostrado por los precios obedece, fundamentalmente, al efecto de los grupos \u201cVivienda\u201d (+3,2%) -bajo la influencia del subgrupo \u201cElectricidad, gas y otros combustibles\u201d (+9,7%)- y de \u201cTransporte\u201d (+3,2%), en un escenario condicionado por el incremento de los precios del grupo especial \u201cCarburantes y combustibles\u201d (+3,8%).<\/p>\n<p>La inflaci\u00f3n subyacente, aquella que descuenta el efecto sobre los precios de los productos energ\u00e9ticos y los alimentos no elaborados, volvi\u00f3 a situarse en terreno positivo y se elev\u00f3 un 1,2% interanual, el mismo resultado que en el conjunto del Estado.<\/p>\n<p>En virtud de estos datos, todo parece indicar que la recuperaci\u00f3n se consolida en Canarias, por lo que resulta previsible que la trayectoria de crecimiento siga manteni\u00e9ndose durante los pr\u00f3ximos meses, al abrigo de la solidez del consumo y del dinamismo de la actividad tur\u00edstica.<\/p>\n","protected":false},"excerpt":{"rendered":"<p>La econom\u00eda mundial est\u00e1 comenzando a emitir se\u00f1ales de aceleraci\u00f3n. As\u00ed lo avalan las estimaciones m\u00e1s recientes, elaboradas por el servicio de estudios de Caixabank, que apuntan a que en el primer semestre del presente a\u00f1o cerr\u00f3 con un crecimiento interanual del 3,4%, tres d\u00e9cimas por encima del dato con que se cerr\u00f3 2016. La [&hellip;]<\/p>\n","protected":false},"author":4,"featured_media":41847,"comment_status":"closed","ping_status":"closed","sticky":false,"template":"","format":"standard","meta":{"_acf_changed":false,"rs_blank_template":"","rs_page_bg_color":"","slide_template_v7":"","footnotes":""},"categories":[1],"tags":[193,194,195,196],"class_list":["post-5996","post","type-post","status-publish","format-standard","has-post-thumbnail","hentry","category-sin-categoria","tag-ccl","tag-coyuntura-economica","tag-estudio","tag-informe"],"acf":[],"_links":{"self":[{"href":"https:\/\/femepa.org\/web\/wp-json\/wp\/v2\/posts\/5996","targetHints":{"allow":["GET"]}}],"collection":[{"href":"https:\/\/femepa.org\/web\/wp-json\/wp\/v2\/posts"}],"about":[{"href":"https:\/\/femepa.org\/web\/wp-json\/wp\/v2\/types\/post"}],"author":[{"embeddable":true,"href":"https:\/\/femepa.org\/web\/wp-json\/wp\/v2\/users\/4"}],"replies":[{"embeddable":true,"href":"https:\/\/femepa.org\/web\/wp-json\/wp\/v2\/comments?post=5996"}],"version-history":[{"count":0,"href":"https:\/\/femepa.org\/web\/wp-json\/wp\/v2\/posts\/5996\/revisions"}],"wp:featuredmedia":[{"embeddable":true,"href":"https:\/\/femepa.org\/web\/wp-json\/wp\/v2\/media\/41847"}],"wp:attachment":[{"href":"https:\/\/femepa.org\/web\/wp-json\/wp\/v2\/media?parent=5996"}],"wp:term":[{"taxonomy":"category","embeddable":true,"href":"https:\/\/femepa.org\/web\/wp-json\/wp\/v2\/categories?post=5996"},{"taxonomy":"post_tag","embeddable":true,"href":"https:\/\/femepa.org\/web\/wp-json\/wp\/v2\/tags?post=5996"}],"curies":[{"name":"wp","href":"https:\/\/api.w.org\/{rel}","templated":true}]}}