{"id":6011,"date":"2017-09-04T13:42:45","date_gmt":"2017-09-04T13:42:45","guid":{"rendered":"http:\/\/femepa.org\/web\/?p=5311"},"modified":"2017-09-04T13:42:45","modified_gmt":"2017-09-04T13:42:45","slug":"vuelve-fi2-el-mayor-foro-de-innovacion-de-canarias","status":"publish","type":"post","link":"https:\/\/femepa.org\/web\/vuelve-fi2-el-mayor-foro-de-innovacion-de-canarias\/","title":{"rendered":"Vuelve fi2, el mayor Foro de Innovaci\u00f3n de Canarias"},"content":{"rendered":"<p>Vuelve fi2, el mayor Foro de Innovaci\u00f3n de Canarias, este a\u00f1o conjuntamente con el Foro de Competitividad tur\u00edstica. El \u00e1rea Tenerife 2030 del Cabildo de Tenerife, a trav\u00e9s del parque cient\u00edfico y tecnol\u00f3gico INtech Tenerife, y el cl\u00faster de innovaci\u00f3n tur\u00edstica Turisfera suman fuerzas en este 2017.<\/p>\n<p>El Foro tendr\u00e1 lugar los d\u00edas 26 y 27 de septiembre en el Recinto Ferial de Tenerife. Coincidiendo con el A\u00f1o Internacional del Turismo Sostenible para el Desarrollo y con el D\u00eda del Turismo, esta importante cita anual tendr\u00e1 como ejes conductores las novedades y estrategias de competitividad tur\u00edstica, as\u00ed como la sostenibilidad como condicionante en el crecimiento del sector.<\/p>\n<p>Reserva las fechas en tu agenda y solicita ya tu espacio\/stand en la zona de expositores inscribi\u00e9ndote en este enlace: <a href=\"https:\/\/goo.gl\/9pJLdN\"><span style=\"margin: 0px;font-family: 'Helvetica','sans-serif';font-size: 10pt\">https:\/\/goo.gl\/9pJLdN<\/span><\/a><\/p>\n<p>&nbsp;<\/p>\n<p>Para m\u00e1s informaci\u00f3n puede contactar a trav\u00e9s del correo de fi2 (<a>fi2@intechtenerife.es<\/a>) o al tel\u00e9fono 822 028 587<\/p>\n<p>&nbsp;<\/p>\n","protected":false},"excerpt":{"rendered":"<p>Vuelve fi2, el mayor Foro de Innovaci\u00f3n de Canarias, este a\u00f1o conjuntamente con el Foro de Competitividad tur\u00edstica. El \u00e1rea Tenerife 2030 del Cabildo de Tenerife, a trav\u00e9s del parque cient\u00edfico y tecnol\u00f3gico INtech Tenerife, y el cl\u00faster de innovaci\u00f3n tur\u00edstica Turisfera suman fuerzas en este 2017. El Foro tendr\u00e1 lugar los d\u00edas 26 y [&hellip;]<\/p>\n","protected":false},"author":4,"featured_media":41862,"comment_status":"closed","ping_status":"closed","sticky":false,"template":"","format":"standard","meta":{"_acf_changed":false,"rs_blank_template":"","rs_page_bg_color":"","slide_template_v7":"","footnotes":""},"categories":[1],"tags":[],"class_list":["post-6011","post","type-post","status-publish","format-standard","has-post-thumbnail","hentry","category-sin-categoria"],"acf":[],"_links":{"self":[{"href":"https:\/\/femepa.org\/web\/wp-json\/wp\/v2\/posts\/6011","targetHints":{"allow":["GET"]}}],"collection":[{"href":"https:\/\/femepa.org\/web\/wp-json\/wp\/v2\/posts"}],"about":[{"href":"https:\/\/femepa.org\/web\/wp-json\/wp\/v2\/types\/post"}],"author":[{"embeddable":true,"href":"https:\/\/femepa.org\/web\/wp-json\/wp\/v2\/users\/4"}],"replies":[{"embeddable":true,"href":"https:\/\/femepa.org\/web\/wp-json\/wp\/v2\/comments?post=6011"}],"version-history":[{"count":0,"href":"https:\/\/femepa.org\/web\/wp-json\/wp\/v2\/posts\/6011\/revisions"}],"wp:featuredmedia":[{"embeddable":true,"href":"https:\/\/femepa.org\/web\/wp-json\/wp\/v2\/media\/41862"}],"wp:attachment":[{"href":"https:\/\/femepa.org\/web\/wp-json\/wp\/v2\/media?parent=6011"}],"wp:term":[{"taxonomy":"category","embeddable":true,"href":"https:\/\/femepa.org\/web\/wp-json\/wp\/v2\/categories?post=6011"},{"taxonomy":"post_tag","embeddable":true,"href":"https:\/\/femepa.org\/web\/wp-json\/wp\/v2\/tags?post=6011"}],"curies":[{"name":"wp","href":"https:\/\/api.w.org\/{rel}","templated":true}]}}