{"id":6015,"date":"2017-09-06T16:18:43","date_gmt":"2017-09-06T16:18:43","guid":{"rendered":"http:\/\/femepa.org\/web\/?p=5324"},"modified":"2017-09-06T16:18:43","modified_gmt":"2017-09-06T16:18:43","slug":"programa-crea-tu-empresa-innovadora","status":"publish","type":"post","link":"https:\/\/femepa.org\/web\/programa-crea-tu-empresa-innovadora\/","title":{"rendered":"Programa CREA TU EMPRESA INNOVADORA"},"content":{"rendered":"<h3><span style=\"margin: 0px; color: #ff9900; font-family: 'Arial','sans-serif';\"><span style=\"font-size: large;\">CREA TU EMPRESA INNOVADORA<\/span><\/span><\/h3>\n<p><span style=\"margin: 0px; color: #444444; font-family: 'Arial','sans-serif'; font-size: 11.5pt;\">\u201c<b>Crea tu empresa innovadora<\/b>\u201d tiene como objetivo apoyarte en la detecci\u00f3n de oportunidades de negocio y desarrollo de iniciativas empresariales innovadoras que pueden suponer para ti una interesante alternativa al empleo por cuenta ajena. <\/span><\/p>\n<p><b><span style=\"margin: 0px; color: #ff9900; font-family: 'Arial','sans-serif'; font-size: 13.5pt;\">Descripci\u00f3n<\/span><\/b><\/p>\n<p><span style=\"margin: 0px; color: #444444; font-family: 'Arial','sans-serif'; font-size: 11.5pt;\">Mediante una serie de acciones de <b>formaci\u00f3n, mentoring individual, visitas a empresas y acceso a espacios de co-working<\/b>, te ayudamos a desarrollar competencias emprendedoras, detectar oportunidades, idear soluciones y desarrollar proyectos innovadores. <\/span><\/p>\n<p><b><span style=\"margin: 0px; color: #ff9900; font-family: 'Arial','sans-serif'; font-size: 13.5pt;\">Dirigido a<\/span><\/b><\/p>\n<p><span style=\"margin: 0px; color: #444444; font-family: 'Arial','sans-serif'; font-size: 11.5pt;\">Toda <b>persona con o sin idea de negocio<\/b>, preferentemente demandante de empleo, interesada en explorar nuevas oportunidades en los sectores prioritarios de econom\u00eda azul, econom\u00eda verde e innovaci\u00f3n social, as\u00ed como en las tecnolog\u00edas de la informaci\u00f3n y comunicaci\u00f3n, como elemento transversal. Si no tienes claro si tu perfil, motivaci\u00f3n y\/o disponibilidad horaria se adapta a los criterios de nuestro programa, <b>no dudes en contactar con nosotros y te asesoramos. <\/b><\/span><b><span style=\"margin: 0px; color: #444444; font-family: 'Arial','sans-serif'; font-size: 10pt;\">\u00a0<\/span><\/b><\/p>\n<p><b><span style=\"margin: 0px; color: #1f497d; font-family: 'Calibri','sans-serif'; font-size: 11pt;\">\u00a0<\/span><\/b><\/p>\n<p><b><span style=\"margin: 0px; color: #ff9900; font-family: 'Arial','sans-serif'; font-size: 13.5pt;\">Matr\u00edcula gratuita<\/span><\/b><\/p>\n<p><span style=\"margin: 0px; color: #1f497d; font-family: 'Calibri','sans-serif'; font-size: 11pt;\">\u00a0<\/span><\/p>\n<p><span style=\"margin: 0px; color: #444444; font-family: 'Arial','sans-serif'; font-size: 11.5pt;\">La matr\u00edcula es gratuita. El programa est\u00e1 financiado por el Fondo Social Europeo (FSE), la Fundaci\u00f3n INCYDE y la FCPCT de la ULPGC. <\/span><\/p>\n<p><span style=\"margin: 0px; color: #444444; font-family: 'Arial','sans-serif'; font-size: 11.5pt;\">\u00a0<\/span><\/p>\n<p><b><span style=\"margin: 0px; color: #ff9900; font-family: 'Arial','sans-serif'; font-size: 13.5pt;\">Fechas<\/span><\/b><\/p>\n<p><span style=\"margin: 0px; color: #444444; font-family: 'Arial','sans-serif'; font-size: 11.5pt;\">\u00a0<\/span><\/p>\n<p><b><span style=\"margin: 0px; color: #444444; font-family: 'Arial','sans-serif'; font-size: 11.5pt;\">Del 25 de septiembre al 20 de noviembre de 2017.<\/span><\/b><\/p>\n<p><span style=\"margin: 0px; color: #444444; font-family: 'Arial','sans-serif'; font-size: 11.5pt;\">\u00a0<\/span><\/p>\n<p><b><span style=\"margin: 0px; color: #ff9900; font-family: 'Arial','sans-serif'; font-size: 13.5pt;\">Horario<\/span><\/b><\/p>\n<p><span style=\"margin: 0px; color: #444444; font-family: 'Arial','sans-serif'; font-size: 11.5pt;\">\u00a0<\/span><\/p>\n<p><span style=\"margin: 0px; color: #444444; font-family: 'Arial','sans-serif'; font-size: 11.5pt;\">Lunes, martes y mi\u00e9rcoles, de 9:30 h. a 13:30 h<\/span> <span style=\"margin: 0px; color: #262626; font-family: 'Arial','sans-serif'; font-size: 11.5pt;\">(salvo alguna excepci\u00f3n)<\/span><\/p>\n<p><span style=\"margin: 0px; color: #444444; font-family: 'Arial','sans-serif'; font-size: 11.5pt;\">\u00a0<\/span><\/p>\n<p><b><span style=\"margin: 0px; color: #ff9900; font-family: 'Arial','sans-serif'; font-size: 13.5pt;\">Lugar de impartici\u00f3n<\/span><\/b><\/p>\n<p><span style=\"margin: 0px; color: #444444; font-family: 'Arial','sans-serif'; font-size: 11.5pt;\">\u00a0<\/span><\/p>\n<p><b><span style=\"margin: 0px; color: #444444; font-family: 'Arial','sans-serif'; font-size: 11.5pt;\">Fundaci\u00f3n Canaria Parque Cient\u00edfico Tecnol\u00f3gico de la ULPGC<\/span><\/b><\/p>\n<p><span style=\"margin: 0px; color: #444444; font-family: 'Arial','sans-serif'; font-size: 11.5pt;\">C\/ Practicante Ignacio Rodr\u00edguez s\/n, Edificio Polivalente III, 1\u00aa<\/span><\/p>\n<p><span style=\"margin: 0px; color: #444444; font-family: 'Arial','sans-serif'; font-size: 11.5pt;\">Campus Universitario de Tafira<\/span><\/p>\n<p><span style=\"margin: 0px; color: #444444; font-family: 'Arial','sans-serif'; font-size: 11.5pt;\">\u00a0<\/span><\/p>\n<p><b><span style=\"margin: 0px; color: #ff9900; font-family: 'Arial','sans-serif'; font-size: 13.5pt;\">Informaci\u00f3n e inscripciones<\/span><\/b><\/p>\n<p><span style=\"margin: 0px; color: #444444; font-family: 'Arial','sans-serif'; font-size: 11.5pt;\">\u00a0<\/span><\/p>\n<p><span style=\"margin: 0px; color: #444444; font-family: 'Arial','sans-serif'; font-size: 11.5pt;\">El <b>plazo de presentaci\u00f3n de solicitudes finalizar\u00e1 el 20 de septiembre de 2017<\/b>.<\/span><\/p>\n","protected":false},"excerpt":{"rendered":"<p>CREA TU EMPRESA INNOVADORA \u201cCrea tu empresa innovadora\u201d tiene como objetivo apoyarte en la detecci\u00f3n de oportunidades de negocio y desarrollo de iniciativas empresariales innovadoras que pueden suponer para ti una interesante alternativa al empleo por cuenta ajena. Descripci\u00f3n Mediante una serie de acciones de formaci\u00f3n, mentoring individual, visitas a empresas y acceso a espacios [&hellip;]<\/p>\n","protected":false},"author":4,"featured_media":41876,"comment_status":"closed","ping_status":"closed","sticky":false,"template":"","format":"standard","meta":{"_acf_changed":false,"rs_blank_template":"","rs_page_bg_color":"","slide_template_v7":"","footnotes":""},"categories":[1],"tags":[247],"class_list":["post-6015","post","type-post","status-publish","format-standard","has-post-thumbnail","hentry","category-sin-categoria","tag-innova-programa"],"acf":[],"_links":{"self":[{"href":"https:\/\/femepa.org\/web\/wp-json\/wp\/v2\/posts\/6015","targetHints":{"allow":["GET"]}}],"collection":[{"href":"https:\/\/femepa.org\/web\/wp-json\/wp\/v2\/posts"}],"about":[{"href":"https:\/\/femepa.org\/web\/wp-json\/wp\/v2\/types\/post"}],"author":[{"embeddable":true,"href":"https:\/\/femepa.org\/web\/wp-json\/wp\/v2\/users\/4"}],"replies":[{"embeddable":true,"href":"https:\/\/femepa.org\/web\/wp-json\/wp\/v2\/comments?post=6015"}],"version-history":[{"count":0,"href":"https:\/\/femepa.org\/web\/wp-json\/wp\/v2\/posts\/6015\/revisions"}],"wp:featuredmedia":[{"embeddable":true,"href":"https:\/\/femepa.org\/web\/wp-json\/wp\/v2\/media\/41876"}],"wp:attachment":[{"href":"https:\/\/femepa.org\/web\/wp-json\/wp\/v2\/media?parent=6015"}],"wp:term":[{"taxonomy":"category","embeddable":true,"href":"https:\/\/femepa.org\/web\/wp-json\/wp\/v2\/categories?post=6015"},{"taxonomy":"post_tag","embeddable":true,"href":"https:\/\/femepa.org\/web\/wp-json\/wp\/v2\/tags?post=6015"}],"curies":[{"name":"wp","href":"https:\/\/api.w.org\/{rel}","templated":true}]}}