{"id":6017,"date":"2017-09-17T21:51:43","date_gmt":"2017-09-17T21:51:43","guid":{"rendered":"http:\/\/femepa.org\/web\/?p=5341"},"modified":"2017-09-17T21:51:43","modified_gmt":"2017-09-17T21:51:43","slug":"convocatoria-de-subvenciones-con-cargo-al-programa-de-incentivos-a-la-contratacion-laboral-de-desempleados-con-certificado-de-profesionalidad-certificate-2017","status":"publish","type":"post","link":"https:\/\/femepa.org\/web\/convocatoria-de-subvenciones-con-cargo-al-programa-de-incentivos-a-la-contratacion-laboral-de-desempleados-con-certificado-de-profesionalidad-certificate-2017\/","title":{"rendered":"Convocatoria de subvenciones con cargo al Programa de Incentivos a la Contrataci\u00f3n Laboral de Desempleados con Certificado de Profesionalidad CERTIFICATE 2017"},"content":{"rendered":"<p><span style=\"color: #000000; font-family: Calibri;\">Con el objeto de i<\/span><span style=\"color: #000000; font-family: Calibri;\">ncentivar la contrataci\u00f3n mediante la concesi\u00f3n de una subvenci\u00f3n a favor de aquellas empresas que contraten <\/span><b><span style=\"color: #000000; font-family: Calibri;\">a personas inscritas como desempleadas en el SCE<\/span><\/b><span style=\"color: #000000; font-family: Calibri;\">, poseedoras de <\/span><b><span style=\"color: #000000; font-family: Calibri;\">Certificados de Profesionalidad<\/span><\/b><span style=\"color: #000000; font-family: Calibri;\">, de acuerdo a los requisitos exigidos en la normativa reguladora del programa, se adjunta la\u00a0informaci\u00f3n en el siguiente enlace:\u00a0<\/span><\/p>\n<p><span style=\"color: #000000; font-family: Calibri;\">\u00a0<\/span><\/p>\n<p><a href=\"http:\/\/www3.gobiernodecanarias.org\/empleo\/portal\/web\/sce\/subvenciones\/4406\">http:\/\/www3.gobiernodecanarias.org\/empleo\/portal\/web\/sce\/subvenciones\/4406<\/a><\/p>\n<p><span style=\"color: #000000; font-family: Calibri;\">\u00a0<\/span><\/p>\n","protected":false},"excerpt":{"rendered":"<p>Con el objeto de incentivar la contrataci\u00f3n mediante la concesi\u00f3n de una subvenci\u00f3n a favor de aquellas empresas que contraten a personas inscritas como desempleadas en el SCE, poseedoras de Certificados de Profesionalidad, de acuerdo a los requisitos exigidos en la normativa reguladora del programa, se adjunta la\u00a0informaci\u00f3n en el siguiente enlace:\u00a0 \u00a0 http:\/\/www3.gobiernodecanarias.org\/empleo\/portal\/web\/sce\/subvenciones\/4406 \u00a0<\/p>\n","protected":false},"author":4,"featured_media":5433,"comment_status":"closed","ping_status":"closed","sticky":false,"template":"","format":"standard","meta":{"_acf_changed":false,"rs_blank_template":"","rs_page_bg_color":"","slide_template_v7":"","footnotes":""},"categories":[1],"tags":[250,201,242],"class_list":["post-6017","post","type-post","status-publish","format-standard","has-post-thumbnail","hentry","category-sin-categoria","tag-certificate","tag-contrataciones","tag-jovenes"],"acf":[],"_links":{"self":[{"href":"https:\/\/femepa.org\/web\/wp-json\/wp\/v2\/posts\/6017","targetHints":{"allow":["GET"]}}],"collection":[{"href":"https:\/\/femepa.org\/web\/wp-json\/wp\/v2\/posts"}],"about":[{"href":"https:\/\/femepa.org\/web\/wp-json\/wp\/v2\/types\/post"}],"author":[{"embeddable":true,"href":"https:\/\/femepa.org\/web\/wp-json\/wp\/v2\/users\/4"}],"replies":[{"embeddable":true,"href":"https:\/\/femepa.org\/web\/wp-json\/wp\/v2\/comments?post=6017"}],"version-history":[{"count":0,"href":"https:\/\/femepa.org\/web\/wp-json\/wp\/v2\/posts\/6017\/revisions"}],"wp:featuredmedia":[{"embeddable":true,"href":"https:\/\/femepa.org\/web\/wp-json\/wp\/v2\/media\/5433"}],"wp:attachment":[{"href":"https:\/\/femepa.org\/web\/wp-json\/wp\/v2\/media?parent=6017"}],"wp:term":[{"taxonomy":"category","embeddable":true,"href":"https:\/\/femepa.org\/web\/wp-json\/wp\/v2\/categories?post=6017"},{"taxonomy":"post_tag","embeddable":true,"href":"https:\/\/femepa.org\/web\/wp-json\/wp\/v2\/tags?post=6017"}],"curies":[{"name":"wp","href":"https:\/\/api.w.org\/{rel}","templated":true}]}}