{"id":6021,"date":"2017-09-27T15:41:31","date_gmt":"2017-09-27T15:41:31","guid":{"rendered":"http:\/\/femepa.org\/web\/?p=5409"},"modified":"2017-09-27T15:41:31","modified_gmt":"2017-09-27T15:41:31","slug":"clausura-del-curso-de-mecanicos-de-motos-de-femepa","status":"publish","type":"post","link":"https:\/\/femepa.org\/web\/clausura-del-curso-de-mecanicos-de-motos-de-femepa\/","title":{"rendered":"CLAUSURA DEL CURSO DE MEC\u00c1NICOS DE MOTOS DE FEMEPA"},"content":{"rendered":"<p><span style=\"color: #000000;font-family: Calibri\">El pasado viernes 22 de septiembre de 2017 finaliz\u00f3 el curso de Mec\u00e1nico de Veh\u00edculos de dos y tres ruedas de 735 horas de duraci\u00f3n. Los alumnos que comenzaron su andadura a principios de marzo, han podido recibir una formaci\u00f3n altamente especializada a manos de los docentes Paulino Vega y David C\u00e1ceres. Los alumnos han adquirido las competencias necesarias para atender la reparaci\u00f3n de la motocicleta multimarca en toda su amplitud. Hoy comienzan sus pr\u00e1cticas no laborales en 17 empresas asociadas a Femepa a trav\u00e9s de AEMOTO (Asociaci\u00f3n de Empresarios de la Motocicleta de Las Palmas) durante 218 horas m\u00e1s en la que podr\u00e1n continuar la formaci\u00f3n en los centros de trabajo con los mec\u00e1nicos especialistas, que ser\u00e1n sus tutores durante casi dos meses. En el acto de clausura los alumnos entregaron a sus profesores un bonito presente en agradecimiento a su labor docente. El director de formaci\u00f3n y empleo de femepa, V\u00edctor Rubio y el presidente de AEMOTO, Nacho Delgado, clausuraron el acto felicitando a los alumnos y d\u00e1ndoles la bienvenida a un sector en auge en nuestra provincia. Este curso ha sido subvencionado por el Servicio Canario de Empleo y el Servicio P\u00fablico de Empleo Estatal.<\/span><span style=\"color: #000000;font-family: Calibri\">\u00a0 <\/span><\/p>\n","protected":false},"excerpt":{"rendered":"<p>El pasado viernes 22 de septiembre de 2017 finaliz\u00f3 el curso de Mec\u00e1nico de Veh\u00edculos de dos y tres ruedas de 735 horas de duraci\u00f3n. Los alumnos que comenzaron su andadura a principios de marzo, han podido recibir una formaci\u00f3n altamente especializada a manos de los docentes Paulino Vega y David C\u00e1ceres. Los alumnos han [&hellip;]<\/p>\n","protected":false},"author":4,"featured_media":41878,"comment_status":"closed","ping_status":"closed","sticky":false,"template":"","format":"standard","meta":{"_acf_changed":false,"rs_blank_template":"","rs_page_bg_color":"","slide_template_v7":"","footnotes":""},"categories":[1],"tags":[266,64,267],"class_list":["post-6021","post","type-post","status-publish","format-standard","has-post-thumbnail","hentry","category-sin-categoria","tag-curso-motos","tag-femepa","tag-mecanicos"],"acf":[],"_links":{"self":[{"href":"https:\/\/femepa.org\/web\/wp-json\/wp\/v2\/posts\/6021","targetHints":{"allow":["GET"]}}],"collection":[{"href":"https:\/\/femepa.org\/web\/wp-json\/wp\/v2\/posts"}],"about":[{"href":"https:\/\/femepa.org\/web\/wp-json\/wp\/v2\/types\/post"}],"author":[{"embeddable":true,"href":"https:\/\/femepa.org\/web\/wp-json\/wp\/v2\/users\/4"}],"replies":[{"embeddable":true,"href":"https:\/\/femepa.org\/web\/wp-json\/wp\/v2\/comments?post=6021"}],"version-history":[{"count":0,"href":"https:\/\/femepa.org\/web\/wp-json\/wp\/v2\/posts\/6021\/revisions"}],"wp:featuredmedia":[{"embeddable":true,"href":"https:\/\/femepa.org\/web\/wp-json\/wp\/v2\/media\/41878"}],"wp:attachment":[{"href":"https:\/\/femepa.org\/web\/wp-json\/wp\/v2\/media?parent=6021"}],"wp:term":[{"taxonomy":"category","embeddable":true,"href":"https:\/\/femepa.org\/web\/wp-json\/wp\/v2\/categories?post=6021"},{"taxonomy":"post_tag","embeddable":true,"href":"https:\/\/femepa.org\/web\/wp-json\/wp\/v2\/tags?post=6021"}],"curies":[{"name":"wp","href":"https:\/\/api.w.org\/{rel}","templated":true}]}}