{"id":6022,"date":"2017-09-27T15:47:08","date_gmt":"2017-09-27T15:47:08","guid":{"rendered":"http:\/\/femepa.org\/web\/?p=5412"},"modified":"2017-09-27T15:47:08","modified_gmt":"2017-09-27T15:47:08","slug":"presentacion-candidaturas-al-premio-emprendedor-xxi","status":"publish","type":"post","link":"https:\/\/femepa.org\/web\/presentacion-candidaturas-al-premio-emprendedor-xxi\/","title":{"rendered":"Presentaci\u00f3n candidaturas al PREMIO EMPRENDEDOR XXI"},"content":{"rendered":"<p><span style=\"margin: 0px;font-family: 'Arial','sans-serif'\"><span style=\"color: #000000\">Se ha convocado la pr\u00f3xima celebraci\u00f3n del <\/span><b><span style=\"color: #000000\">PREMIO EMPRENDEDOR XXI, <\/span><\/b><span style=\"color: #000000\">impulsado por \u201cLa Caixa\u201d y co-otorgado por ENISA, en el que colaboran la \u201cAgencia Canaria de Investigaci\u00f3n, Innovaci\u00f3n y Sociedad de la Informaci\u00f3n\u201d, del Gobierno de Canarias, adem\u00e1s de diversas Universidades, C\u00e1maras de Comercio y agentes p\u00fablicos.<\/span><\/span><\/p>\n<p><span style=\"margin: 0px;font-family: 'Arial','sans-serif'\"><span style=\"color: #000000\">\u00a0<\/span><\/span><\/p>\n<p><span style=\"margin: 0px;font-family: 'Arial','sans-serif'\"><span style=\"color: #000000\">El objeto de estos premios es estimular y promover el emprendimiento, la creaci\u00f3n y el acompa\u00f1amiento de empresas innovadoras en Espa\u00f1a. <\/span><\/span><\/p>\n<p><span style=\"margin: 0px;font-family: 'Arial','sans-serif'\"><span style=\"color: #000000\">\u00a0<\/span><\/span><\/p>\n<p><span style=\"margin: 0px;font-family: 'Arial','sans-serif'\"><span style=\"color: #000000\">El premio <\/span><b><span style=\"color: #000000\">Emprendedor XXI<\/span><\/b><span style=\"color: #000000\">,<\/span><b> <\/b><span style=\"color: #000000\">en su XI edici\u00f3n correspondiente a 2017-2018, premiar\u00e1 a:<\/span><\/span><\/p>\n<p><span style=\"margin: 0px;font-family: 'Arial','sans-serif'\"><span style=\"color: #000000\">\u00a0<\/span><\/span><\/p>\n<p><span style=\"color: #000000\">\u00b7<\/span><span style=\"color: #000000;font-family: Times New Roman\">\u00a0\u00a0\u00a0\u00a0\u00a0\u00a0\u00a0\u00a0 <\/span><b><span style=\"margin: 0px;font-family: 'Arial','sans-serif';font-size: 11pt\"><span style=\"color: #000000\">Empresas con mayor potencial de crecimiento <\/span><\/span><\/b><span style=\"margin: 0px;font-family: 'Arial','sans-serif';font-size: 11pt\"><span style=\"color: #000000\">en los sectores de Ciencias de la Vida, Tecnolog\u00edas de la Informaci\u00f3n, Negocios digitales, Tecnolog\u00edas Industriales y Agroalimentario. En este premio, se compite a nivel nacional.<\/span><\/span><\/p>\n<p><span style=\"color: #000000\">\u00b7<\/span><span style=\"color: #000000;font-family: Times New Roman\">\u00a0\u00a0\u00a0\u00a0\u00a0\u00a0\u00a0\u00a0 <\/span><b><span style=\"margin: 0px;font-family: 'Arial','sans-serif';font-size: 11pt\"><span style=\"color: #000000\">Empresas con mayor impacto en su comunidad<\/span><\/span><\/b><span style=\"margin: 0px;font-family: 'Arial','sans-serif';font-size: 11pt\"><span style=\"color: #000000\">. En este premio se compite entre todas las empresas de una Comunidad Aut\u00f3noma independientemente de su sector.<\/span><\/span><\/p>\n<ul type=\"disc\">\n<li style=\"margin: 0px;text-align: justify;color: #000000;font-family: 'Calibri','sans-serif';font-size: 11pt;font-style: normal;font-weight: normal\"><b><span style=\"margin: 0px;font-family: 'Arial','sans-serif'\">Acc\u00e9sit a la innovaci\u00f3n<\/span><\/b><span style=\"margin: 0px;font-family: 'Arial','sans-serif'\">. Premio a la iniciativa nacional m\u00e1s innovadora.<\/span><\/li>\n<\/ul>\n<p><span style=\"margin: 0px;color: #00b050;font-family: 'Arial','sans-serif'\">\u00a0<\/span><\/p>\n<p><span style=\"margin: 0px;font-family: 'Arial','sans-serif'\"><span style=\"color: #000000\">Las candidaturas de empresas pueden presentarse <\/span><b><span style=\"color: #000000\">hasta el 3 de noviembre<\/span><\/b><span style=\"color: #000000\">. La presentaci\u00f3n de candidaturas a los Premios se realizar\u00e1 exclusivamente online\u00a0a trav\u00e9s de la p\u00e1gina web de los Premios Emprendedor XXI: <\/span><a href=\"http:\/\/www.emprendedorxxi.es\/\">http:\/\/www.emprendedorxxi.es<\/a><\/span><\/p>\n<p><span style=\"margin: 0px;font-family: 'Arial','sans-serif'\"><span style=\"color: #000000\">\u00a0<\/span><\/span><\/p>\n<p><span style=\"margin: 0px;font-family: 'Arial','sans-serif'\"><span style=\"color: #000000\">\u00a0<\/span><\/span><\/p>\n","protected":false},"excerpt":{"rendered":"<p>Se ha convocado la pr\u00f3xima celebraci\u00f3n del PREMIO EMPRENDEDOR XXI, impulsado por \u201cLa Caixa\u201d y co-otorgado por ENISA, en el que colaboran la \u201cAgencia Canaria de Investigaci\u00f3n, Innovaci\u00f3n y Sociedad de la Informaci\u00f3n\u201d, del Gobierno de Canarias, adem\u00e1s de diversas Universidades, C\u00e1maras de Comercio y agentes p\u00fablicos. \u00a0 El objeto de estos premios es estimular [&hellip;]<\/p>\n","protected":false},"author":4,"featured_media":5413,"comment_status":"closed","ping_status":"closed","sticky":false,"template":"","format":"standard","meta":{"_acf_changed":false,"rs_blank_template":"","rs_page_bg_color":"","slide_template_v7":"","footnotes":""},"categories":[1],"tags":[268,162,269,167],"class_list":["post-6022","post","type-post","status-publish","format-standard","has-post-thumbnail","hentry","category-sin-categoria","tag-caixa","tag-convocatoria","tag-emprendedores","tag-premios"],"acf":[],"_links":{"self":[{"href":"https:\/\/femepa.org\/web\/wp-json\/wp\/v2\/posts\/6022","targetHints":{"allow":["GET"]}}],"collection":[{"href":"https:\/\/femepa.org\/web\/wp-json\/wp\/v2\/posts"}],"about":[{"href":"https:\/\/femepa.org\/web\/wp-json\/wp\/v2\/types\/post"}],"author":[{"embeddable":true,"href":"https:\/\/femepa.org\/web\/wp-json\/wp\/v2\/users\/4"}],"replies":[{"embeddable":true,"href":"https:\/\/femepa.org\/web\/wp-json\/wp\/v2\/comments?post=6022"}],"version-history":[{"count":0,"href":"https:\/\/femepa.org\/web\/wp-json\/wp\/v2\/posts\/6022\/revisions"}],"wp:featuredmedia":[{"embeddable":true,"href":"https:\/\/femepa.org\/web\/wp-json\/wp\/v2\/media\/5413"}],"wp:attachment":[{"href":"https:\/\/femepa.org\/web\/wp-json\/wp\/v2\/media?parent=6022"}],"wp:term":[{"taxonomy":"category","embeddable":true,"href":"https:\/\/femepa.org\/web\/wp-json\/wp\/v2\/categories?post=6022"},{"taxonomy":"post_tag","embeddable":true,"href":"https:\/\/femepa.org\/web\/wp-json\/wp\/v2\/tags?post=6022"}],"curies":[{"name":"wp","href":"https:\/\/api.w.org\/{rel}","templated":true}]}}